{"id":65852,"date":"2012-04-23T23:40:36","date_gmt":"2012-04-23T23:40:36","guid":{"rendered":"http:\/\/diariodominicano.ddns.net\/?p=65852"},"modified":"2012-04-23T23:40:36","modified_gmt":"2012-04-23T23:40:36","slug":"isfodosu-gradua-515-maestros-en-cuya-formacion-se-invirtieron-mas-de-rd87-0-millones","status":"publish","type":"post","link":"https:\/\/diariodominicano.com\/?p=65852","title":{"rendered":"ISFODOSU grad\u00faa 515 maestros  en cuya formaci\u00f3n se invirtieron m\u00e1s de RD$87.0 millones"},"content":{"rendered":"<p><body><\/p>\n<p><img decoding=\"async\" src=\"http:\/\/localhost:8080\/img3\/graduaci%C3%83%C2%B3n.JPG\" \/>  <\/p>\n<p><span class=\"text1noticias\">Rep.Dom. 23 de Abril 07:40 P.M.-El Instituto Superior de Formaci\u00f3n Docente Salom\u00e9 Ure\u00f1a (ISFODOSU) realiz\u00f3 su VI Investidura Extraordinaria de Grado y Posgrado, en la que se graduaron en niveles de licenciatura, posgrado, maestr\u00eda, certificados de estudios superiores y de habilitaci\u00f3n docente  515 maestros, en cuya formaci\u00f3n el Estado invirti\u00f3 87 millones 974 mil 319 pesos.<\/span><\/p>\n<\/p>\n<p><span class=\"text1noticias\">Los graduandos estudiaron en los recintos de la entidad, adscrita al Ministerio de Educaci\u00f3n (MINERD), de Educaci\u00f3n F\u00edsica, de Santo Domingo, Luis Napole\u00f3n N\u00fa\u00f1ez Molina, de Licey al Medio, Santiago, F\u00e9lix Evaristo Mej\u00eda, del Distrito Nacional, Emilio Prud Homme, Santiago, Juan Vicente Moscoso, de San Pedro de Macor\u00eds y Urania Mont\u00e1s, de San Juan de la Maguana.<\/span><\/p>\n<\/p>\n<p><span class=\"text1noticias\">En el acto, que se realiz\u00f3 en la Casa San Pablo, la viceministra de Educaci\u00f3n, asesora del ISFODOSU, licenciada Gisela Encarnaci\u00f3n Romero, hablando en representaci\u00f3n de la ministra de Educaci\u00f3n, licenciada Josefina Pimentel, dijo que los nuevos profesionales son creadores de conciencia y esperanza, que habr\u00e1n de ejercer con honorabilidad y excelencia su labor magisterial.<\/span><\/p>\n<\/p>\n<p><span class=\"text1noticias\">\u00abEl ISFODOSU vive hoy una etapa luminosa, de su consolidaci\u00f3n como instituci\u00f3n de nivel superior. Actualmente, esta es una entidad que goza de mayor prestigio en el \u00e1mbito pedag\u00f3gico de la Rep\u00fablica Dominicana y a nivel regional\u00bb, indic\u00f3.<\/span><\/p>\n<\/p>\n<p><span class=\"text1noticias\">Consider\u00f3 que los profesionales que se invistieron encarnan en su formaci\u00f3n la pr\u00e1ctica y la filosof\u00eda educativa hostosiana, cr\u00edtica y emancipadora, que otorga a nuestros estudiantes una formaci\u00f3n basada en valores, y que los egresados deber\u00e1n promover al integrarse al trabajo docente.<\/span><\/p>\n<\/p>\n<p><span class=\"text1noticias\">La viceministra de Educaci\u00f3n destac\u00f3 que todos los recintos del ISFODOSU han aumentado significativamente su poblaci\u00f3n estudiantil en grados y posgrados, albergando en la actualidad una matr\u00edcula de 7,219 alumnos, debido al posicionamiento alcanzado por los diferentes recintos en las regiones donde operan.<\/span><\/p>\n<\/p>\n<p><span class=\"text1noticias\">En su discurso, ponder\u00f3 los logros alcanzados por el organismo durante la gesti\u00f3n de la ministra Josefina Pimentel, entre los que destac\u00f3 el incremento presupuestario de ISFODOSU en casi un 500%, lo que ha permitido aumentar la matricula de los recintos, mejorar su infraestructura y ampliar la cobertura de servicios a los estudiantes.<\/span><\/p>\n<\/p>\n<p><span class=\"text1noticias\">De igual manera, la creaci\u00f3n y puesta en funcionamiento de la Escuela de Directores, en la que se est\u00e1n capacitando m\u00e1s de 500 directores de todo el \u00e1mbito nacional, terminaci\u00f3n del edificio de Educaci\u00f3n F\u00edsica, un laboratorio de inform\u00e1tica y una biblioteca, y el proceso de instalaci\u00f3n de un nuevo recinto en Monte Plata, entre otras ejecutorias.<\/span><\/p>\n<\/p>\n<p><span class=\"text1noticias\"> Mientras, la rectora del ISFODOSU, Ana Dolores Guzm\u00e1n de Camacho, destac\u00f3 que en los 12 a\u00f1os de funcionamiento como instituci\u00f3n de educaci\u00f3n superior, el ISFODOSU ha aportado al pa\u00eds m\u00e1s de 21 mil profesionales de la educaci\u00f3n, en los niveles de licenciatura, maestr\u00eda y habilitaci\u00f3n docente.<\/span><\/p>\n<\/p>\n<p><span class=\"text1noticias\">Cit\u00f3 que en el documento n\u00famero 37 del Programa de Promoci\u00f3n de la Reforma Educativa de Am\u00e9rica Latina y el Caribe (PREAL) se afirma que: \u00abMejorar la formaci\u00f3n inicial docente implica mejorar las capacidades a trav\u00e9s de la pr\u00e1ctica, la infraestructura y recursos materiales adecuados\u00bb.<\/span><\/p>\n<\/p>\n<p><span class=\"text1noticias\">En ese sentido, agreg\u00f3 que el gobierno dominicano, a trav\u00e9s del MINERD, ha provisto al ISOFODOSU de los medios suficientes para lograr que estas exigencias sean una realidad, porque \u00abmantenemos un ambiente f\u00edsico adecuado, agradable, y bibliotecas actualizadas\u00bb. <\/span><\/p>\n<\/p>\n<p><span class=\"text1noticias\">Refiri\u00f3 que en este a\u00f1o se han invertido m\u00e1s de dos millones de pesos en renovar bibliotecas, aulas confortables, y que la instituci\u00f3n cuenta con laboratorios de inform\u00e1tica, totalmente equipados y actualizados, con aulas verdaderamente virtuales en dos recintos, as\u00ed como herramientas de comunicaci\u00f3n y educaci\u00f3n virtual que permiten el avance hacia mayores niveles de calidad y competencia.<\/span><\/p>\n<\/p>\n<p><span class=\"text1noticias\">De los 515 graduandos en las licenciaturas de Educaci\u00f3n F\u00edsica, Educaci\u00f3n Inicial, B\u00e1sica, y Habilitaci\u00f3n Docente, 88 obtuvieron notas sobresalientes con las que se graduaron con el grado de Summa Cum Laude, Cum Laude y Magna Cum Laude. <\/span><\/p>\n<\/p>\n<p><span class=\"text1noticias\">Una comisi\u00f3n de la rector\u00eda, una representante de la ministra de Educaci\u00f3n, la rectora del ISFODOSU y los vicerrectores de los recintos entregaron los reconocimientos a los graduandos destacados.<\/span><\/p>\n<\/p>\n<p><span class=\"text1noticias\">En el acto se estren\u00f3 el himno de la instituci\u00f3n escrito por el cantautor Manuel Jim\u00e9nez y hablaron en nombre de los graduandos Claudia Jim\u00e9nez Ota\u00f1o y Luis Alberto Arias.<\/span><\/p>\n<\/p>\n<p><span class=\"text1noticias\">La mesa directiva estuvo integrada, adem\u00e1s, por los vicerrectores ejecutivos Franco Ventura Coronado, del recinto Luis Napole\u00f3n N\u00fa\u00f1ez Molina; Sor Mercedes Carrasco, del Juan Vicente Moscoso; Manuel Antonio Suero, de Educaci\u00f3n F\u00edsica; Sor Basilia Ram\u00edrez, del recinto Emilio Prud Homme, y Jorge Senci\u00f3n, del recinto Urania Mont\u00e1s. Estuvieron presentes los miembros del Consejo Acad\u00e9mico y familiares de los graduandos.(HG)<\/span>. <\/p>\n<h6> 2012-04-23 23:40:36 <\/h6>\n<p><!--\n<link rel=\"stylesheet\" href=\"css\/bootstrap.min.css\">\n\n\n<ul class=\"pagination\">\n\t    \n\t\n\n<li >\n\t<a href='?page_no=17529'>Previous<\/a>\n\t<\/li>\n\n\n       \n    \n\n<li><a href='?page_no=1'>1<\/a><\/li>\n\n\n\n<li><a href='?page_no=2'>2<\/a><\/li>\n\n\n\n<li><a>...<\/a><\/li>\n\n\n\n<li><a href='?page_no=17528'>17528<\/a><\/li>\n\n\n\n<li><a href='?page_no=17529'>17529<\/a><\/li>\n\n\n\n<li class='active'><a>17530<\/a><\/li>\n\n\n\n<li><a href='?page_no=17531'>17531<\/a><\/li>\n\n\n\n<li><a href='?page_no=17532'>17532<\/a><\/li>\n\n\n\n<li><a>...<\/a><\/li>\n\n\n\n<li><a href='?page_no=22911'>22911<\/a><\/li>\n\n\n\n<li><a href='?page_no=22912'>22912<\/a><\/li>\n\n    \n\t\n\n<li >\n\t<a href='?page_no=17531'>Next<\/a>\n\t<\/li>\n\n\n    \n\n<li><a href='?page_no=22912'>Last &rsaquo;&rsaquo;<\/a><\/li>\n\n<\/ul>\n\n\n--><br \/>\n<\/body><\/p>\n","protected":false},"excerpt":{"rendered":"<p>Rep.Dom. 23 de Abril 07:40 P.M.-El Instituto Superior de Formaci\u00f3n Docente Salom\u00e9 Ure\u00f1a (ISFODOSU) realiz\u00f3 su VI Investidura Extraordinaria de Grado y Posgrado, en la que se graduaron en niveles de licenciatura, posgrado, maestr\u00eda, certificados de estudios superiores y de habilitaci\u00f3n docente 515 maestros, en cuya formaci\u00f3n el Estado invirti\u00f3 87 millones 974 mil 319 [&hellip;]<\/p>\n","protected":false},"author":3,"featured_media":0,"comment_status":"open","ping_status":"open","sticky":false,"template":"","format":"standard","meta":{"footnotes":""},"categories":[21],"tags":[],"class_list":["post-65852","post","type-post","status-publish","format-standard","hentry","category-cultura"],"_links":{"self":[{"href":"https:\/\/diariodominicano.com\/index.php?rest_route=\/wp\/v2\/posts\/65852","targetHints":{"allow":["GET"]}}],"collection":[{"href":"https:\/\/diariodominicano.com\/index.php?rest_route=\/wp\/v2\/posts"}],"about":[{"href":"https:\/\/diariodominicano.com\/index.php?rest_route=\/wp\/v2\/types\/post"}],"author":[{"embeddable":true,"href":"https:\/\/diariodominicano.com\/index.php?rest_route=\/wp\/v2\/users\/3"}],"replies":[{"embeddable":true,"href":"https:\/\/diariodominicano.com\/index.php?rest_route=%2Fwp%2Fv2%2Fcomments&post=65852"}],"version-history":[{"count":0,"href":"https:\/\/diariodominicano.com\/index.php?rest_route=\/wp\/v2\/posts\/65852\/revisions"}],"wp:attachment":[{"href":"https:\/\/diariodominicano.com\/index.php?rest_route=%2Fwp%2Fv2%2Fmedia&parent=65852"}],"wp:term":[{"taxonomy":"category","embeddable":true,"href":"https:\/\/diariodominicano.com\/index.php?rest_route=%2Fwp%2Fv2%2Fcategories&post=65852"},{"taxonomy":"post_tag","embeddable":true,"href":"https:\/\/diariodominicano.com\/index.php?rest_route=%2Fwp%2Fv2%2Ftags&post=65852"}],"curies":[{"name":"wp","href":"https:\/\/api.w.org\/{rel}","templated":true}]}}