{"id":65851,"date":"2012-04-24T01:05:13","date_gmt":"2012-04-24T01:05:13","guid":{"rendered":"http:\/\/diariodominicano.ddns.net\/?p=65851"},"modified":"2012-04-24T01:05:13","modified_gmt":"2012-04-24T01:05:13","slug":"comision-anuncia-programa-de-actividades-para-conmemorar-dia-nacional-de-la-etica-ciudadana","status":"publish","type":"post","link":"https:\/\/diariodominicano.com\/?p=65851","title":{"rendered":"Comisi\u00f3n anuncia programa de actividades para conmemorar D\u00eda Nacional de la \u00c9tica Ciudadana"},"content":{"rendered":"<p><body><\/p>\n<p><img decoding=\"async\" src=\"img3\/etica.JPG\" \/>  <\/p>\n<p><span class=\"text1noticias\">Rep.Dom. 23 de Abril 09:09 P.M.-La Comisi\u00f3n Permanente para la celebraci\u00f3n del D\u00eda Nacional de la \u00c9tica Ciudadana anunci\u00f3 el programa de actividades que desarrollar\u00e1 del 23 al 27 de abril, en honor a Ulises Francisco Espaillat, quien tom\u00f3 posesi\u00f3n como presidente de la Rep\u00fablica el 29 de abril de 1876, marcando un precedente hist\u00f3rico, con el ejercicio de un gobierno patri\u00f3tico, honesto, progresista y democr\u00e1tico.<\/span><\/p>\n<\/p>\n<p><span class=\"text1noticias\">La comisi\u00f3n la integran los ministerios de Educaci\u00f3n (MINERD), que la preside, de Cultura, Educaci\u00f3n Superior, Ciencia y Tecnolog\u00eda (MESCyT), la Comisi\u00f3n Nacional de \u00c9tica y Combate a la Corrupci\u00f3n, el Consorcio de Educaci\u00f3n C\u00edvica, la Comisi\u00f3n Permanente de Efem\u00e9rides Patrias (CPEP), la Academia de la Historia y la Coalici\u00f3n por la Transparencia y la Institucionalidad.  Fue creada mediante el decreto 252-05, emitido por el presidente Leonel Fern\u00e1ndez, el 18 de abril de 2005.<\/span><\/p>\n<\/p>\n<p><span class=\"text1noticias\">Con la citada disposici\u00f3n presidencial se institucionaliz\u00f3 el 29 de abril como el D\u00eda Nacional de la \u00c9tica Ciudadana y establece que la comisi\u00f3n elaborar\u00e1 cada a\u00f1o un programa de actividades para recordar la hist\u00f3rica fecha.<\/span><\/p>\n<\/p>\n<p><span class=\"text1noticias\">La jornada fue dada a conocer por la ministra de Educaci\u00f3n, licenciada Josefina Pimentel, en rueda de prensa realizada en el sal\u00f3n Ercilia Pep\u00edn, en la sede central del MINERD, en la que estuvo acompa\u00f1ada de representantes de las instituciones que integran la comisi\u00f3n de celebraci\u00f3n del D\u00eda Nacional de la \u00c9tica Ciudadana.<\/span><\/p>\n<\/p>\n<p><span class=\"text1noticias\">La licenciada Pimentel dijo que las actividades iniciar\u00e1n este martes 24 de abril con un taller sobre R\u00e9gimen \u00c9tico de los Servidores P\u00fablicos, dirigido a integrantes de Comisiones de \u00c9tica del MINERD, en el sal\u00f3n Fuensanta Mu\u00f1oz del Instituto Superior de Formaci\u00f3n Docente (ISFODOSU). Ese mismo d\u00eda, a las 6:00 pm., la historiadora Mu Kien Sang Beng pronunciar\u00e1 la conferencia La Utop\u00eda del Thymos, en el Pabell\u00f3n del Ministerio de Educaci\u00f3n en la Feria del Libro.<\/span><\/p>\n<\/p>\n<p><span class=\"text1noticias\">Mientras, el mi\u00e9rcoles 25, monse\u00f1or Francisco Jos\u00e9 Arnaiz oficiar\u00e1 una eucarist\u00eda en la Catedral Primada de Am\u00e9rica, a las 10:00 am., y a las 5:00 pm., el licenciado H\u00e9ctor Luis Mart\u00ednez dictar\u00e1 la conferencia Ulises Francisco Espaillat en el Marco de la Revoluci\u00f3n Moral, en el auditorio del Museo de Arte Moderno.<\/span><\/p>\n<p><span class=\"text1noticias\">Asimismo, el jueves 26, a las 9:30 am., se har\u00e1n ofrendas simult\u00e1neas en el Pante\u00f3n de la Patria, en la calle Las Damas en la Zona Colonial y en el busto de Espaillat, en Santiago, frente a la Farmacia Espaillat. <\/span><\/p>\n<\/p>\n<p><span class=\"text1noticias\">Mientras, a las 5:00 pm. Juan Daniel Balc\u00e1cer, presidente de la CPEP, dictar\u00e1 la conferencia Ulises Francisco Espaillat: El Presidente m\u00e1rtir, en la Sala de la Cultura del Teatro Nacional.<\/span><\/p>\n<p><span class=\"text1noticias\">El programa de actividades concluye el viernes 27 de abril con la inauguraci\u00f3n del Encuentro Nacional de Educadores C\u00edvicos, en el auditorio de la PUCMM, en Santo Domingo, a las 8:30 am., y el acto de clausura con la presentaci\u00f3n art\u00edstica de la Compa\u00f1\u00eda L\u00edrica Nacional, dirigida por la profesora Ondina Matos, en este mismo escenario.<\/span><\/p>\n<\/p>\n<p><span class=\"text1noticias\">La ministra de Educaci\u00f3n dijo que con el programa de actividades se hace un llamado a todos los dominicanos a reflexionar sobre los valores \u00e9ticos y morales que rigen la sociedad, vinculando su importancia a las acciones m\u00e1s honestas y justas que han de primar en un estado de deberes y derechos.<\/span><\/p>\n<\/p>\n<p><span class=\"text1noticias\">La licenciada Pimentel exhort\u00f3 a las instituciones integrantes de la comisi\u00f3n a que difundan y participen en los eventos referidos, llamado que extendi\u00f3 a estudiantes y docentes de centros educativos p\u00fablicos y privados, como una forma de fortalecer el compromiso de enfilar las vidas en normas \u00e9ticas, de justicia y equidad.<\/span><\/p>\n<\/p>\n<p><span class=\"text1noticias\">Mientras, el doctor Marino Vinicio Castillo, presidente de la Comisi\u00f3n Nacional de \u00c9tica y Combate a la Corrupci\u00f3n (CNECC), expres\u00f3 que anunciar las actividades en honor a Ulises Francisco Espaillat constituye un meta mensaje fuerte a la conciencia p\u00fablica nacional, porque los tiempos que vivimos son tormentosos y dif\u00edciles, y hay muchos signos abundantes de descomposici\u00f3n y de peligros en el mundo, que han llegado a la comunidad dominicana.<\/span><\/p>\n<\/p>\n<p><span class=\"text1noticias\">En la rueda de prensa habl\u00f3 adem\u00e1s Mu Kien San Beng, secretaria del Consejo Consultivo del Consorcio de Educaci\u00f3n C\u00edvica, y estuvieron presentes, acompa\u00f1ando a la ministra de Educaci\u00f3n, V\u00edctor Hugo Del\u00e1ncer, en representaci\u00f3n de la titular de Educaci\u00f3n Superior, Ciencia y Tecnolog\u00eda, Ligia Amada Melo, y Juan Daniel Balc\u00e1cer, presidente de la Comisi\u00f3n Permanente de Efem\u00e9rides Patrias. (HG)<\/span>.<\/p>\n<\/p>\n<h6> 2012-04-24 01:05:13 <\/h6>\n<p><!--\n<link rel=\"stylesheet\" href=\"css\/bootstrap.min.css\">\n\n\n<ul class=\"pagination\">\n\t    \n\t\n\n<li >\n\t<a href='?page_no=17528'>Previous<\/a>\n\t<\/li>\n\n\n       \n    \n\n<li><a href='?page_no=1'>1<\/a><\/li>\n\n\n\n<li><a href='?page_no=2'>2<\/a><\/li>\n\n\n\n<li><a>...<\/a><\/li>\n\n\n\n<li><a href='?page_no=17527'>17527<\/a><\/li>\n\n\n\n<li><a href='?page_no=17528'>17528<\/a><\/li>\n\n\n\n<li class='active'><a>17529<\/a><\/li>\n\n\n\n<li><a href='?page_no=17530'>17530<\/a><\/li>\n\n\n\n<li><a href='?page_no=17531'>17531<\/a><\/li>\n\n\n\n<li><a>...<\/a><\/li>\n\n\n\n<li><a href='?page_no=22911'>22911<\/a><\/li>\n\n\n\n<li><a href='?page_no=22912'>22912<\/a><\/li>\n\n    \n\t\n\n<li >\n\t<a href='?page_no=17530'>Next<\/a>\n\t<\/li>\n\n\n    \n\n<li><a href='?page_no=22912'>Last &rsaquo;&rsaquo;<\/a><\/li>\n\n<\/ul>\n\n\n--><br \/>\n<\/body><\/p>\n","protected":false},"excerpt":{"rendered":"<p>Rep.Dom. 23 de Abril 09:09 P.M.-La Comisi\u00f3n Permanente para la celebraci\u00f3n del D\u00eda Nacional de la \u00c9tica Ciudadana anunci\u00f3 el programa de actividades que desarrollar\u00e1 del 23 al 27 de abril, en honor a Ulises Francisco Espaillat, quien tom\u00f3 posesi\u00f3n como presidente de la Rep\u00fablica el 29 de abril de 1876, marcando un precedente hist\u00f3rico, [&hellip;]<\/p>\n","protected":false},"author":3,"featured_media":0,"comment_status":"open","ping_status":"open","sticky":false,"template":"","format":"standard","meta":{"footnotes":""},"categories":[21],"tags":[],"class_list":["post-65851","post","type-post","status-publish","format-standard","hentry","category-cultura"],"_links":{"self":[{"href":"https:\/\/diariodominicano.com\/index.php?rest_route=\/wp\/v2\/posts\/65851","targetHints":{"allow":["GET"]}}],"collection":[{"href":"https:\/\/diariodominicano.com\/index.php?rest_route=\/wp\/v2\/posts"}],"about":[{"href":"https:\/\/diariodominicano.com\/index.php?rest_route=\/wp\/v2\/types\/post"}],"author":[{"embeddable":true,"href":"https:\/\/diariodominicano.com\/index.php?rest_route=\/wp\/v2\/users\/3"}],"replies":[{"embeddable":true,"href":"https:\/\/diariodominicano.com\/index.php?rest_route=%2Fwp%2Fv2%2Fcomments&post=65851"}],"version-history":[{"count":0,"href":"https:\/\/diariodominicano.com\/index.php?rest_route=\/wp\/v2\/posts\/65851\/revisions"}],"wp:attachment":[{"href":"https:\/\/diariodominicano.com\/index.php?rest_route=%2Fwp%2Fv2%2Fmedia&parent=65851"}],"wp:term":[{"taxonomy":"category","embeddable":true,"href":"https:\/\/diariodominicano.com\/index.php?rest_route=%2Fwp%2Fv2%2Fcategories&post=65851"},{"taxonomy":"post_tag","embeddable":true,"href":"https:\/\/diariodominicano.com\/index.php?rest_route=%2Fwp%2Fv2%2Ftags&post=65851"}],"curies":[{"name":"wp","href":"https:\/\/api.w.org\/{rel}","templated":true}]}}