{"id":65850,"date":"2012-04-24T01:21:34","date_gmt":"2012-04-24T01:21:34","guid":{"rendered":"http:\/\/diariodominicano.ddns.net\/?p=65850"},"modified":"2012-04-24T01:21:34","modified_gmt":"2012-04-24T01:21:34","slug":"sgacedom-deposita-ofrenda-floral-con-motivo-del-dia-internacional-del-libro-y-el-derecho-de-autor","status":"publish","type":"post","link":"https:\/\/diariodominicano.com\/?p=65850","title":{"rendered":"Sgacedom deposita ofrenda floral con motivo del d\u00eda internacional del libro y el derecho de autor"},"content":{"rendered":"<p><body><\/p>\n<p><img decoding=\"async\" src=\"img3\/compositores.JPG\" \/>  <\/p>\n<p><span class=\"text1noticias\">Rep.Dom. 23 de Abril 09:25 P.M.-El Presidente de la Sociedad General de Autores, Compositores y Editores Dominicanos de M\u00fasicaSgacedom, dijo que los autores, compositores, editores, artistas y todos los entes creativos de nuestro pa\u00eds debemos sentirnos comprometidos en procurar la mayor protecci\u00f3n de nuestros derechos.<\/span><\/p>\n<\/p>\n<p><span class=\"text1noticias\">Cabe destacar que en la Rep\u00fablica Dominicana se realizan grandes esfuerzo por proteger la labor creativa de nuestros artistas, respetando los derechos contemplados en  los acuerdos y tratados internacionales, como son: el Convenio de Berna, Convenio de Roma, los acuerdos ADPI, El DR-CAFTA, La Constituci\u00f3n De La Rep\u00fablica y la Ley 65-00 de Derecho de autor y su reglamento de aplicaci\u00f3n, puntualiz\u00f3 de Le\u00f3n.<\/span><\/p>\n<\/p>\n<p><span class=\"text1noticias\">Recientemente el Congreso de La Rep\u00fablica ha aprobado el Proyecto de Ley que declara el d\u00eda 17 de Agosto de cada a\u00f1o como el D\u00eda Nacional de Autor.<\/span><\/p>\n<\/p>\n<p><span class=\"text1noticias\">La Celebraci\u00f3n del D\u00eda Internacional del Derecho de Autor y el Libro, es un llamado de conciencia respecto del valor de las obras art\u00edsticas y literarias y del respecto que los pa\u00edses deben brindar a los creadores, que son aquellos  que ayudan a perpetuar en el tiempo la cultura de los pueblos. Si bien es cierto el valor econ\u00f3mico que producen las obras art\u00edsticas, literarias y cient\u00edficas, para nadie es un secreto las precariedades en que tradicionalmente han vivido nuestros creadores.<\/span><\/p>\n<\/p>\n<p><span class=\"text1noticias\">Sin embargo acciones como estas se\u00f1alan la voluntad pol\u00edtica las Naciones de reconocer, no s\u00f3lo con palabras, sino con hechos, la importancia de la labor creativa de nuestros artistas. De Igual forma esta Celebraci\u00f3n  representa un compromiso social de los que hemos recibido el don de la creatividad para poner nuestro talento al servicio de los mejores intereses de La Naci\u00f3n.<\/span><\/p>\n<\/p>\n<p><span class=\"text1noticias\">Valerio de Le\u00f3n inst\u00f3 que la Sociedad Dominicana a cada d\u00eda hacerse m\u00e1s compromisaria del respeto de los derechos de los autores, para que nuestra naci\u00f3n siga teniendo grandes autores, escritores, compositores, artistas y las industrias culturales se fortalezcan, posicion\u00e1ndonos en el mercado como uno de los pa\u00edses mayores productores de bienes culturales en la regi\u00f3n y el mundo. Que viva el Derecho de Autor, finaliz\u00f3 Valerio de Le\u00f3n. <\/span><\/p>\n<\/p>\n<p><span class=\"text1noticias\">Valerio de Le\u00f3n habl\u00f3 en momentos que esa entidad deposit\u00f3 una ofrenda floral en el Altar de la Patria, con motivo de celebrarse este 23 de Abril,  del D\u00eda Internacional del  Derecho de Autor y el Libro, con el objetivo de llamar la atenci\u00f3n sobre la importancia dada por la UNESCO y otros organismos internacionales al tema del la Propiedad Intelectual. (HG)<\/span>.<\/p>\n<\/p>\n<h6> 2012-04-24 01:21:34 <\/h6>\n<p><!--\n<link rel=\"stylesheet\" href=\"css\/bootstrap.min.css\">\n\n\n<ul class=\"pagination\">\n\t    \n\t\n\n<li >\n\t<a href='?page_no=17527'>Previous<\/a>\n\t<\/li>\n\n\n       \n    \n\n<li><a href='?page_no=1'>1<\/a><\/li>\n\n\n\n<li><a href='?page_no=2'>2<\/a><\/li>\n\n\n\n<li><a>...<\/a><\/li>\n\n\n\n<li><a href='?page_no=17526'>17526<\/a><\/li>\n\n\n\n<li><a href='?page_no=17527'>17527<\/a><\/li>\n\n\n\n<li class='active'><a>17528<\/a><\/li>\n\n\n\n<li><a href='?page_no=17529'>17529<\/a><\/li>\n\n\n\n<li><a href='?page_no=17530'>17530<\/a><\/li>\n\n\n\n<li><a>...<\/a><\/li>\n\n\n\n<li><a href='?page_no=22911'>22911<\/a><\/li>\n\n\n\n<li><a href='?page_no=22912'>22912<\/a><\/li>\n\n    \n\t\n\n<li >\n\t<a href='?page_no=17529'>Next<\/a>\n\t<\/li>\n\n\n    \n\n<li><a href='?page_no=22912'>Last &rsaquo;&rsaquo;<\/a><\/li>\n\n<\/ul>\n\n\n--><br \/>\n<\/body><\/p>\n","protected":false},"excerpt":{"rendered":"<p>Rep.Dom. 23 de Abril 09:25 P.M.-El Presidente de la Sociedad General de Autores, Compositores y Editores Dominicanos de M\u00fasicaSgacedom, dijo que los autores, compositores, editores, artistas y todos los entes creativos de nuestro pa\u00eds debemos sentirnos comprometidos en procurar la mayor protecci\u00f3n de nuestros derechos. Cabe destacar que en la Rep\u00fablica Dominicana se realizan grandes [&hellip;]<\/p>\n","protected":false},"author":3,"featured_media":0,"comment_status":"open","ping_status":"open","sticky":false,"template":"","format":"standard","meta":{"footnotes":""},"categories":[21],"tags":[],"class_list":["post-65850","post","type-post","status-publish","format-standard","hentry","category-cultura"],"_links":{"self":[{"href":"https:\/\/diariodominicano.com\/index.php?rest_route=\/wp\/v2\/posts\/65850","targetHints":{"allow":["GET"]}}],"collection":[{"href":"https:\/\/diariodominicano.com\/index.php?rest_route=\/wp\/v2\/posts"}],"about":[{"href":"https:\/\/diariodominicano.com\/index.php?rest_route=\/wp\/v2\/types\/post"}],"author":[{"embeddable":true,"href":"https:\/\/diariodominicano.com\/index.php?rest_route=\/wp\/v2\/users\/3"}],"replies":[{"embeddable":true,"href":"https:\/\/diariodominicano.com\/index.php?rest_route=%2Fwp%2Fv2%2Fcomments&post=65850"}],"version-history":[{"count":0,"href":"https:\/\/diariodominicano.com\/index.php?rest_route=\/wp\/v2\/posts\/65850\/revisions"}],"wp:attachment":[{"href":"https:\/\/diariodominicano.com\/index.php?rest_route=%2Fwp%2Fv2%2Fmedia&parent=65850"}],"wp:term":[{"taxonomy":"category","embeddable":true,"href":"https:\/\/diariodominicano.com\/index.php?rest_route=%2Fwp%2Fv2%2Fcategories&post=65850"},{"taxonomy":"post_tag","embeddable":true,"href":"https:\/\/diariodominicano.com\/index.php?rest_route=%2Fwp%2Fv2%2Ftags&post=65850"}],"curies":[{"name":"wp","href":"https:\/\/api.w.org\/{rel}","templated":true}]}}