{"id":65849,"date":"2012-04-24T13:30:23","date_gmt":"2012-04-24T13:30:23","guid":{"rendered":"http:\/\/diariodominicano.ddns.net\/?p=65849"},"modified":"2012-04-24T13:30:23","modified_gmt":"2012-04-24T13:30:23","slug":"la-habana-acoge-semana-cultural-de-ecuador","status":"publish","type":"post","link":"https:\/\/diariodominicano.com\/?p=65849","title":{"rendered":"La Habana acoge Semana Cultural de Ecuador"},"content":{"rendered":"<p><body><\/p>\n<p><img decoding=\"async\" src=\"img3\/ecuador.jpg\" \/>  <\/p>\n<p>Quito, 24 abr (PL), 9:17 am.- Una delegaci\u00f3n cultural de Ecuador viajar\u00e1 hoy a La Habana para participar en la Semana Cultural de este pa\u00eds en Cuba, del 25 al 28 de este mes.<\/p>\n<\/p>\n<p>  Los ecuatorianos Juan Secaira, Aleida Quevedo, Juan Carlos Miranda, Siomara Espa\u00f1a, Mar\u00eda Luz Albuja y Javier Ceballos integran el grupo que protagonizar\u00e1 varias jornadas en el Centro Cultural Dulce Mar\u00eda Loynaz, en la capital cubana.<\/p>\n<\/p>\n<p>Ceballos, quien presentar\u00e1 en la isla caribe\u00f1a un mon\u00f3logo en homenaje al extinto general Eloy Alfaro, dijo a Prensa Latina que existen expectativas por el intercambio cultural.<\/p>\n<\/p>\n<p>Algunos nos conocemos por internet y compartimos lecturas, pero este encuentro va a generar un conocimiento vivo y panor\u00e1mico de las generaciones pasadas y contempor\u00e1neas, se\u00f1al\u00f3.<\/p>\n<\/p>\n<p>Este acercamiento pretende fomentar el conocimiento mutuo de los escritores cl\u00e1sicos y contempor\u00e1neos, y con ese prop\u00f3sito se dispusieron como sedes habaneras la Casa de la Poes\u00eda, la Casa del Alba y la Casa Guayasam\u00edn.<\/p>\n<\/p>\n<p>Los autores ecuatorianos ofrecer\u00e1n recitales de poes\u00eda y conferencias sobre la obra de figuras de la literatura del siglo XX de su pa\u00eds, como Humberto Salvador, Pablo Palacio y Jorge Carrera Andrade.<\/p>\n<\/p>\n<p>El programa contempla acciones po\u00e9ticas y teatrales, as\u00ed como la proyecci\u00f3n de varias cintas de la filmograf\u00eda nacional ecuatoriana.<\/p>\n<\/p>\n<p>Desde La Habana se anunci\u00f3 que este contexto ser\u00e1 distribu\u00edda la antolog\u00eda titulada \u00abDe la ligereza o velocidad que tambi\u00e9n es perfume\u00bb, con una muestra de la obra de los ecuatorianos invitados a la Semana Cultural de Ecuador.<\/p>\n<h6> 2012-04-24 13:30:23 <\/h6>\n<p><!--\n<link rel=\"stylesheet\" href=\"css\/bootstrap.min.css\">\n\n\n<ul class=\"pagination\">\n\t    \n\t\n\n<li >\n\t<a href='?page_no=17526'>Previous<\/a>\n\t<\/li>\n\n\n       \n    \n\n<li><a href='?page_no=1'>1<\/a><\/li>\n\n\n\n<li><a href='?page_no=2'>2<\/a><\/li>\n\n\n\n<li><a>...<\/a><\/li>\n\n\n\n<li><a href='?page_no=17525'>17525<\/a><\/li>\n\n\n\n<li><a href='?page_no=17526'>17526<\/a><\/li>\n\n\n\n<li class='active'><a>17527<\/a><\/li>\n\n\n\n<li><a href='?page_no=17528'>17528<\/a><\/li>\n\n\n\n<li><a href='?page_no=17529'>17529<\/a><\/li>\n\n\n\n<li><a>...<\/a><\/li>\n\n\n\n<li><a href='?page_no=22911'>22911<\/a><\/li>\n\n\n\n<li><a href='?page_no=22912'>22912<\/a><\/li>\n\n    \n\t\n\n<li >\n\t<a href='?page_no=17528'>Next<\/a>\n\t<\/li>\n\n\n    \n\n<li><a href='?page_no=22912'>Last &rsaquo;&rsaquo;<\/a><\/li>\n\n<\/ul>\n\n\n--><br \/>\n<\/body><\/p>\n","protected":false},"excerpt":{"rendered":"<p>Quito, 24 abr (PL), 9:17 am.- Una delegaci\u00f3n cultural de Ecuador viajar\u00e1 hoy a La Habana para participar en la Semana Cultural de este pa\u00eds en Cuba, del 25 al 28 de este mes. Los ecuatorianos Juan Secaira, Aleida Quevedo, Juan Carlos Miranda, Siomara Espa\u00f1a, Mar\u00eda Luz Albuja y Javier Ceballos integran el grupo que [&hellip;]<\/p>\n","protected":false},"author":3,"featured_media":0,"comment_status":"open","ping_status":"open","sticky":false,"template":"","format":"standard","meta":{"footnotes":""},"categories":[21],"tags":[],"class_list":["post-65849","post","type-post","status-publish","format-standard","hentry","category-cultura"],"_links":{"self":[{"href":"https:\/\/diariodominicano.com\/index.php?rest_route=\/wp\/v2\/posts\/65849","targetHints":{"allow":["GET"]}}],"collection":[{"href":"https:\/\/diariodominicano.com\/index.php?rest_route=\/wp\/v2\/posts"}],"about":[{"href":"https:\/\/diariodominicano.com\/index.php?rest_route=\/wp\/v2\/types\/post"}],"author":[{"embeddable":true,"href":"https:\/\/diariodominicano.com\/index.php?rest_route=\/wp\/v2\/users\/3"}],"replies":[{"embeddable":true,"href":"https:\/\/diariodominicano.com\/index.php?rest_route=%2Fwp%2Fv2%2Fcomments&post=65849"}],"version-history":[{"count":0,"href":"https:\/\/diariodominicano.com\/index.php?rest_route=\/wp\/v2\/posts\/65849\/revisions"}],"wp:attachment":[{"href":"https:\/\/diariodominicano.com\/index.php?rest_route=%2Fwp%2Fv2%2Fmedia&parent=65849"}],"wp:term":[{"taxonomy":"category","embeddable":true,"href":"https:\/\/diariodominicano.com\/index.php?rest_route=%2Fwp%2Fv2%2Fcategories&post=65849"},{"taxonomy":"post_tag","embeddable":true,"href":"https:\/\/diariodominicano.com\/index.php?rest_route=%2Fwp%2Fv2%2Ftags&post=65849"}],"curies":[{"name":"wp","href":"https:\/\/api.w.org\/{rel}","templated":true}]}}