{"id":658489,"date":"2026-01-04T20:44:09","date_gmt":"2026-01-05T00:44:09","guid":{"rendered":"https:\/\/diariodominicano.com\/?p=658489"},"modified":"2026-01-05T02:16:43","modified_gmt":"2026-01-05T06:16:43","slug":"ante-la-venezuela-agredida","status":"publish","type":"post","link":"https:\/\/diariodominicano.com\/?p=658489","title":{"rendered":"Ante la Venezuela agredida"},"content":{"rendered":"\n<p>Por: Ram\u00f3n Antonio Veras <\/p>\n\n\n\n<p>1.- En el lenguaje relacionado con la pol\u00edtica, la acci\u00f3n llevada a cabo por Estados Unidos contra Venezuela encierra una perfecta agresi\u00f3n.<\/p>\n\n\n\n<p>2.- Lo que las fuerzas armadas norteamericanas ejecutaron la madrugada del 3 de enero en curso en el territorio venezolano fue un ataque con el fin de subordinar econ\u00f3mica y pol\u00edticamente a ese pa\u00eds.<\/p>\n\n\n\n<p>3.- En la operaci\u00f3n de militares estadounidenses en el espacio f\u00edsico venezolano se puso en pr\u00e1ctica el secuestro del presidente de la Rep\u00fablica Bolivariana de Venezuela, Nicol\u00e1s Maduro, y su esposa.<\/p>\n\n\n\n<p>4.- Secuestrar al presidente venezolano mediante la intervenci\u00f3n armada es m\u00e1s que una ofensa, un golpe a la soberan\u00eda nacional.<\/p>\n\n\n\n<p>5.- Lo que ha ocurrido con la agresi\u00f3n, intervenci\u00f3n y secuestro en Venezuela hay que tomarlo como un absoluto desconocimiento de los principios en los cuales se fundamenta el derecho internacional.<\/p>\n\n\n\n<p>6.- La facultad de las naciones a la autodeterminaci\u00f3n, la reivindicaci\u00f3n a su liberaci\u00f3n y la creaci\u00f3n a una organizaci\u00f3n estatal propia, en Venezuela ha quedado sepultada por la voluntad del se\u00f1or Donald Trump.<\/p>\n\n\n\n<p>7.- La intervenci\u00f3n y el secuestro del presidente Maduro y su esposa, han dejado bien claro que lo de atacar el narcotr\u00e1fico no fue otra cosa que una vulgar maniobra politiquera.<\/p>\n\n\n\n<p>8.- El objetivo del operativo militar norteamericano en el Caribe siempre ha sido apoderarse de los recursos naturales de Venezuela.<\/p>\n\n\n\n<p>9.- Los pretextos de Estados Unidos para justificar agresiones siempre han estado presentes en diferentes \u00e9pocas y pa\u00edses.<\/p>\n\n\n\n<p>10.- Ante la realidad de lo que acaba de ocurrir en Venezuela, lo que procede es que las fuerzas democr\u00e1ticas a nivel mundial lo tomen como un desaf\u00edo a sus sanas convicciones.<\/p>\n\n\n\n<p>11.- No es cuesti\u00f3n de caer en lamentaciones y recordar agresiones pasadas realizadas por Estados Unidos en Irak, Chile, Libia, en Panam\u00e1 o en la Guatemala de Jacobo \u00c1rbenz.<\/p>\n\n\n\n<p>12.- Si las mujeres y hombres de honor se quedan quietos ante lo ocurrido en Venezuela, debemos prepararnos porque va a seguir vigente la doctrina Monroe.<\/p>\n\n\n\n<p>13.- Los latinoamericanos y caribe\u00f1os, en solidaridad con los venezolanos, debemos convertirnos en activistas, cuadros militantes por la independencia, soberan\u00eda y autodeterminaci\u00f3n de ese pa\u00eds.<\/p>\n\n\n\n<p>14.- Debemos dar demostraci\u00f3n de que los que creemos en la lucha democr\u00e1tica y de liberaci\u00f3n nacional somos m\u00e1s que la minor\u00eda nacional y extranjera que oprimen.<\/p>\n\n\n\n<p>15.- Que lo que acaba de suceder en Venezuela no sea motivo para amilanarnos, amedrentarnos o de cualquier forma desmoralizarnos.<\/p>\n\n\n\n<p>16.- Ante la sumisi\u00f3n y alianza del gobierno dominicano con la pol\u00edtica exterior de Washington, las dominicanas y los dominicanos, m\u00e1s que cualquier otro caribe\u00f1o, estamos obligados a probar que rechazamos la agresi\u00f3n a Venezuela.<\/p>\n\n\n\n<p>Santiago de los Caballeros,<\/p>\n","protected":false},"excerpt":{"rendered":"<p>Por: Ram\u00f3n Antonio Veras 1.- En el lenguaje relacionado con la pol\u00edtica, la acci\u00f3n llevada a cabo por Estados Unidos contra Venezuela encierra una perfecta agresi\u00f3n. 2.- Lo que las fuerzas armadas norteamericanas ejecutaron la madrugada del 3 de enero en curso en el territorio venezolano fue un ataque con el fin de subordinar econ\u00f3mica [&hellip;]<\/p>\n","protected":false},"author":7,"featured_media":654589,"comment_status":"closed","ping_status":"closed","sticky":false,"template":"","format":"standard","meta":{"footnotes":""},"categories":[16,27],"tags":[426],"class_list":["post-658489","post","type-post","status-publish","format-standard","has-post-thumbnail","hentry","category-opiniones","category-portada","tag-ramon-antonio-veras"],"_links":{"self":[{"href":"https:\/\/diariodominicano.com\/index.php?rest_route=\/wp\/v2\/posts\/658489","targetHints":{"allow":["GET"]}}],"collection":[{"href":"https:\/\/diariodominicano.com\/index.php?rest_route=\/wp\/v2\/posts"}],"about":[{"href":"https:\/\/diariodominicano.com\/index.php?rest_route=\/wp\/v2\/types\/post"}],"author":[{"embeddable":true,"href":"https:\/\/diariodominicano.com\/index.php?rest_route=\/wp\/v2\/users\/7"}],"replies":[{"embeddable":true,"href":"https:\/\/diariodominicano.com\/index.php?rest_route=%2Fwp%2Fv2%2Fcomments&post=658489"}],"version-history":[{"count":2,"href":"https:\/\/diariodominicano.com\/index.php?rest_route=\/wp\/v2\/posts\/658489\/revisions"}],"predecessor-version":[{"id":658521,"href":"https:\/\/diariodominicano.com\/index.php?rest_route=\/wp\/v2\/posts\/658489\/revisions\/658521"}],"wp:featuredmedia":[{"embeddable":true,"href":"https:\/\/diariodominicano.com\/index.php?rest_route=\/wp\/v2\/media\/654589"}],"wp:attachment":[{"href":"https:\/\/diariodominicano.com\/index.php?rest_route=%2Fwp%2Fv2%2Fmedia&parent=658489"}],"wp:term":[{"taxonomy":"category","embeddable":true,"href":"https:\/\/diariodominicano.com\/index.php?rest_route=%2Fwp%2Fv2%2Fcategories&post=658489"},{"taxonomy":"post_tag","embeddable":true,"href":"https:\/\/diariodominicano.com\/index.php?rest_route=%2Fwp%2Fv2%2Ftags&post=658489"}],"curies":[{"name":"wp","href":"https:\/\/api.w.org\/{rel}","templated":true}]}}