{"id":658480,"date":"2026-01-04T17:09:51","date_gmt":"2026-01-04T21:09:51","guid":{"rendered":"https:\/\/diariodominicano.com\/?p=658480"},"modified":"2026-01-04T19:20:50","modified_gmt":"2026-01-04T23:20:50","slug":"sociedad-de-geriatria-advierte-falta-de-infraestructuras-hospitalarias-y-personal-de-salud-para-adultos-mayores","status":"publish","type":"post","link":"https:\/\/diariodominicano.com\/?p=658480","title":{"rendered":"Sociedad de Geriatr\u00eda advierte falta de infraestructuras hospitalarias y personal de salud para adultos mayores"},"content":{"rendered":"\n<p>diariodominicano.com<\/p>\n\n\n\n<p>Santo Domingo, R. D.,  4 de enero, 2025,- El presidente de la Sociedad Dominicana de Geriatr\u00eda llam\u00f3 la atenci\u00f3n sobre la falta de infraestructuras hospitalarias para pacientes de la tercera edad, en un contexto en que la poblaci\u00f3n dominicana va envejeciendo, y de acuerdo a las \u00faltimas estad\u00edsticas, supera el mill\u00f3n 400 mil personas en ese extracto poblacional.<\/p>\n\n\n\n<p>El doctor Jhonatan Abreu lament\u00f3 que la Rep\u00fablica Dominicana no cuente con un hospital geri\u00e1trico, y a lo m\u00e1s que se llega son los que en geriatr\u00eda se llaman \u201chospital de agudo\u201d, que son los centros convencionales donde acuden los pacientes por una condici\u00f3n aguda o seguimiento de enfermedades cr\u00f3nicas, para consultas o internamientos.<\/p>\n\n\n\n<p>Abreu explic\u00f3 que en el pa\u00eds existen tres escuelas de geriatr\u00eda que est\u00e1n ubicadas en el Hospital Jos\u00e9 Mar\u00eda Cabral y B\u00e1ez de Santiago; en la capital est\u00e1n el Vinicio Calventi y el Hospital Militar Ram\u00f3n de Lara, que se agreg\u00f3 el pasado a\u00f1o.<\/p>\n\n\n\n<p>Entrevistado por H\u00e9ctor Herrera Cabral en el programa D\u00b4AGENDA, que cada domingo se difunde por Telesistema canal 11 y TV Quisqueya para los Estados Unidos, el facultativo aclar\u00f3 que no en todos los centros hospitalarios de la red p\u00fablica hay especialistas en geriatr\u00eda.<\/p>\n\n\n\n<p>Reconoci\u00f3 que se observan algunos avances, pero todav\u00eda hay hospitales en Santo Domingo, as\u00ed como en el interior del pa\u00eds, que no cuentan con especialistas en geriatr\u00eda o con un staff de m\u00e9dicos especializados en esa materia. Las enfermeras y las cuidadoras deber\u00edan tener un entrenamiento en cuidados del paciente geri\u00e1trico.<\/p>\n\n\n\n<p>\u201cHospital geri\u00e1trico como tal no tenemos en el pa\u00eds, tenemos centros hospitalarios convencionales que en geriatr\u00eda se llaman hospital de agudo, donde el paciente, por una condici\u00f3n aguda o seguimiento de enfermedades cr\u00f3nicas, entre ellas, consultas e internamientos, acude a esos centros hospitalarios. Tenemos tres escuelas de esa especialidad que est\u00e1n en Santiago y la capital, pero es importante aclarar que no en todos los hospitales de la Red P\u00fablica hay especialistas en la materia\u201d, insisti\u00f3 el galeno.<\/p>\n\n\n\n<p>Abreu dijo que la sociedad que preside tiene a disposici\u00f3n de la poblaci\u00f3n m\u00e1s de 120 m\u00e9dicos que est\u00e1n distribuidos en gran parte de la geograf\u00eda nacional, y cualquier persona que sea adulto mayor, o que tenga alg\u00fan familiar envejeciente que necesite un m\u00e9dico de cabecera, que obligatoriamente debe ser un geriatra, se puede poner en contacto con esa entidad.<\/p>\n\n\n\n<p>\u201cLa pir\u00e1mide poblacional se est\u00e1 invirtiendo, la geriatr\u00eda es la especialidad del futuro, 11.4% de la poblaci\u00f3n dominicana es adulto mayor y para el 2050 se espera que esa cifra suba al 24%; actualmente el pa\u00eds tiene un mill\u00f3n 400 mil envejecientes, que es mucho, y cada d\u00eda m\u00e1s vamos envejeciendo porque hay un envejecimiento acelerado y baja natalidad\u201d, detall\u00f3 el doctor Abreu.<\/p>\n\n\n\n<p>Dijo que hay que trabajar para que se cumplan las pol\u00edticas p\u00fablicas y se vayan fortaleciendo las estructuras para que el adulto mayor pueda tener mejor seguimiento de su salud, m\u00e1s especialistas enfocados en esa \u00e1rea y que en un futuro se pueda tener un hospital geri\u00e1trico.<\/p>\n\n\n\n<p>\u201cO que los hospitales que tenemos podamos contar con unidades de geriatr\u00eda con un personal entrenado en esa especialidad m\u00e9dica\u201d, insisti\u00f3.<\/p>\n\n\n\n<p><strong><em>Doctor Jhonatan Abreu alerta lo letal que pueden ser las ca\u00eddas para las personas envejecientes<\/em><\/strong><\/p>\n\n\n\n<p>Jhonatan Abreu, quien preside la Sociedad Dominicana de Geriatr\u00eda, alert\u00f3 sobre lo letal que pueden ser las ca\u00eddas para las personas de la tercera edad, por lo que inst\u00f3 a envejecientes y sus familiares a tomar todas las precauciones de lugar para evitar ese tipo de accidentes.<\/p>\n\n\n\n<p>\u201cUno de los grandes s\u00edndromes geri\u00e1tricos son las ca\u00eddas, y hay que evaluarlas de una forma amplia porque hay muchas causas de ca\u00eddas; una de ellas son las barreras arquitect\u00f3nicas que est\u00e1n en el hogar, como es el caso de una alfombra mal puesta, un muro que hay para entrar a la ba\u00f1era o poca iluminaci\u00f3n en la casa, entre otros\u201d, explic\u00f3 el doctor Abreu al ser entrevistado en el programa D\u00b4AGENDA.<\/p>\n\n\n\n<p>El galeno dijo que, aparte de eso, hay que evaluar el componente de los medicamentos que consume el envejeciente, principalmente aquellos que causan sedaci\u00f3n, que colocan al paciente en una condici\u00f3n hipoactiva, entre los cuales est\u00e1n las medicinas hipn\u00f3ticas, las que se usan para dormir y los antipsic\u00f3ticos; que se eval\u00faan en las consultas de geriatr\u00eda.<\/p>\n\n\n\n<p>\u201cY si el paciente tiene alto riesgo de caerse, es importante que se le retiren o le disminuyan las dosis, porque cuando a un adulto mayor hay que hospitalizarlo por una ca\u00edda, el encamamiento tiene consecuencias devastadoras para ese envejeciente\u201d, advirti\u00f3.<\/p>\n\n\n\n<p>Agreg\u00f3 que desde la primera semana que est\u00e1 encamado, el paciente comienza a perder masa y fuerza muscular; pueden aparecer las \u00falceras por presi\u00f3n que luego se infectan y eso puede llevar a la muerte de esa persona.<\/p>\n\n\n\n<p>Aclar\u00f3 que todo eso puede suceder sin que el efecto de la ca\u00edda ocasione la muerte por los golpes recibidos, sino que las consecuencias pueden producir un deterioro de la salud en cascada.<\/p>\n\n\n\n<p>\u201cLa ca\u00edda es parte n\u00famero uno y luego se genera una cascada de acontecimientos que llevan al adulto mayor a perder la vida\u201d, remach\u00f3 el presidente de la Sociedad Dominicana de Geriatr\u00eda.<\/p>\n\n\n\n<p><strong><em>Explica pacientes de la tercera edad deben ser evaluados en la parte cl\u00ednica, funcional y mental<\/em><\/strong><\/p>\n\n\n\n<p>El presidente de la Sociedad Dominicana de Geriatr\u00eda, doctor Jhonatan Abreu, recomend\u00f3 que los pacientes de la tercera edad deben ser evaluados en la parte cl\u00ednica, as\u00ed como tambi\u00e9n en lo funcional y mental.<\/p>\n\n\n\n<p>\u201cEl geriatra maneja la parte cl\u00ednica, la parte funcional, porque la salud de un adulto mayor se mide en base a funci\u00f3n; tambi\u00e9n se eval\u00faa la parte mental de todas esas enfermedades neurodegenerativas que son comunes en la vejez\u201d, indic\u00f3 Abreu al ser entrevistado en D\u00b4AGENDA.<\/p>\n\n\n\n<p>Abreu cit\u00f3 entre las enfermedades neurodegenerativas el alzh\u00e9imer, Parkinson, la demencia vascular, depresi\u00f3n, la ansiedad, que son m\u00e1s frecuentes en el adulto mayor que en el adulto joven.<\/p>\n\n\n\n<p>\u201cTambi\u00e9n se estudia el componente social del adulto mayor porque nosotros tenemos que saber dentro de la evaluaci\u00f3n si ese paciente vive solo o no, si es dependiente econ\u00f3micamente de otra persona, si est\u00e1 pensionado, si es viudo; todo eso es parte de la evaluaci\u00f3n de la consulta que hace un geriatra\u201d, detall\u00f3 el facultativo. &nbsp;&nbsp;<\/p>\n\n\n\n<p>Insisti\u00f3 en que el geriatra no solo examina la parte cl\u00ednica del envejeciente, sino que ausculta la parte funcional, la situaci\u00f3n mental y la parte social. Un componente para destacar es que cuando se hace una evaluaci\u00f3n cl\u00ednica, se eval\u00faa la parte nutricional, que es de capital importancia en el adulto mayor.<\/p>\n\n\n\n<p>Record\u00f3 que en un adulto mayor no se quema la misma calor\u00eda que en el adulto joven, ya que este \u00faltimo tiene muchos movimientos en el d\u00eda a d\u00eda y hace ejercicios, contrario al sedentarismo que exhibe la persona envejeciente.<\/p>\n\n\n\n<p>La persona de la tercera edad debe ingerir porciones m\u00e1s peque\u00f1as de alimentos, pero debe alimentarse con m\u00e1s frecuencia. Es decir, en vez de comer tres veces al d\u00eda, que sea cinco veces; es decir, adem\u00e1s del desayuno, almuerzo y cena, debe merendar entre el desayuno y el almuerzo y antes de cenar.<\/p>\n\n\n\n<figure class=\"wp-block-table\"><table class=\"has-fixed-layout\"><tbody><tr><td class=\"has-text-align-left\" data-align=\"left\"><strong>H\u00e9ctor Herrera Cabral<\/strong><\/td><\/tr><\/tbody><\/table><\/figure>\n","protected":false},"excerpt":{"rendered":"<p>diariodominicano.com Santo Domingo, R. D., 4 de enero, 2025,- El presidente de la Sociedad Dominicana de Geriatr\u00eda llam\u00f3 la atenci\u00f3n sobre la falta de infraestructuras hospitalarias para pacientes de la tercera edad, en un contexto en que la poblaci\u00f3n dominicana va envejeciendo, y de acuerdo a las \u00faltimas estad\u00edsticas, supera el mill\u00f3n 400 mil personas [&hellip;]<\/p>\n","protected":false},"author":5,"featured_media":658481,"comment_status":"closed","ping_status":"closed","sticky":false,"template":"","format":"standard","meta":{"footnotes":""},"categories":[20,27],"tags":[3928],"class_list":["post-658480","post","type-post","status-publish","format-standard","has-post-thumbnail","hentry","category-dominicana-hoy","category-portada","tag-sociedad-dominicana-de-geriatria"],"_links":{"self":[{"href":"https:\/\/diariodominicano.com\/index.php?rest_route=\/wp\/v2\/posts\/658480","targetHints":{"allow":["GET"]}}],"collection":[{"href":"https:\/\/diariodominicano.com\/index.php?rest_route=\/wp\/v2\/posts"}],"about":[{"href":"https:\/\/diariodominicano.com\/index.php?rest_route=\/wp\/v2\/types\/post"}],"author":[{"embeddable":true,"href":"https:\/\/diariodominicano.com\/index.php?rest_route=\/wp\/v2\/users\/5"}],"replies":[{"embeddable":true,"href":"https:\/\/diariodominicano.com\/index.php?rest_route=%2Fwp%2Fv2%2Fcomments&post=658480"}],"version-history":[{"count":1,"href":"https:\/\/diariodominicano.com\/index.php?rest_route=\/wp\/v2\/posts\/658480\/revisions"}],"predecessor-version":[{"id":658482,"href":"https:\/\/diariodominicano.com\/index.php?rest_route=\/wp\/v2\/posts\/658480\/revisions\/658482"}],"wp:featuredmedia":[{"embeddable":true,"href":"https:\/\/diariodominicano.com\/index.php?rest_route=\/wp\/v2\/media\/658481"}],"wp:attachment":[{"href":"https:\/\/diariodominicano.com\/index.php?rest_route=%2Fwp%2Fv2%2Fmedia&parent=658480"}],"wp:term":[{"taxonomy":"category","embeddable":true,"href":"https:\/\/diariodominicano.com\/index.php?rest_route=%2Fwp%2Fv2%2Fcategories&post=658480"},{"taxonomy":"post_tag","embeddable":true,"href":"https:\/\/diariodominicano.com\/index.php?rest_route=%2Fwp%2Fv2%2Ftags&post=658480"}],"curies":[{"name":"wp","href":"https:\/\/api.w.org\/{rel}","templated":true}]}}