{"id":65848,"date":"2012-04-24T20:01:09","date_gmt":"2012-04-24T20:01:09","guid":{"rendered":"http:\/\/diariodominicano.ddns.net\/?p=65848"},"modified":"2012-04-24T20:01:09","modified_gmt":"2012-04-24T20:01:09","slug":"recuerdan-gesta-del-24-abril-de-1965","status":"publish","type":"post","link":"https:\/\/diariodominicano.com\/?p=65848","title":{"rendered":"Recuerdan Gesta del 24 Abril de 1965"},"content":{"rendered":"<p><body><\/p>\n<p><img decoding=\"async\" src=\"img3\/constitucionalistas.JPG\" \/>  <\/p>\n<p><span class=\"text1noticias\">Santo Domingo, RD, 24 de Abril 04:05 P.M.- Funcionarios del Gobierno, Familiares, ex militares constitucionalistas, combatientes civiles, autoridades de la Universidad Aut\u00f3noma de Santo Domingo (UASD) y gente com\u00fan, recordaron este martes 24 de abril con misas, ofrendas florales, desfiles,  y discursos.<\/span><\/p>\n<\/p>\n<p><span class=\"text1noticias\">Este 24 de Abril hace 47 a\u00f1os  el pueblo dominicano se tir\u00f3 a las calles a defender la Constituci\u00f3n, sus derechos y su libertad.<\/span><\/p>\n<\/p>\n<p><span class=\"text1noticias\">El Altar de la Patria fue escenario otra vez de recordaci\u00f3n de la Gesta,  donde constitucionalistas, funcionarios del gobierno y autoridades de la UASD depositaron ofrendas florales.<\/span><\/p>\n<\/p>\n<p><span class=\"text1noticias\">En este lugar Andr\u00e9s Fortunato, presidente de la Fundaci\u00f3n que los agrupa, dijo: \u00abesta guerra de Abril demuestra que de la Rep\u00fablica Dominicana han salido hombres y mujeres con las agallas patri\u00f3ticas necesarias para hacer valer las esperanzas por siempre del pueblo dominicano\u00bb.<\/span><\/p>\n<\/p>\n<p><span class=\"text1noticias\">\u00abPara defender su Constituci\u00f3n de 1963, para defender el derecho del pueblo a elegir y ser elegido, para que la democracia sea una realidad en la Rep\u00fablica Dominicana, para eso fue la Revoluci\u00f3n de Abril de 1965\u00bb, destac\u00f3 Fortunato ante la presencia de la viuda del presidente Constitucionalista Francisco Alberto Caama\u00f1o De\u00f1\u00f3, Mar\u00eda Paula Acevedo (Chichita),  acompa\u00f1ada de sus hijos.<\/span><\/p>\n<\/p>\n<p><span class=\"text1noticias\">El presidente de la Fundaci\u00f3n de Militares Constitucionalistas prosigui\u00f3: \u00abHoy recordamos y veneramos a hombres y mujeres que salieron fusil en manos a defender la institucionalidad de la patria, hoy recordamos al coronel Rafael Tom\u00e1s Fern\u00e1ndez Dom\u00ednguez, a Francisco Alberto Caama\u00f1o De\u00f1\u00f3, Monte Arache, Yolanda Guzm\u00e1n, y a todos los que ofrendaron su sangre por la libertad.\u00bb<\/span><\/p>\n<p><span class=\"text1noticias\"> <\/span><\/p>\n<p><span class=\"text1noticias\">Tras estas palabras, todos los presentes en el monumento patrio, se unieron en una sola voz para cantar el himno que los impuls\u00f3 hace 47 a\u00f1os a defender sus sue\u00f1os de libertad.<\/span><\/p>\n<\/p>\n<p><span class=\"text1noticias\">En la iglesia Nuestra Se\u00f1ora del Carmen, monse\u00f1or Rafael Bello Peguero ofici\u00f3 una eucarist\u00eda en recordaci\u00f3n de la Gesta y de los combatientes ca\u00eddos en la misma, en especial el coronel Rafael Tom\u00e1s Fern\u00e1ndez Dom\u00ednguez, creador y l\u00edder del Movimiento Constitucionalista.<\/span><\/p>\n<\/p>\n<p><span class=\"text1noticias\">El presidente de la Comisi\u00f3n Permanente de Efem\u00e9rides Patrias, Juan Daniel Balc\u00e1cer dijo que estas luchas que recoge la historia nacional y que identifica como la Gesta del 24 de Abril de 1965, es comparada \u00fanicamente con la guerra de Independencia y la Restauraci\u00f3n de la Rep\u00fablica.<\/span><\/p>\n<\/p>\n<p><span class=\"text1noticias\">Balc\u00e1cer se\u00f1ala que la recordaci\u00f3n de este martes cumple con un deber patri\u00f3tico, en el sentido de mantener en el recuerdo ese movimiento popular y democr\u00e1tico que se lanz\u00f3 a las calles armas en manos a restaurar el gobierno constitucional del profesor Juan Bosch que hab\u00eda sido derrocado mediante un golpe de Estado en 1963.<\/span><\/p>\n<\/p>\n<p><span class=\"text1noticias\">Junto a Balc\u00e1cer y los familiares del Coronel de Abril, Francisco Alberto Caama\u00f1o y de Fern\u00e1ndez Dom\u00ednguez, los actos fueron encabezados, adem\u00e1s, por el viceministro de Educaci\u00f3n, Lu\u00eds de Le\u00f3n, y el presidente del Instituto Duartiano, Jos\u00e9 Joaqu\u00edn P\u00e9rez Savi\u00f1\u00f3n<\/span>.<span class=\"text1noticias\">(HG).<\/span><\/p>\n<\/p>\n<h6> 2012-04-24 20:01:09 <\/h6>\n<p><!--\n<link rel=\"stylesheet\" href=\"css\/bootstrap.min.css\">\n\n\n<ul class=\"pagination\">\n\t    \n\t\n\n<li >\n\t<a href='?page_no=17525'>Previous<\/a>\n\t<\/li>\n\n\n       \n    \n\n<li><a href='?page_no=1'>1<\/a><\/li>\n\n\n\n<li><a href='?page_no=2'>2<\/a><\/li>\n\n\n\n<li><a>...<\/a><\/li>\n\n\n\n<li><a href='?page_no=17524'>17524<\/a><\/li>\n\n\n\n<li><a href='?page_no=17525'>17525<\/a><\/li>\n\n\n\n<li class='active'><a>17526<\/a><\/li>\n\n\n\n<li><a href='?page_no=17527'>17527<\/a><\/li>\n\n\n\n<li><a href='?page_no=17528'>17528<\/a><\/li>\n\n\n\n<li><a>...<\/a><\/li>\n\n\n\n<li><a href='?page_no=22911'>22911<\/a><\/li>\n\n\n\n<li><a href='?page_no=22912'>22912<\/a><\/li>\n\n    \n\t\n\n<li >\n\t<a href='?page_no=17527'>Next<\/a>\n\t<\/li>\n\n\n    \n\n<li><a href='?page_no=22912'>Last &rsaquo;&rsaquo;<\/a><\/li>\n\n<\/ul>\n\n\n--><br \/>\n<\/body><\/p>\n","protected":false},"excerpt":{"rendered":"<p>Santo Domingo, RD, 24 de Abril 04:05 P.M.- Funcionarios del Gobierno, Familiares, ex militares constitucionalistas, combatientes civiles, autoridades de la Universidad Aut\u00f3noma de Santo Domingo (UASD) y gente com\u00fan, recordaron este martes 24 de abril con misas, ofrendas florales, desfiles, y discursos. Este 24 de Abril hace 47 a\u00f1os el pueblo dominicano se tir\u00f3 a [&hellip;]<\/p>\n","protected":false},"author":3,"featured_media":0,"comment_status":"open","ping_status":"open","sticky":false,"template":"","format":"standard","meta":{"footnotes":""},"categories":[21],"tags":[],"class_list":["post-65848","post","type-post","status-publish","format-standard","hentry","category-cultura"],"_links":{"self":[{"href":"https:\/\/diariodominicano.com\/index.php?rest_route=\/wp\/v2\/posts\/65848","targetHints":{"allow":["GET"]}}],"collection":[{"href":"https:\/\/diariodominicano.com\/index.php?rest_route=\/wp\/v2\/posts"}],"about":[{"href":"https:\/\/diariodominicano.com\/index.php?rest_route=\/wp\/v2\/types\/post"}],"author":[{"embeddable":true,"href":"https:\/\/diariodominicano.com\/index.php?rest_route=\/wp\/v2\/users\/3"}],"replies":[{"embeddable":true,"href":"https:\/\/diariodominicano.com\/index.php?rest_route=%2Fwp%2Fv2%2Fcomments&post=65848"}],"version-history":[{"count":0,"href":"https:\/\/diariodominicano.com\/index.php?rest_route=\/wp\/v2\/posts\/65848\/revisions"}],"wp:attachment":[{"href":"https:\/\/diariodominicano.com\/index.php?rest_route=%2Fwp%2Fv2%2Fmedia&parent=65848"}],"wp:term":[{"taxonomy":"category","embeddable":true,"href":"https:\/\/diariodominicano.com\/index.php?rest_route=%2Fwp%2Fv2%2Fcategories&post=65848"},{"taxonomy":"post_tag","embeddable":true,"href":"https:\/\/diariodominicano.com\/index.php?rest_route=%2Fwp%2Fv2%2Ftags&post=65848"}],"curies":[{"name":"wp","href":"https:\/\/api.w.org\/{rel}","templated":true}]}}