{"id":658474,"date":"2026-01-04T17:02:51","date_gmt":"2026-01-04T21:02:51","guid":{"rendered":"https:\/\/diariodominicano.com\/?p=658474"},"modified":"2026-01-04T19:20:23","modified_gmt":"2026-01-04T23:20:23","slug":"tormentas-invernales-afectan-a-decenas-de-miles-de-familias-en-siria","status":"publish","type":"post","link":"https:\/\/diariodominicano.com\/?p=658474","title":{"rendered":"Tormentas invernales afectan a decenas de miles de familias en Siria"},"content":{"rendered":"\n<p>diariodominicano.com<\/p>\n\n\n\n<p>Damasco, 4 ene (Prensa Latina) M\u00e1s de 180 mil familias sirias resultaron afectadas por las fuertes tormentas de nieve y lluvia que azotaron varias gobernaciones del pa\u00eds en los \u00faltimos d\u00edas, informaron hoy las autoridades.<\/p>\n\n\n\n<p>Seg\u00fan los informes oficiales, las regiones m\u00e1s impactadas incluyen a las provincias septentrional de Idlib con 120 mil familias afectadas, Alepo con 61 mil y 500 en Hama. En respuesta a la emergencia, la ministra de Asuntos Sociales y Trabajo, Hind Qabawat, se reuni\u00f3 hoy en Damasco con representantes de organizaciones ben\u00e9ficas y no gubernamentales para coordinar la respuesta urgente ante la crisis.<\/p>\n\n\n\n<p>Durante el encuentro, se abordaron las necesidades inmediatas de los campamentos del norte de Siria, entre las que destacan la distribuci\u00f3n de agua potable, alimentos, calefacci\u00f3n, y apoyo a viudas y hu\u00e9rfanos.<\/p>\n\n\n\n<p>Tambi\u00e9n se acord\u00f3 el env\u00edo de un convoy de ayuda en los pr\u00f3ximos d\u00edas, que incluir\u00e1 material de calefacci\u00f3n, ropa de invierno y recursos para el mantenimiento de los sistemas de saneamiento.<\/p>\n\n\n\n<p>La ministra subray\u00f3 la importancia de la colaboraci\u00f3n entre el gobierno y las organizaciones de la sociedad civil para ofrecer una respuesta eficiente y oportuna a las familias m\u00e1s vulnerables.<\/p>\n\n\n\n<p>Una baja presi\u00f3n polar con intensas lluvias, nevadas y vientos fuertes, agrav\u00f3 a\u00fan m\u00e1s las condiciones de vida en los campamentos del norte de Siria.<\/p>\n\n\n\n<p>Las inundaciones y la acumulaci\u00f3n de nieve han causado da\u00f1os considerables en los refugios temporales de los desplazados, dejando a miles de personas a\u00fan m\u00e1s vulnerables.<\/p>\n\n\n\n<p>oda\/fm<\/p>\n","protected":false},"excerpt":{"rendered":"<p>diariodominicano.com Damasco, 4 ene (Prensa Latina) M\u00e1s de 180 mil familias sirias resultaron afectadas por las fuertes tormentas de nieve y lluvia que azotaron varias gobernaciones del pa\u00eds en los \u00faltimos d\u00edas, informaron hoy las autoridades. Seg\u00fan los informes oficiales, las regiones m\u00e1s impactadas incluyen a las provincias septentrional de Idlib con 120 mil familias [&hellip;]<\/p>\n","protected":false},"author":5,"featured_media":658478,"comment_status":"closed","ping_status":"closed","sticky":false,"template":"","format":"standard","meta":{"footnotes":""},"categories":[23,27],"tags":[3859],"class_list":["post-658474","post","type-post","status-publish","format-standard","has-post-thumbnail","hentry","category-internacional","category-portada","tag-siria"],"_links":{"self":[{"href":"https:\/\/diariodominicano.com\/index.php?rest_route=\/wp\/v2\/posts\/658474","targetHints":{"allow":["GET"]}}],"collection":[{"href":"https:\/\/diariodominicano.com\/index.php?rest_route=\/wp\/v2\/posts"}],"about":[{"href":"https:\/\/diariodominicano.com\/index.php?rest_route=\/wp\/v2\/types\/post"}],"author":[{"embeddable":true,"href":"https:\/\/diariodominicano.com\/index.php?rest_route=\/wp\/v2\/users\/5"}],"replies":[{"embeddable":true,"href":"https:\/\/diariodominicano.com\/index.php?rest_route=%2Fwp%2Fv2%2Fcomments&post=658474"}],"version-history":[{"count":1,"href":"https:\/\/diariodominicano.com\/index.php?rest_route=\/wp\/v2\/posts\/658474\/revisions"}],"predecessor-version":[{"id":658479,"href":"https:\/\/diariodominicano.com\/index.php?rest_route=\/wp\/v2\/posts\/658474\/revisions\/658479"}],"wp:featuredmedia":[{"embeddable":true,"href":"https:\/\/diariodominicano.com\/index.php?rest_route=\/wp\/v2\/media\/658478"}],"wp:attachment":[{"href":"https:\/\/diariodominicano.com\/index.php?rest_route=%2Fwp%2Fv2%2Fmedia&parent=658474"}],"wp:term":[{"taxonomy":"category","embeddable":true,"href":"https:\/\/diariodominicano.com\/index.php?rest_route=%2Fwp%2Fv2%2Fcategories&post=658474"},{"taxonomy":"post_tag","embeddable":true,"href":"https:\/\/diariodominicano.com\/index.php?rest_route=%2Fwp%2Fv2%2Ftags&post=658474"}],"curies":[{"name":"wp","href":"https:\/\/api.w.org\/{rel}","templated":true}]}}