{"id":65846,"date":"2012-04-24T20:10:29","date_gmt":"2012-04-24T20:10:29","guid":{"rendered":"http:\/\/diariodominicano.ddns.net\/?p=65846"},"modified":"2012-04-24T20:10:29","modified_gmt":"2012-04-24T20:10:29","slug":"mandatario-resalta-valor-y-entrega-de-los-militares-constitucionalistas","status":"publish","type":"post","link":"https:\/\/diariodominicano.com\/?p=65846","title":{"rendered":"Mandatario resalta valor y entrega de los militares constitucionalistas"},"content":{"rendered":"<p><body><\/p>\n<p><img decoding=\"async\" src=\"img3\/heroes.JPG\" \/><br \/><img decoding=\"async\" src=\"img3\/pdtehabla.JPG\" \/><br \/><img decoding=\"async\" src=\"img3\/placa.JPG\" \/>  <\/p>\n<p><span class=\"text1noticias\">Rep.Dom. 24 de Abril 04:12 P.M.-El presidente Leonel Fern\u00e1ndez asegur\u00f3 este martes que vali\u00f3 la pena el sacrificio de los constitucionalistas de Abril del 65, al proclamar que en el pa\u00eds hay democracia y libertad, adem\u00e1s de que ha registrado un gran avance institucional.<\/span><\/p>\n<\/p>\n<p><span class=\"text1noticias\">El mandatario hizo la afirmaci\u00f3n durante un acto en el que la Fundaci\u00f3n de Militares Constitucionalistas de Abril del 65, lo reconoci\u00f3 por los aportes que ha hecho a sus miembros, especialmente en el \u00e1rea de la salud, reintegr\u00e1ndolos a sus filas y ascendi\u00e9ndolos y otorg\u00e1ndoles pensiones de Estado.<\/span><\/p>\n<\/p>\n<p><span class=\"text1noticias\">El presidente Fern\u00e1ndez dijo que a pesar de los vaivenes, de las vicisitudes, de las dificultades, de los zigzagueos que hemos tenido en los \u00faltimos 47 a\u00f1os, \u00abhoy en la Rep\u00fablica Dominicana hay un estado democr\u00e1tico de derecho, hoy en la Rep\u00fablica Dominicana hay libertad, hoy en la Rep\u00fablica Dominicana no hay un preso pol\u00edtico, no hay un exiliado, no hay un solo torturado, en la Rep\u00fablica Dominicana hay democracia, libertad y luchamos por la justicia social\u00bb.<\/span><\/p>\n<\/p>\n<p><span class=\"text1noticias\">Coment\u00f3 que los dominicanos luchamos hoy d\u00eda por mejorar la prosperidad, el progreso y el bienestar social de la Rep\u00fablica Dominicana, en cuyo \u00e1mbito su gobierno ha logrado grandes avances.<\/span><\/p>\n<p><span class=\"text1noticias\">Sostuvo que la econom\u00eda dominicana es estable, va creciendo y va generando empleos adem\u00e1s de que las autoridades est\u00e1n reduciendo inequidad social, y de que \u00abpodemos mirar hacia el futuro con optimismo, con fe y con determinaciones de que las generaciones sucesivas en la Rep\u00fablica Dominicana vivir\u00e1n incluso mejor de lo que estamos hoy viviendo nosotros aqu\u00ed, en nuestro pa\u00eds\u00bb.<\/span><\/p>\n<\/p>\n<p><span class=\"text1noticias\">Fern\u00e1ndez se\u00f1al\u00f3 que eso se debe precisamente a que los constitucionalistas sembraron la semilla de la necesidad de que en este pa\u00eds  hubiera  estabilidad, hubiese paz, esta que solo se valora cuando se pierde. <\/span><\/p>\n<\/p>\n<p><span class=\"text1noticias\">En ese sentido, exhort\u00f3 atesorar la paz con el trabajo productivo generador de riqueza y que sea la fuente para que nuestras familias puedan prosperar y los hijos puedan lograr sus sue\u00f1os de cambio social en el pa\u00eds.<\/span><\/p>\n<\/p>\n<p><span class=\"text1noticias\">\u00abA lo largo de los 12 a\u00f1os que me ha tocado gobernar yo siento que la Rep\u00fablica Dominicana ha avanzado y eso se reconoce internacionalmente y de lo que se trata de hoy en adelante es de consolidar esos logros y preservarlos\u00bb, sostuvo el gobernante.<\/span><\/p>\n<\/p>\n<p><span class=\"text1noticias\">El presidente Fern\u00e1ndez agradeci\u00f3 el reconocimiento de los Constitucionalistas de Abril del 65 y dijo sentirse privilegiado de estos ciudadanos que merecen todo el honor, respeto y admiraci\u00f3n del pueblo dominicano.<\/span><\/p>\n<\/p>\n<p><span class=\"text1noticias\">El mandatario record\u00f3 la lucha de los constitucionalistas, de los hombres y mujeres que 47 a\u00f1os atr\u00e1s reivindicaron la dignidad nacional por restablecer el gobierno constitucionalista del presidente Juan Bosch y su constituci\u00f3n de 1963.<\/span><\/p>\n<\/p>\n<p><span class=\"text1noticias\">El Jefe de Estado recibi\u00f3 el reconocimiento del presidente de la Fundaci\u00f3n Militares Constitucionalistas de Abril del 65, capit\u00e1n Andr\u00e9s Reyes Fortunato Victoria, quien asegur\u00f3 que vinieron a brindarle y agradecerle al presidente Fern\u00e1ndez un merecido reconocimiento a un hijo meritorio del pueblo dominicano \u00abquien ha hecho valer la continuidad del Estado\u00bb.<\/span><\/p>\n<\/p>\n<p><span class=\"text1noticias\">Calific\u00f3 de hist\u00f3rico lo que ha hecho el jefe de Estado reintegr\u00e1ndolos a las filas, ascendi\u00e9ndolos y pensionando a los constitucionalistas. Asegur\u00f3 que los tres per\u00edodos de gobierno del presidente han sido limpios y democr\u00e1ticos.<\/span><\/p>\n<\/p>\n<p><span class=\"text1noticias\">La actividad que tuvo lugar en el Sal\u00f3n Las Cari\u00e1tides, del Palacio Nacional, cont\u00f3 con la presencia del Consultor Jur\u00eddico del Poder Ejecutivo, Abel Rodr\u00edguez del Orbe; el coronel constitucionalista Mario Pe\u00f1a Tavera, Mar\u00eda Paula Acevedo y Alerte Fern\u00e1ndez Dom\u00ednguez, viudas de los coroneles Francisco Alberto Caama\u00f1o De\u00f1\u00f3 y Rafael Fern\u00e1ndez Dom\u00ednguez. Asimismo, el mayor general retirado H\u00e9ctor Lachapelle D\u00edaz, presidente fundador de la Fundaci\u00f3n Militares Constitucionalistas de Abril del 65, entre otros.(HG)<\/span>.<\/p>\n<h6> 2012-04-24 20:10:29 <\/h6>\n<p><!--\n<link rel=\"stylesheet\" href=\"css\/bootstrap.min.css\">\n\n\n<ul class=\"pagination\">\n\t    \n\t\n\n<li >\n\t<a href='?page_no=17523'>Previous<\/a>\n\t<\/li>\n\n\n       \n    \n\n<li><a href='?page_no=1'>1<\/a><\/li>\n\n\n\n<li><a href='?page_no=2'>2<\/a><\/li>\n\n\n\n<li><a>...<\/a><\/li>\n\n\n\n<li><a href='?page_no=17522'>17522<\/a><\/li>\n\n\n\n<li><a href='?page_no=17523'>17523<\/a><\/li>\n\n\n\n<li class='active'><a>17524<\/a><\/li>\n\n\n\n<li><a href='?page_no=17525'>17525<\/a><\/li>\n\n\n\n<li><a href='?page_no=17526'>17526<\/a><\/li>\n\n\n\n<li><a>...<\/a><\/li>\n\n\n\n<li><a href='?page_no=22911'>22911<\/a><\/li>\n\n\n\n<li><a href='?page_no=22912'>22912<\/a><\/li>\n\n    \n\t\n\n<li >\n\t<a href='?page_no=17525'>Next<\/a>\n\t<\/li>\n\n\n    \n\n<li><a href='?page_no=22912'>Last &rsaquo;&rsaquo;<\/a><\/li>\n\n<\/ul>\n\n\n--><br \/>\n<\/body><\/p>\n","protected":false},"excerpt":{"rendered":"<p>Rep.Dom. 24 de Abril 04:12 P.M.-El presidente Leonel Fern\u00e1ndez asegur\u00f3 este martes que vali\u00f3 la pena el sacrificio de los constitucionalistas de Abril del 65, al proclamar que en el pa\u00eds hay democracia y libertad, adem\u00e1s de que ha registrado un gran avance institucional. El mandatario hizo la afirmaci\u00f3n durante un acto en el que [&hellip;]<\/p>\n","protected":false},"author":3,"featured_media":0,"comment_status":"open","ping_status":"open","sticky":false,"template":"","format":"standard","meta":{"footnotes":""},"categories":[21],"tags":[],"class_list":["post-65846","post","type-post","status-publish","format-standard","hentry","category-cultura"],"_links":{"self":[{"href":"https:\/\/diariodominicano.com\/index.php?rest_route=\/wp\/v2\/posts\/65846","targetHints":{"allow":["GET"]}}],"collection":[{"href":"https:\/\/diariodominicano.com\/index.php?rest_route=\/wp\/v2\/posts"}],"about":[{"href":"https:\/\/diariodominicano.com\/index.php?rest_route=\/wp\/v2\/types\/post"}],"author":[{"embeddable":true,"href":"https:\/\/diariodominicano.com\/index.php?rest_route=\/wp\/v2\/users\/3"}],"replies":[{"embeddable":true,"href":"https:\/\/diariodominicano.com\/index.php?rest_route=%2Fwp%2Fv2%2Fcomments&post=65846"}],"version-history":[{"count":0,"href":"https:\/\/diariodominicano.com\/index.php?rest_route=\/wp\/v2\/posts\/65846\/revisions"}],"wp:attachment":[{"href":"https:\/\/diariodominicano.com\/index.php?rest_route=%2Fwp%2Fv2%2Fmedia&parent=65846"}],"wp:term":[{"taxonomy":"category","embeddable":true,"href":"https:\/\/diariodominicano.com\/index.php?rest_route=%2Fwp%2Fv2%2Fcategories&post=65846"},{"taxonomy":"post_tag","embeddable":true,"href":"https:\/\/diariodominicano.com\/index.php?rest_route=%2Fwp%2Fv2%2Ftags&post=65846"}],"curies":[{"name":"wp","href":"https:\/\/api.w.org\/{rel}","templated":true}]}}