{"id":65845,"date":"2012-04-24T20:29:49","date_gmt":"2012-04-24T20:29:49","guid":{"rendered":"http:\/\/diariodominicano.ddns.net\/?p=65845"},"modified":"2012-04-24T20:29:49","modified_gmt":"2012-04-24T20:29:49","slug":"uasd-organiza-conferencia-sobre-la-gesta-de-abril","status":"publish","type":"post","link":"https:\/\/diariodominicano.com\/?p=65845","title":{"rendered":"UASD organiza conferencia sobre la Gesta de Abril"},"content":{"rendered":"<p><body><\/p>\n<p><img decoding=\"async\" src=\"img3\/ofrenda.JPG\" \/>  <\/p>\n<p><span class=\"text1noticias\">Rep.Dom. 24 de Abril 04:30 P.M.-Al conmemorarse este martes el 47 aniversario de la gesta revolucionaria del 24 de Abril, y con la presencia de combatientes constitucionalistas, la Federaci\u00f3n de Profesores de la Universidad Aut\u00f3noma de Santo Domingo (UASD) organiz\u00f3 la conferencia titulada \u00abLa Revoluci\u00f3n de Abril del 65 y el Liderazgo Racional \u00c9tico y Moral\u00bb, a cargo de la combatiente y catedr\u00e1tica universitaria Teresa Espaillat.<\/span><\/p>\n<\/p>\n<p><span class=\"text1noticias\">Durante la actividad, celebrada en el auditorio Manuel del Cabral de la biblioteca Pedro Mir, el profesor Ismael Peralta, presidente de FAPROUASD, dijo que al conmemorar dicha actividad la academia estatal busca mantener viva la memoria hist\u00f3rica de un acontecimiento que fue de tanta importancia para la naci\u00f3n.<\/span><\/p>\n<\/p>\n<p><span class=\"text1noticias\">Record\u00f3 que en los j\u00f3venes de hoy descansa la democracia y ciudadan\u00eda de la naci\u00f3n dominicana.<\/span><\/p>\n<p><span class=\"text1noticias\">\u00abAbril tiene rostro de mujer, Abril es el eterno retorno y reto\u00f1o de la vida, es amor y la esperanza, es b\u00fasqueda, reclamo e identidad, Abril es utop\u00eda, es construcci\u00f3n de libertad\u00bb, dijo Peralta.<\/span><\/p>\n<\/p>\n<p><span class=\"text1noticias\">Al ritmo de \u00abA luchar soldados valientes, que empez\u00f3 la revoluci\u00f3n\u00bb, letras del Himno de la Revoluci\u00f3n, la combatiente Teresa Espaillat dio inicio a su conferencia.<\/span><\/p>\n<\/p>\n<p><span class=\"text1noticias\">Rememor\u00f3 que fue  a partir de la misma que surgi\u00f3 en la academia el Movimiento Renovador, que puso fin a todas las ataduras elitistas y trujillistas que quedaban en la Universidad.<\/span><\/p>\n<\/p>\n<p><span class=\"text1noticias\">\u00abLa revoluci\u00f3n en la UASD permiti\u00f3 la libertad de c\u00e1tedra que se confunde hoy con la libertad de contenido, los debates, el derecho de los estudiantes al Co-Gobierno, derechos que costaron mucha sangre y dolor\u00bb, indic\u00f3 la autora de la obra \u00abAbril en mis recuerdos\u00bb, testimonio de una combatiente\u00bb.<\/span><\/p>\n<\/p>\n<p><span class=\"text1noticias\">Durante su ponencia, \u00abla Mujer de Abril\u00bb, como la llaman sus amigos de ideales, toc\u00f3 temas como el impacto de la Guerra de Abril en la academia del Estado, la Constituci\u00f3n de 1963, el derrocamiento del ex presidente Juan Bosch, el desarrollo de la revoluci\u00f3n y la guerra, el papel de la mujer en la revuelta y su participaci\u00f3n en el Movimiento 14 de Junio, entre otros.<\/span><\/p>\n<\/p>\n<p><span class=\"text1noticias\">La actividad cont\u00f3 con la presencia de miembros de la Fundaci\u00f3n de Combatientes Constitucionalistas, catedr\u00e1ticos, estudiantes e invitados especiales.<\/span><\/p>\n<\/p>\n<p><span class=\"text1noticias\">Deposita ofrenda floral <\/span><\/p>\n<\/p>\n<p><span class=\"text1noticias\">Por otro lado, las autoridades de la Universidad Aut\u00f3noma de Santo Domingo (UASD) depositaron una ofrenda floral  en  el Altar de la Patria, para conmemorar el 47 aniversario  de la Revoluci\u00f3n del 24 de Abril del 1965 y en homenaje a los combatientes que participaron en esa gesta patri\u00f3tica. <\/span><\/p>\n<\/p>\n<p><span class=\"text1noticias\">El acto estuvo encabezado por el rector, maestro Mateo Aquino Febrillet, quien destac\u00f3 la importancia de que esa casa de altos estudios siga siendo promotora de los valores patri\u00f3ticos que se cosecharon en ella, para convertir a hombres y mujeres en h\u00e9roes en la lucha por la libertad y la democracia del pueblo dominicano.<\/span><\/p>\n<\/p>\n<p><span class=\"text1noticias\"> \u00abEl curso de la historia del pa\u00eds no ha avanzado significativamente, pues tenemos en la actualidad   analfabetismo,  desigualdades, corrupci\u00f3n, acepto los avances que se notan en  el sistema  de leyes, pero nos falta mucho por alcanzar\u00bb dijo Aquino Febrillet. <\/span><\/p>\n<\/p>\n<p><span class=\"text1noticias\">Por otro lado,  la directora de la escuela de Historia y Antropolog\u00eda de la UASD, maestra  Luisa Navarro, hizo un an\u00e1lisis de la gesta heroica,  en el que destac\u00f3 que la Primada de Am\u00e9rica  se convirti\u00f3 en ese tiempo en el aglutinamiento   del  personal que luch\u00f3  para  combatir las fuerzas extranjeras.<\/span><\/p>\n<\/p>\n<p><span class=\"text1noticias\">Resalt\u00f3 que hay tres clases de historia, la que se escribe, la que se cuenta y la que hace, y que la de la revoluci\u00f3n es la de los hombres y mujeres dominicanas que lucharon por la identidad, la libertad y la democracia de todo el pueblo dominicano.<\/span><\/p>\n<\/p>\n<p><span class=\"text1noticias\">Durante la actividad el rector y las autoridades  hicieron un recorrido hasta el edificio Copello, antiguo alojamiento del Gobierno Constitucionalista, encabezado por el Coronel Francisco Alberto Caama\u00f1o De\u00f1\u00f3, donde expresaron sus consideraciones el profesor Jes\u00fas de la Rosa G\u00f3mez  y Claudio Caama\u00f1o Grull\u00f3n.<\/span><\/p>\n<\/p>\n<p><span class=\"text1noticias\">De la Rosa habl\u00f3 de la importancia de la educaci\u00f3n de los pueblos, ya que gracias a un grupo de intelectuales la guerra de abril no hizo m\u00e1s da\u00f1o del que caus\u00f3, mientras que Caama\u00f1o Grull\u00f3n llam\u00f3 a la juventud a que se organicen en un Movimiento para rechazar la injerencia que imponen los Estados Unidos a este pa\u00eds y Am\u00e9rica Latina.<\/span><\/p>\n<\/p>\n<p><span class=\"text1noticias\">En el acto participaron adem\u00e1s, los vicerrectores Administrativa, Emma Polanco; de Extensi\u00f3n, Francisco Terrero Galarza; de Investigaci\u00f3n y Postgrado, Francisco Vegazo, as\u00ed como  los decanos de las facultades de: Ciencias Jur\u00eddicas y Pol\u00edticas, doctor Antonio Medina; Ciencias Econ\u00f3micas y Sociales, Juan A. Cerda Luna.<\/span><\/p>\n<\/p>\n<p><span class=\"text1noticias\">Tambi\u00e9n, de Ciencias Agron\u00f3micas y Veterinarias, Modesto Reyes; entre otros profesores y estudiantes de esa academia; la espesa del coronel Caama\u00f1o De\u00f1\u00f3, Vicenta V\u00e9lez  y el grupo de combatientes que participaron en la gesta de abril, entre ellos Roke F\u00e9lix, quien asisti\u00f3 en silla de rueda<\/span>.<span class=\"text1noticias\">(HG)<\/span>.<\/p>\n<h6> 2012-04-24 20:29:49 <\/h6>\n<p><!--\n<link rel=\"stylesheet\" href=\"css\/bootstrap.min.css\">\n\n\n<ul class=\"pagination\">\n\t    \n\t\n\n<li >\n\t<a href='?page_no=17522'>Previous<\/a>\n\t<\/li>\n\n\n       \n    \n\n<li><a href='?page_no=1'>1<\/a><\/li>\n\n\n\n<li><a href='?page_no=2'>2<\/a><\/li>\n\n\n\n<li><a>...<\/a><\/li>\n\n\n\n<li><a href='?page_no=17521'>17521<\/a><\/li>\n\n\n\n<li><a href='?page_no=17522'>17522<\/a><\/li>\n\n\n\n<li class='active'><a>17523<\/a><\/li>\n\n\n\n<li><a href='?page_no=17524'>17524<\/a><\/li>\n\n\n\n<li><a href='?page_no=17525'>17525<\/a><\/li>\n\n\n\n<li><a>...<\/a><\/li>\n\n\n\n<li><a href='?page_no=22911'>22911<\/a><\/li>\n\n\n\n<li><a href='?page_no=22912'>22912<\/a><\/li>\n\n    \n\t\n\n<li >\n\t<a href='?page_no=17524'>Next<\/a>\n\t<\/li>\n\n\n    \n\n<li><a href='?page_no=22912'>Last &rsaquo;&rsaquo;<\/a><\/li>\n\n<\/ul>\n\n\n--><br \/>\n<\/body><\/p>\n","protected":false},"excerpt":{"rendered":"<p>Rep.Dom. 24 de Abril 04:30 P.M.-Al conmemorarse este martes el 47 aniversario de la gesta revolucionaria del 24 de Abril, y con la presencia de combatientes constitucionalistas, la Federaci\u00f3n de Profesores de la Universidad Aut\u00f3noma de Santo Domingo (UASD) organiz\u00f3 la conferencia titulada \u00abLa Revoluci\u00f3n de Abril del 65 y el Liderazgo Racional \u00c9tico y [&hellip;]<\/p>\n","protected":false},"author":3,"featured_media":0,"comment_status":"open","ping_status":"open","sticky":false,"template":"","format":"standard","meta":{"footnotes":""},"categories":[21],"tags":[],"class_list":["post-65845","post","type-post","status-publish","format-standard","hentry","category-cultura"],"_links":{"self":[{"href":"https:\/\/diariodominicano.com\/index.php?rest_route=\/wp\/v2\/posts\/65845","targetHints":{"allow":["GET"]}}],"collection":[{"href":"https:\/\/diariodominicano.com\/index.php?rest_route=\/wp\/v2\/posts"}],"about":[{"href":"https:\/\/diariodominicano.com\/index.php?rest_route=\/wp\/v2\/types\/post"}],"author":[{"embeddable":true,"href":"https:\/\/diariodominicano.com\/index.php?rest_route=\/wp\/v2\/users\/3"}],"replies":[{"embeddable":true,"href":"https:\/\/diariodominicano.com\/index.php?rest_route=%2Fwp%2Fv2%2Fcomments&post=65845"}],"version-history":[{"count":0,"href":"https:\/\/diariodominicano.com\/index.php?rest_route=\/wp\/v2\/posts\/65845\/revisions"}],"wp:attachment":[{"href":"https:\/\/diariodominicano.com\/index.php?rest_route=%2Fwp%2Fv2%2Fmedia&parent=65845"}],"wp:term":[{"taxonomy":"category","embeddable":true,"href":"https:\/\/diariodominicano.com\/index.php?rest_route=%2Fwp%2Fv2%2Fcategories&post=65845"},{"taxonomy":"post_tag","embeddable":true,"href":"https:\/\/diariodominicano.com\/index.php?rest_route=%2Fwp%2Fv2%2Ftags&post=65845"}],"curies":[{"name":"wp","href":"https:\/\/api.w.org\/{rel}","templated":true}]}}