{"id":65844,"date":"2012-04-24T21:43:03","date_gmt":"2012-04-24T21:43:03","guid":{"rendered":"http:\/\/diariodominicano.ddns.net\/?p=65844"},"modified":"2012-04-24T21:43:03","modified_gmt":"2012-04-24T21:43:03","slug":"feria-del-libro-honra-al-historiador-roberto-cassa","status":"publish","type":"post","link":"https:\/\/diariodominicano.com\/?p=65844","title":{"rendered":"Feria del Libro honra al historiador Roberto Cass\u00e1"},"content":{"rendered":"<p><body><\/p>\n<p><img decoding=\"async\" src=\"img3\/cassa.JPG\" \/>  <\/p>\n<p><span class=\"text1noticias\">Rep.Dom. 24 de Abril 05:45 P.M.- La XV Feria Internacional del Libro Santo Domingo 2012 rindi\u00f3 honor  a la trayectoria literaria del historiador, soci\u00f3logo y educador dominicano, Roberto Cass\u00e1, designando una de las calles  de la Plaza de la Cultura Juan Pablo Duarte con su nombre.<\/span><\/p>\n<\/p>\n<p><span class=\"text1noticias\">El evento estuvo presidido por el Ministro de Cultura, Jos\u00e9 Rafael Lantigua, quien estuvo acompa\u00f1ado por el Director General de la Feria del Libro, Alejandro Arvelo, los viceministros  de Creatividad y Participaci\u00f3n Popular, Bernarda Jorge, y Administrativo, Alexander Santana. Adem\u00e1s, el Director Nacional de Cine, Ellis P\u00e9rez, el Director T\u00e9cnico de Cultura , Alberto Valenzuela y Te\u00f3filo Terrero, coordinador de la actividad.<\/span><\/p>\n<\/p>\n<p><span class=\"text1noticias\">La tallerista Gretchenh de la Cruz, del  Sistema de Talleres Literarios del Ministerio de Cultura, ley\u00f3 la semblanza del homenajeado, en la que destac\u00f3 el aporte hist\u00f3rico de sus libros al acervo cultural de nuestra naci\u00f3n.<\/span><\/p>\n<\/p>\n<p><span class=\"text1noticias\">Alejandro Arvelo tuvo a su cargo las palabras centrales del acto. Resalt\u00f3  la calidad  de la labor intelectual de Cass\u00e1, su pensamiento, su lucha por la democracia nacional y sus cualidades de investigador.<\/span><\/p>\n<\/p>\n<p><span class=\"text1noticias\">\u00abSus trabajos no son meros trabajos narrativos, sino, trabajos anal\u00edticos, trabajos que se\u00f1alan rumbo, trabajos que nos muestran con claridad que si no se sabe de d\u00f3nde venimos tampoco sabremos nunca hacia d\u00f3nde vamos. Es un ejemplo de persistencia en nuestro pa\u00eds, es la indicaci\u00f3n mejor que ha encontrado el Ministerio de Cultura para mostrar a las nuevas generaciones cu\u00e1n lejos se puede llegar cuando es alta la mirada y cuando nos animan valores de esos llamados eternos\u00bb.<\/span><\/p>\n<\/p>\n<p><span class=\"text1noticias\">Destac\u00f3 que \u00aba parir de cada unos de sus libros, que suman m\u00e1s de 20, no solo se pueden reconstruir punto por punto, paso a paso, lo que ha sido el devenir hist\u00f3rico de la Republicana Dominicana, sino, que definitivamente queda blindado el porvenir de nuestra patria\u00bb.<\/span><\/p>\n<\/p>\n<p><span class=\"text1noticias\">En sus palabras de agradecimiento, Cass\u00e1 valor\u00f3 la dedicatoria de la Feria al escritor Enriquillo S\u00e1nchez y afirm\u00f3 que la distinci\u00f3n le obliga a seguir escribiendo \u00abme siento obligado por este reconocimiento del Ministerio de Cultura a seguir produciendo libros, en definitiva yo pienso, que es lo \u00fanico que s\u00e9 hacer en la vida\u00bb.<\/span><\/p>\n<\/p>\n<p><span class=\"text1noticias\">Acompa\u00f1aron al escritor, en esta ocasi\u00f3n especial, su hija  Mar\u00eda del Carmen Cass\u00e1, escritores, funcionarios  de Cultura, estudiantes del Colegio Moraica, y miembros del Taller Apolinar Perdomo de Neiva.(HG)<\/span>.<\/p>\n<\/p>\n<h6> 2012-04-24 21:43:03 <\/h6>\n<p><!--\n<link rel=\"stylesheet\" href=\"css\/bootstrap.min.css\">\n\n\n<ul class=\"pagination\">\n\t    \n\t\n\n<li >\n\t<a href='?page_no=17521'>Previous<\/a>\n\t<\/li>\n\n\n       \n    \n\n<li><a href='?page_no=1'>1<\/a><\/li>\n\n\n\n<li><a href='?page_no=2'>2<\/a><\/li>\n\n\n\n<li><a>...<\/a><\/li>\n\n\n\n<li><a href='?page_no=17520'>17520<\/a><\/li>\n\n\n\n<li><a href='?page_no=17521'>17521<\/a><\/li>\n\n\n\n<li class='active'><a>17522<\/a><\/li>\n\n\n\n<li><a href='?page_no=17523'>17523<\/a><\/li>\n\n\n\n<li><a href='?page_no=17524'>17524<\/a><\/li>\n\n\n\n<li><a>...<\/a><\/li>\n\n\n\n<li><a href='?page_no=22911'>22911<\/a><\/li>\n\n\n\n<li><a href='?page_no=22912'>22912<\/a><\/li>\n\n    \n\t\n\n<li >\n\t<a href='?page_no=17523'>Next<\/a>\n\t<\/li>\n\n\n    \n\n<li><a href='?page_no=22912'>Last &rsaquo;&rsaquo;<\/a><\/li>\n\n<\/ul>\n\n\n--><br \/>\n<\/body><\/p>\n","protected":false},"excerpt":{"rendered":"<p>Rep.Dom. 24 de Abril 05:45 P.M.- La XV Feria Internacional del Libro Santo Domingo 2012 rindi\u00f3 honor a la trayectoria literaria del historiador, soci\u00f3logo y educador dominicano, Roberto Cass\u00e1, designando una de las calles de la Plaza de la Cultura Juan Pablo Duarte con su nombre. El evento estuvo presidido por el Ministro de Cultura, [&hellip;]<\/p>\n","protected":false},"author":3,"featured_media":0,"comment_status":"open","ping_status":"open","sticky":false,"template":"","format":"standard","meta":{"footnotes":""},"categories":[21],"tags":[],"class_list":["post-65844","post","type-post","status-publish","format-standard","hentry","category-cultura"],"_links":{"self":[{"href":"https:\/\/diariodominicano.com\/index.php?rest_route=\/wp\/v2\/posts\/65844","targetHints":{"allow":["GET"]}}],"collection":[{"href":"https:\/\/diariodominicano.com\/index.php?rest_route=\/wp\/v2\/posts"}],"about":[{"href":"https:\/\/diariodominicano.com\/index.php?rest_route=\/wp\/v2\/types\/post"}],"author":[{"embeddable":true,"href":"https:\/\/diariodominicano.com\/index.php?rest_route=\/wp\/v2\/users\/3"}],"replies":[{"embeddable":true,"href":"https:\/\/diariodominicano.com\/index.php?rest_route=%2Fwp%2Fv2%2Fcomments&post=65844"}],"version-history":[{"count":0,"href":"https:\/\/diariodominicano.com\/index.php?rest_route=\/wp\/v2\/posts\/65844\/revisions"}],"wp:attachment":[{"href":"https:\/\/diariodominicano.com\/index.php?rest_route=%2Fwp%2Fv2%2Fmedia&parent=65844"}],"wp:term":[{"taxonomy":"category","embeddable":true,"href":"https:\/\/diariodominicano.com\/index.php?rest_route=%2Fwp%2Fv2%2Fcategories&post=65844"},{"taxonomy":"post_tag","embeddable":true,"href":"https:\/\/diariodominicano.com\/index.php?rest_route=%2Fwp%2Fv2%2Ftags&post=65844"}],"curies":[{"name":"wp","href":"https:\/\/api.w.org\/{rel}","templated":true}]}}