{"id":65843,"date":"2012-04-25T16:23:57","date_gmt":"2012-04-25T16:23:57","guid":{"rendered":"http:\/\/diariodominicano.ddns.net\/?p=65843"},"modified":"2012-04-25T16:23:57","modified_gmt":"2012-04-25T16:23:57","slug":"presentan-obra-poesia-reunida-un-asombro-de-rios-verticales-de-pedro-mir","status":"publish","type":"post","link":"https:\/\/diariodominicano.com\/?p=65843","title":{"rendered":"Presentan obra Poes\u00eda reunida un asombro de r\u00edos verticales de Pedro Mir"},"content":{"rendered":"<p><body><\/p>\n<p><img decoding=\"async\" src=\"img3\/Portada libro Poesia reunida.JPG\" \/><br \/><img decoding=\"async\" src=\"img3\/Acto libro poesia Pedro Mir.JPG\" \/>  <\/p>\n<p>Santo Domingo, RD, 25 abril, 12:18 am.-  El escritor Pablo Reyes, fue el encargado de poner en circulaci\u00f3n la obra \u00abPoes\u00eda reunida: un asombro de r\u00edos verticales\u00bb de la autor\u00eda de  Pedro Mir, en la sala de conferencias Padre Julio Cicero de la Cinemateca Dominicana. <\/p>\n<p>Esta presentaci\u00f3n fue coordinada por la tambi\u00e9n escritora Ibeth Guzm\u00e1n,  y la misma forma parte de la programaci\u00f3n de la XV  Feria Internacional del libro Santo Domingo 2012.<\/p>\n<p>Reyes puntualiz\u00f3 que en todas las obras de Mir se puede percibir la preocupaci\u00f3n social del poeta, y la preocupaci\u00f3n r\u00edtmica.<\/p>\n<p>\u00abUn asombro de r\u00edos verticales es Mir; es un yo plural y no una sola palabra, su fin es ver la voz de un pueblo que es a la vez la voz  de Mir\u00bb expuso el Reyes.<\/p>\n<p>Adem\u00e1s, hizo un recuento de algunas de las obras publicadas por el connotado escritor dominicano, resaltando que para 1951 es publicada la obra \u00abSeis momentos de esperanza (1953); Poetas de buen amor y a veces de Fantas\u00eda\u00bb (1969);\u00bbViaje a la muchedumbre\u00bb (1971) y \u00abHurac\u00e1n Neruda\u00bb (1975). <\/p>\n<p>Expres\u00f3 que el mayor reconocimiento de sus obras literarias lo recibi\u00f3 el 5 de octubre de 1992, cuando la C\u00e1mara de Diputados lo declara el Poeta Nacional.<\/p>\n<p>Resalt\u00f3 que Pedro Mir public\u00f3 relatos, novelas y ensayos y que toda su obra es una de l\u00edrica nacional. La obra que hoy pone a disposici\u00f3n de los lectores es un material trabajado con sumo cuidado, por la Editora Nacional del Ministerio de Cultura.<\/p>\n<h6> 2012-04-25 16:23:57 <\/h6>\n<p><!--\n<link rel=\"stylesheet\" href=\"css\/bootstrap.min.css\">\n\n\n<ul class=\"pagination\">\n\t    \n\t\n\n<li >\n\t<a href='?page_no=17520'>Previous<\/a>\n\t<\/li>\n\n\n       \n    \n\n<li><a href='?page_no=1'>1<\/a><\/li>\n\n\n\n<li><a href='?page_no=2'>2<\/a><\/li>\n\n\n\n<li><a>...<\/a><\/li>\n\n\n\n<li><a href='?page_no=17519'>17519<\/a><\/li>\n\n\n\n<li><a href='?page_no=17520'>17520<\/a><\/li>\n\n\n\n<li class='active'><a>17521<\/a><\/li>\n\n\n\n<li><a href='?page_no=17522'>17522<\/a><\/li>\n\n\n\n<li><a href='?page_no=17523'>17523<\/a><\/li>\n\n\n\n<li><a>...<\/a><\/li>\n\n\n\n<li><a href='?page_no=22911'>22911<\/a><\/li>\n\n\n\n<li><a href='?page_no=22912'>22912<\/a><\/li>\n\n    \n\t\n\n<li >\n\t<a href='?page_no=17522'>Next<\/a>\n\t<\/li>\n\n\n    \n\n<li><a href='?page_no=22912'>Last &rsaquo;&rsaquo;<\/a><\/li>\n\n<\/ul>\n\n\n--><br \/>\n<\/body><\/p>\n","protected":false},"excerpt":{"rendered":"<p>Santo Domingo, RD, 25 abril, 12:18 am.- El escritor Pablo Reyes, fue el encargado de poner en circulaci\u00f3n la obra \u00abPoes\u00eda reunida: un asombro de r\u00edos verticales\u00bb de la autor\u00eda de Pedro Mir, en la sala de conferencias Padre Julio Cicero de la Cinemateca Dominicana. Esta presentaci\u00f3n fue coordinada por la tambi\u00e9n escritora Ibeth Guzm\u00e1n, [&hellip;]<\/p>\n","protected":false},"author":3,"featured_media":0,"comment_status":"open","ping_status":"open","sticky":false,"template":"","format":"standard","meta":{"footnotes":""},"categories":[21],"tags":[],"class_list":["post-65843","post","type-post","status-publish","format-standard","hentry","category-cultura"],"_links":{"self":[{"href":"https:\/\/diariodominicano.com\/index.php?rest_route=\/wp\/v2\/posts\/65843","targetHints":{"allow":["GET"]}}],"collection":[{"href":"https:\/\/diariodominicano.com\/index.php?rest_route=\/wp\/v2\/posts"}],"about":[{"href":"https:\/\/diariodominicano.com\/index.php?rest_route=\/wp\/v2\/types\/post"}],"author":[{"embeddable":true,"href":"https:\/\/diariodominicano.com\/index.php?rest_route=\/wp\/v2\/users\/3"}],"replies":[{"embeddable":true,"href":"https:\/\/diariodominicano.com\/index.php?rest_route=%2Fwp%2Fv2%2Fcomments&post=65843"}],"version-history":[{"count":0,"href":"https:\/\/diariodominicano.com\/index.php?rest_route=\/wp\/v2\/posts\/65843\/revisions"}],"wp:attachment":[{"href":"https:\/\/diariodominicano.com\/index.php?rest_route=%2Fwp%2Fv2%2Fmedia&parent=65843"}],"wp:term":[{"taxonomy":"category","embeddable":true,"href":"https:\/\/diariodominicano.com\/index.php?rest_route=%2Fwp%2Fv2%2Fcategories&post=65843"},{"taxonomy":"post_tag","embeddable":true,"href":"https:\/\/diariodominicano.com\/index.php?rest_route=%2Fwp%2Fv2%2Ftags&post=65843"}],"curies":[{"name":"wp","href":"https:\/\/api.w.org\/{rel}","templated":true}]}}