{"id":65842,"date":"2012-04-25T19:42:28","date_gmt":"2012-04-25T19:42:28","guid":{"rendered":"http:\/\/diariodominicano.ddns.net\/?p=65842"},"modified":"2012-04-25T19:42:28","modified_gmt":"2012-04-25T19:42:28","slug":"imagen-cuba-atrae-a-lectores-dominicanos-en-la-xv-feria-internacional-del-libro","status":"publish","type":"post","link":"https:\/\/diariodominicano.com\/?p=65842","title":{"rendered":"&#13;Imagen Cuba atrae a lectores dominicanos en la XV Feria Internacional del Libro\t \t \t &#13;"},"content":{"rendered":"<p><body><\/p>\n<p><img decoding=\"async\" src=\"img3\/ferialibro-dominicana.jpg\" \/>  <\/p>\n<p><span class=\"text1noticias\">Por Elsy Fors Garzon<\/span><\/p>\n<p><span class=\"text1noticias\">03:50 PM SANTO DOMINGO, 25 Abr  2012.-(PL) El stand de Cuba en la XV Feria Internacional del Libro de Santo Domingo atrae a los lectores dominicanos que escudri\u00f1an las ofertas de la Editora Pol\u00edtica, Publicaciones Tricontinental, la Casa Editora Abril, Citmatel y Ediciones Vig\u00eda.<\/span><\/p>\n<\/p>\n<p><span class=\"text1noticias\">  Jos\u00e9 Duarte, subdirector general de la Editora Pol\u00edtica, asegur\u00f3 que esta instituci\u00f3n es sin\u00f3nimo de imagen Cuba en la muestra, de la cual ha sido expositor desde la primera edici\u00f3n en 1997.<\/span><\/p>\n<\/p>\n<p><span class=\"text1noticias\">Hay cuatro t\u00edtulos sin los cuales no podr\u00eda abrir esta muestra de literatura cubana debido a su reiterada demanda, indic\u00f3.<\/span><\/p>\n<\/p>\n<p><span class=\"text1noticias\">En tal sentido mencion\u00f3 las obras La Historia Me Absolver\u00e1 (discurso de defensa de Fidel Castro en el juicio por el Asalto al Cuartel Moncada), una selecci\u00f3n tem\u00e1tica sobre todo lo dicho por el l\u00edder hist\u00f3rico de la Revoluci\u00f3n cubana acerca del partido comunista, Diario del Ch\u00e9 en Bolivia y Gir\u00f3n, Bah\u00eda de Cochinos, el mayor error de John F. Kennedy, ensayo del periodista cubano Gabriel Molina.<\/span><\/p>\n<\/p>\n<p><span class=\"text1noticias\">Un t\u00edtulo por el que muchos vienen indagando, agreg\u00f3, es del doctor Fidel Castro D\u00edaz-Balart, quien dej\u00f3 una estela inquisitiva sobre el tema objeto de una conferencia magistral: \u00abLa Ciencia contempor\u00e1nea en un mundo desigual\u00bb, que inici\u00f3 el ciclo cient\u00edfico en este evento cultural.<\/span><\/p>\n<\/p>\n<p><span class=\"text1noticias\">Duarte manifest\u00f3 que durante estos tres lustros de la Feria agradece la colaboraci\u00f3n recibida de organizadores, partidos solidarios y amigos de Cuba, as\u00ed como el inter\u00e9s de conocer sobre la isla y su revoluci\u00f3n entre los visitantes dominicanos al stand.<\/span><\/p>\n<\/p>\n<p><span class=\"text1noticias\">Eva Dum\u00e9nigo, representante de publicaciones Tricontinental, participa en la muestra dominicana desde 1999, con carteles de eventos, efem\u00e9rides y la promoci\u00f3n de la solidaridad mediante im\u00e1genes de Fidel Castro, Ernesto Ch\u00e9 Guevara y h\u00e9roes mutuos como el general mamb\u00ed M\u00e1ximo G\u00f3mez.<\/span><\/p>\n<\/p>\n<p><span class=\"text1noticias\">La Casa Editora Abril atrae el inter\u00e9s en los libros de texto de medicina, testimonios, entrevistas y ensayos como las obras de Luis B\u00e1ez, Fidel por el Mundo, Los amigos que ya no est\u00e1n, con 31 entrevistas de esas personalidades ya fallecidas y el muy solicitado Guerrillero del Tiempo, de la periodistay escritora Katiuska Blanco.<\/span><\/p>\n<\/p>\n<p><span class=\"text1noticias\">La Editora Abril ha concurrido a la Feria en los \u00faltimos 10 a\u00f1os, mientras que su representante en esta ocasi\u00f3n, Diana Lio Busquet, asiste con su muestra por s\u00e9ptima vez.<\/span><\/p>\n<\/p>\n<p><span class=\"text1noticias\">La empresa de multimedia Citmatel tiene cada a\u00f1o m\u00e1s seguidores en Dominicana. Su oferta de audiolibros, con t\u00edtulos infantiles y de adultos, presenta este a\u00f1o Cecilia Vald\u00e9s, de Cirilo Villaverde, y otra polic\u00edaca Nieve en La Habana, as\u00ed como DVDs que ense\u00f1an a bailar salsa, telenovelas en ese formato y el ballet Giselle por la compa\u00f1\u00eda de ballet de Camag\u00fcey.<\/span><\/p>\n<\/p>\n<p><span class=\"text1noticias\">Documentales sobre importantes eventos ocurridos en Cuba como la batalla de Playa Gir\u00f3n, la Crisis de Octubre, comparecencias de Fidel Castro y el Ch\u00e9, y una colecci\u00f3n muy solicitada, Historia de la Revoluci\u00f3n.<\/span><\/p>\n<\/p>\n<p><span class=\"text1noticias\">Guillermo Lastre, representa a Citmatel por primera vez en esta exposici\u00f3n literaria.<\/span><\/p>\n<\/p>\n<p><span class=\"text1noticias\">Editoriales provinciales reanudaron su presencia en estas ferias. As\u00ed lo hizo Ediciones Vig\u00eda de Matanzas.<\/span><\/p>\n<\/p>\n<p><span class=\"text1noticias\">La producci\u00f3n de esta casa editora, dijeron Abilia Teller\u00eda y Alida Fern\u00e1ndez, es totalmente hecha a mano, a base de desperdicios y materiales reciclados. Son ejemplares \u00fanicos y se hacen 200 al a\u00f1o de obras de poes\u00eda, narrativa y ensayos en tres idiomas: ingl\u00e9s, franc\u00e9s y ruso.<\/span><\/p>\n<\/p>\n<p><span class=\"text1noticias\">Carteles de los cinco luchadores antiterroristas presos injustamente en Estados Unidos se exhiben en el pabell\u00f3n cubano y despiertan la curiosidad de quienes lo visitan.<\/span><\/p>\n<\/p>\n<p><span class=\"text1noticias\">Antonio Guerrero, Fernando Gonz\u00e1lez, Ram\u00f3n Laba\u00f1ino, Gerardo Hern\u00e1ndez y Ren\u00e9 Gonz\u00e1lez fueron arrestados el 12 de septiembre de 1998 en la ciudad estadounidense de Miami. Un proceso irregular celebrado all\u00ed los conden\u00f3 en 2001 a penas que van desde la doble cadena perpetua hasta 15 a\u00f1os.<\/span><\/p>\n<\/p>\n<p><span class=\"text1noticias\">Numerosas personalidades y organizaciones mundiales han defendido a los Cinco, como se les conoce internacionalmente, que solo vigilaban actividades extremistas de grupos violentos de origen cubano en Florida, para alertar a su pa\u00eds de acciones terroristas.<\/span><\/p>\n<\/p>\n<p><strong><em><u><span class=\"text1noticias\">CG.<\/span><\/u><\/em><\/strong><\/p>\n<\/p>\n<h6> 2012-04-25 19:42:28 <\/h6>\n<p><!--\n<link rel=\"stylesheet\" href=\"css\/bootstrap.min.css\">\n\n\n<ul class=\"pagination\">\n\t    \n\t\n\n<li >\n\t<a href='?page_no=17519'>Previous<\/a>\n\t<\/li>\n\n\n       \n    \n\n<li><a href='?page_no=1'>1<\/a><\/li>\n\n\n\n<li><a href='?page_no=2'>2<\/a><\/li>\n\n\n\n<li><a>...<\/a><\/li>\n\n\n\n<li><a href='?page_no=17518'>17518<\/a><\/li>\n\n\n\n<li><a href='?page_no=17519'>17519<\/a><\/li>\n\n\n\n<li class='active'><a>17520<\/a><\/li>\n\n\n\n<li><a href='?page_no=17521'>17521<\/a><\/li>\n\n\n\n<li><a href='?page_no=17522'>17522<\/a><\/li>\n\n\n\n<li><a>...<\/a><\/li>\n\n\n\n<li><a href='?page_no=22911'>22911<\/a><\/li>\n\n\n\n<li><a href='?page_no=22912'>22912<\/a><\/li>\n\n    \n\t\n\n<li >\n\t<a href='?page_no=17521'>Next<\/a>\n\t<\/li>\n\n\n    \n\n<li><a href='?page_no=22912'>Last &rsaquo;&rsaquo;<\/a><\/li>\n\n<\/ul>\n\n\n--><br \/>\n<\/body><\/p>\n","protected":false},"excerpt":{"rendered":"<p>Por Elsy Fors Garzon 03:50 PM SANTO DOMINGO, 25 Abr 2012.-(PL) El stand de Cuba en la XV Feria Internacional del Libro de Santo Domingo atrae a los lectores dominicanos que escudri\u00f1an las ofertas de la Editora Pol\u00edtica, Publicaciones Tricontinental, la Casa Editora Abril, Citmatel y Ediciones Vig\u00eda. Jos\u00e9 Duarte, subdirector general de la Editora [&hellip;]<\/p>\n","protected":false},"author":3,"featured_media":0,"comment_status":"open","ping_status":"open","sticky":false,"template":"","format":"standard","meta":{"footnotes":""},"categories":[21],"tags":[],"class_list":["post-65842","post","type-post","status-publish","format-standard","hentry","category-cultura"],"_links":{"self":[{"href":"https:\/\/diariodominicano.com\/index.php?rest_route=\/wp\/v2\/posts\/65842","targetHints":{"allow":["GET"]}}],"collection":[{"href":"https:\/\/diariodominicano.com\/index.php?rest_route=\/wp\/v2\/posts"}],"about":[{"href":"https:\/\/diariodominicano.com\/index.php?rest_route=\/wp\/v2\/types\/post"}],"author":[{"embeddable":true,"href":"https:\/\/diariodominicano.com\/index.php?rest_route=\/wp\/v2\/users\/3"}],"replies":[{"embeddable":true,"href":"https:\/\/diariodominicano.com\/index.php?rest_route=%2Fwp%2Fv2%2Fcomments&post=65842"}],"version-history":[{"count":0,"href":"https:\/\/diariodominicano.com\/index.php?rest_route=\/wp\/v2\/posts\/65842\/revisions"}],"wp:attachment":[{"href":"https:\/\/diariodominicano.com\/index.php?rest_route=%2Fwp%2Fv2%2Fmedia&parent=65842"}],"wp:term":[{"taxonomy":"category","embeddable":true,"href":"https:\/\/diariodominicano.com\/index.php?rest_route=%2Fwp%2Fv2%2Fcategories&post=65842"},{"taxonomy":"post_tag","embeddable":true,"href":"https:\/\/diariodominicano.com\/index.php?rest_route=%2Fwp%2Fv2%2Ftags&post=65842"}],"curies":[{"name":"wp","href":"https:\/\/api.w.org\/{rel}","templated":true}]}}