{"id":65841,"date":"2012-04-25T19:46:00","date_gmt":"2012-04-25T19:46:00","guid":{"rendered":"http:\/\/diariodominicano.ddns.net\/?p=65841"},"modified":"2012-04-25T19:46:00","modified_gmt":"2012-04-25T19:46:00","slug":"musica-y-artes-plasticas-polacas-en-semana-cultural-habanera","status":"publish","type":"post","link":"https:\/\/diariodominicano.com\/?p=65841","title":{"rendered":"&#13;M\u00fasica y artes pl\u00e1sticas polacas en semana cultural habanera"},"content":{"rendered":"<p><body><\/p>\n<p><img decoding=\"async\" src=\"img3\/cult-semana-polaca.jpg\" \/>  <\/p>\n<p><span class=\"text1noticias\">04:05 PM La Habana, 25 Abr 2012.- (PL) M\u00fasica cl\u00e1sica, artes pl\u00e1sticas y patrimonio museogr\u00e1fico polaco acaparar\u00e1n la atenci\u00f3n aqu\u00ed en una semana dedicada a la historia y tradiciones de esa naci\u00f3n europea, desde el 2 de mayo pr\u00f3ximo.<\/span><\/p>\n<\/p>\n<p><span class=\"text1noticias\">  Una conferencia magistral sobre los Museos en los procesos de cambio, a cargo del acad\u00e9mico Andrzej Rottermund, director de la oficina Unesco en Polonia se incluye en el programa, confirmaron hoy los organizadores.<\/span><\/p>\n<\/p>\n<p><span class=\"text1noticias\">El especialista disertar\u00e1 adem\u00e1s sobre el Castillo Real de Varsovia, proceso de reconstrucci\u00f3n y funciones del museo moderno en una sede hist\u00f3rica.<\/span><\/p>\n<\/p>\n<p><span class=\"text1noticias\">Un palacio barroco neocl\u00e1sico ubicado en la zona m\u00e1s antigua de esa capital, desde sus inicios el inmueble fue la residencia oficial del rey polaco hasta 1795. En la actualidad es la sede de la Fundaci\u00f3n de Historia y cultura y funge adem\u00e1s como museo.<\/span><\/p>\n<\/p>\n<p><span class=\"text1noticias\">La muestra gr\u00e1fica de Malgorzata Rozenau, los s\u00edmbolos de los a\u00f1os 50 y 60 del pasado siglo en las obras contempor\u00e1neas se suma a las propuestas.<\/span><\/p>\n<\/p>\n<p><span class=\"text1noticias\">Completan el programa un concierto del violinista Katarzyna Duda, acompa\u00f1ado del piano de Miroslaw Feldgebel, con obras del compositor Karol Szymanowsk (1882-1937), entre otros.<\/span><\/p>\n<\/p>\n<p><span class=\"text1noticias\">Auspiciadas por la Embajada de Polonia, las jornadas se insertan en un amplio programa de actividades que inici\u00f3 el 17 de abril \u00faltimo, con una muestra de la filmograf\u00eda de ese pa\u00eds, en la cual fueron exhibidas las m\u00e1s recientes nominaciones polacas a los premios Oscar.<\/span><\/p>\n<\/p>\n<p><strong><em><u><span class=\"text1noticias\">CG.<\/span><\/u><\/em><\/strong><\/p>\n<\/p>\n<\/p>\n<\/p>\n<\/p>\n<h6> 2012-04-25 19:46:00 <\/h6>\n<p><!--\n<link rel=\"stylesheet\" href=\"css\/bootstrap.min.css\">\n\n\n<ul class=\"pagination\">\n\t    \n\t\n\n<li >\n\t<a href='?page_no=17518'>Previous<\/a>\n\t<\/li>\n\n\n       \n    \n\n<li><a href='?page_no=1'>1<\/a><\/li>\n\n\n\n<li><a href='?page_no=2'>2<\/a><\/li>\n\n\n\n<li><a>...<\/a><\/li>\n\n\n\n<li><a href='?page_no=17517'>17517<\/a><\/li>\n\n\n\n<li><a href='?page_no=17518'>17518<\/a><\/li>\n\n\n\n<li class='active'><a>17519<\/a><\/li>\n\n\n\n<li><a href='?page_no=17520'>17520<\/a><\/li>\n\n\n\n<li><a href='?page_no=17521'>17521<\/a><\/li>\n\n\n\n<li><a>...<\/a><\/li>\n\n\n\n<li><a href='?page_no=22911'>22911<\/a><\/li>\n\n\n\n<li><a href='?page_no=22912'>22912<\/a><\/li>\n\n    \n\t\n\n<li >\n\t<a href='?page_no=17520'>Next<\/a>\n\t<\/li>\n\n\n    \n\n<li><a href='?page_no=22912'>Last &rsaquo;&rsaquo;<\/a><\/li>\n\n<\/ul>\n\n\n--><br \/>\n<\/body><\/p>\n","protected":false},"excerpt":{"rendered":"<p>04:05 PM La Habana, 25 Abr 2012.- (PL) M\u00fasica cl\u00e1sica, artes pl\u00e1sticas y patrimonio museogr\u00e1fico polaco acaparar\u00e1n la atenci\u00f3n aqu\u00ed en una semana dedicada a la historia y tradiciones de esa naci\u00f3n europea, desde el 2 de mayo pr\u00f3ximo. Una conferencia magistral sobre los Museos en los procesos de cambio, a cargo del acad\u00e9mico Andrzej [&hellip;]<\/p>\n","protected":false},"author":3,"featured_media":0,"comment_status":"open","ping_status":"open","sticky":false,"template":"","format":"standard","meta":{"footnotes":""},"categories":[21],"tags":[],"class_list":["post-65841","post","type-post","status-publish","format-standard","hentry","category-cultura"],"_links":{"self":[{"href":"https:\/\/diariodominicano.com\/index.php?rest_route=\/wp\/v2\/posts\/65841","targetHints":{"allow":["GET"]}}],"collection":[{"href":"https:\/\/diariodominicano.com\/index.php?rest_route=\/wp\/v2\/posts"}],"about":[{"href":"https:\/\/diariodominicano.com\/index.php?rest_route=\/wp\/v2\/types\/post"}],"author":[{"embeddable":true,"href":"https:\/\/diariodominicano.com\/index.php?rest_route=\/wp\/v2\/users\/3"}],"replies":[{"embeddable":true,"href":"https:\/\/diariodominicano.com\/index.php?rest_route=%2Fwp%2Fv2%2Fcomments&post=65841"}],"version-history":[{"count":0,"href":"https:\/\/diariodominicano.com\/index.php?rest_route=\/wp\/v2\/posts\/65841\/revisions"}],"wp:attachment":[{"href":"https:\/\/diariodominicano.com\/index.php?rest_route=%2Fwp%2Fv2%2Fmedia&parent=65841"}],"wp:term":[{"taxonomy":"category","embeddable":true,"href":"https:\/\/diariodominicano.com\/index.php?rest_route=%2Fwp%2Fv2%2Fcategories&post=65841"},{"taxonomy":"post_tag","embeddable":true,"href":"https:\/\/diariodominicano.com\/index.php?rest_route=%2Fwp%2Fv2%2Ftags&post=65841"}],"curies":[{"name":"wp","href":"https:\/\/api.w.org\/{rel}","templated":true}]}}