{"id":65840,"date":"2012-04-25T19:50:02","date_gmt":"2012-04-25T19:50:02","guid":{"rendered":"http:\/\/diariodominicano.ddns.net\/?p=65840"},"modified":"2012-04-25T19:50:02","modified_gmt":"2012-04-25T19:50:02","slug":"pantalla-de-cine-inflable-inicia-recorrido-por-estados-venezolanos","status":"publish","type":"post","link":"https:\/\/diariodominicano.com\/?p=65840","title":{"rendered":"&#13;Pantalla de cine inflable inicia recorrido por estados venezolanos"},"content":{"rendered":"<p><body><\/p>\n<p><span class=\"text1noticias\"> 04:10 PM Caracas, 25 Abr 2012.- (PL) Un proyecto de pantalla de cine inflable y transportable inici\u00f3 hoy su recorrido por la capitalina Plaza Morelos para difundir la filmograf\u00eda venezolana y del resto de Latinoam\u00e9rica y el Caribe en lugares rec\u00f3nditos.<\/span><\/p>\n<\/p>\n<p><span class=\"text1noticias\">  El proyecto, presentado en la Feria Internacional del Libro de Venezuela Filven 2012, es impulsado por la Distribuidora de Cine nacional, Amazonia Films, junto al Fondo Cultural de la Alianza Bolivariana para los Pueblos de Nuestra Am\u00e9rica (Fcalba), a fin de favorecer a las personas asentadas en sitios intrincados de la regi\u00f3n.<\/span><\/p>\n<\/p>\n<p><span class=\"text1noticias\">Con la pel\u00edcula Maldeamores, del puertorrique\u00f1o Carlitos Ruiz, este mi\u00e9rcoles comienzan las proyecciones de cine itinerante que recorrer\u00e1n todo el territorio nacional, con la intenci\u00f3n de difundir filmes criollos y for\u00e1neos en sectores del pa\u00eds donde no existen esos servicios de entretenimiento.<\/span><\/p>\n<\/p>\n<p><span class=\"text1noticias\">Esta iniciativa pretende adem\u00e1s dotar de equipos de proyecci\u00f3n y pantallas inflables a Venezuela, Cuba, Ecuador, Nicaragua, Bolivia, para mostrar pel\u00edculas de un Banco de Im\u00e1genes de la regi\u00f3n, que hasta ahora re\u00fane 40 t\u00edtulos latinoamericanos.<\/span><\/p>\n<\/p>\n<p><span class=\"text1noticias\">Tambi\u00e9n se plantea instalar otro equipo de proyecci\u00f3n fijo en Dominica, que no cuenta con sala de cine.<\/span><\/p>\n<\/p>\n<p><span class=\"text1noticias\">Con motivo del lanzamiento de esa estrategia durante la Filven 2012 en esta capital, en marzo \u00faltimo, Victor Luckert, presidente de la distribuidora f\u00edlmica venezolana, declar\u00f3 que este plan resulta una opci\u00f3n necesaria para Latinoam\u00e9rica y el Caribe, ante el dominio de la industria hollywoodense.<\/span><\/p>\n<\/p>\n<p><span class=\"text1noticias\">\u00abTenemos que encontrar f\u00f3rmulas propias, que surjan de nuestros pa\u00edses de acuerdo con nuestras necesidades para lograr una distribuci\u00f3n alternativa del audiovisual. \u00c9ste es un proyecto que permitir\u00e1 conocernos a nosotros mismos, lo que por muchos a\u00f1os nos ha sido negado\u00bb, dijo.<\/span><\/p>\n<\/p>\n<p><span class=\"text1noticias\">Ma\u00f1ana, la pantalla m\u00f3vil se trasladar\u00e1 a la Plaza La Pastora, en Caracas, para exhibir el animado argentino, Plum\u00edferos, de Daniel De Felippo; mientras que el viernes 27 estar\u00e1 en la Plaza Candelaria con el documental El Santo Salvaje, del venezolano John Petrizzelli, indic\u00f3 Leonardo Graterol, de proyectos del Fcalba.<\/span><\/p>\n<\/p>\n<p><span class=\"text1noticias\">La semana pr\u00f3xima, la pantalla inflable llegar\u00e1 al estado Gu\u00e1rico, seguido de Miranda, Bol\u00edvar y Amazonas.<\/span><\/p>\n<\/p>\n<p><strong><em><u><span class=\"text1noticias\">CG.<\/span><\/u><\/em><\/strong><\/p>\n<\/p>\n<h6> 2012-04-25 19:50:02 <\/h6>\n<p><!--\n<link rel=\"stylesheet\" href=\"css\/bootstrap.min.css\">\n\n\n<ul class=\"pagination\">\n\t    \n\t\n\n<li >\n\t<a href='?page_no=17517'>Previous<\/a>\n\t<\/li>\n\n\n       \n    \n\n<li><a href='?page_no=1'>1<\/a><\/li>\n\n\n\n<li><a href='?page_no=2'>2<\/a><\/li>\n\n\n\n<li><a>...<\/a><\/li>\n\n\n\n<li><a href='?page_no=17516'>17516<\/a><\/li>\n\n\n\n<li><a href='?page_no=17517'>17517<\/a><\/li>\n\n\n\n<li class='active'><a>17518<\/a><\/li>\n\n\n\n<li><a href='?page_no=17519'>17519<\/a><\/li>\n\n\n\n<li><a href='?page_no=17520'>17520<\/a><\/li>\n\n\n\n<li><a>...<\/a><\/li>\n\n\n\n<li><a href='?page_no=22911'>22911<\/a><\/li>\n\n\n\n<li><a href='?page_no=22912'>22912<\/a><\/li>\n\n    \n\t\n\n<li >\n\t<a href='?page_no=17519'>Next<\/a>\n\t<\/li>\n\n\n    \n\n<li><a href='?page_no=22912'>Last &rsaquo;&rsaquo;<\/a><\/li>\n\n<\/ul>\n\n\n--><br \/>\n<\/body><\/p>\n","protected":false},"excerpt":{"rendered":"<p>04:10 PM Caracas, 25 Abr 2012.- (PL) Un proyecto de pantalla de cine inflable y transportable inici\u00f3 hoy su recorrido por la capitalina Plaza Morelos para difundir la filmograf\u00eda venezolana y del resto de Latinoam\u00e9rica y el Caribe en lugares rec\u00f3nditos. El proyecto, presentado en la Feria Internacional del Libro de Venezuela Filven 2012, es [&hellip;]<\/p>\n","protected":false},"author":3,"featured_media":0,"comment_status":"open","ping_status":"open","sticky":false,"template":"","format":"standard","meta":{"footnotes":""},"categories":[21],"tags":[],"class_list":["post-65840","post","type-post","status-publish","format-standard","hentry","category-cultura"],"_links":{"self":[{"href":"https:\/\/diariodominicano.com\/index.php?rest_route=\/wp\/v2\/posts\/65840","targetHints":{"allow":["GET"]}}],"collection":[{"href":"https:\/\/diariodominicano.com\/index.php?rest_route=\/wp\/v2\/posts"}],"about":[{"href":"https:\/\/diariodominicano.com\/index.php?rest_route=\/wp\/v2\/types\/post"}],"author":[{"embeddable":true,"href":"https:\/\/diariodominicano.com\/index.php?rest_route=\/wp\/v2\/users\/3"}],"replies":[{"embeddable":true,"href":"https:\/\/diariodominicano.com\/index.php?rest_route=%2Fwp%2Fv2%2Fcomments&post=65840"}],"version-history":[{"count":0,"href":"https:\/\/diariodominicano.com\/index.php?rest_route=\/wp\/v2\/posts\/65840\/revisions"}],"wp:attachment":[{"href":"https:\/\/diariodominicano.com\/index.php?rest_route=%2Fwp%2Fv2%2Fmedia&parent=65840"}],"wp:term":[{"taxonomy":"category","embeddable":true,"href":"https:\/\/diariodominicano.com\/index.php?rest_route=%2Fwp%2Fv2%2Fcategories&post=65840"},{"taxonomy":"post_tag","embeddable":true,"href":"https:\/\/diariodominicano.com\/index.php?rest_route=%2Fwp%2Fv2%2Ftags&post=65840"}],"curies":[{"name":"wp","href":"https:\/\/api.w.org\/{rel}","templated":true}]}}