{"id":65839,"date":"2012-04-25T19:52:38","date_gmt":"2012-04-25T19:52:38","guid":{"rendered":"http:\/\/diariodominicano.ddns.net\/?p=65839"},"modified":"2012-04-25T19:52:38","modified_gmt":"2012-04-25T19:52:38","slug":"poetas-ecuatorianos-en-encuentro-cultural-en-cuba","status":"publish","type":"post","link":"https:\/\/diariodominicano.com\/?p=65839","title":{"rendered":"&#13;Poetas ecuatorianos en encuentro cultural, en Cuba"},"content":{"rendered":"<p><body><\/p>\n<p><img decoding=\"async\" src=\"img3\/aleyda-ok.jpg\" \/>  <\/p>\n<p><span class=\"text1noticias\">04:15 PM  La Habana, 25 Abr  2012(PL) J\u00f3venes poetas ecuatorianos disertar\u00e1n sobre la literatura contempor\u00e1nea de su pa\u00eds como parte de la semana de las letras de esa naci\u00f3n suramericana, que comenz\u00f3 hoy aqu\u00ed.<\/span><\/p>\n<\/p>\n<p><span class=\"text1noticias\">La delegaci\u00f3n la integran seis escritores: Aleyda Quevedo, Mar\u00eda Luz Albuja, Siomara Espa\u00f1a, Juan Carlos Miranda, Juan Secaira y Javier Ceballos, quienes adem\u00e1s ofrecer\u00e1n recitales de poemas suyos y de otros colegas.<\/span><\/p>\n<\/p>\n<p><span class=\"text1noticias\">Conferencias magistrales sobre la obra de los narradores Humberto Salvador, Pablo Palacio y Jorge Carrera Andrade (1903-1978) se incluyen en el programa.<\/span><\/p>\n<\/p>\n<p><span class=\"text1noticias\">En conferencia de prensa previa a la inauguraci\u00f3n oficial de Semana de las letras ecuatorianas en La Habana, la poeta Aleyda Quevedo dijo que uno de los objetivos del encuentro es acercar al p\u00fablico a esos autores contempor\u00e1neos de su pa\u00eds, cuya obra es poco conocida en la regi\u00f3n.<\/span><\/p>\n<\/p>\n<p><span class=\"text1noticias\">Otros de los momentos significativos ser\u00e1 un homenaje al pr\u00f3cer independista Eloy Alfaro (1842-1912), con un mon\u00f3logo a cargo del dramaturgo Javier Ceballos.<\/span><\/p>\n<\/p>\n<p><span class=\"text1noticias\">Mi intenci\u00f3n es explorar c\u00f3mo los j\u00f3venes ven ahora a Eloy Alfaro, aproximarlos a la historia de mi pa\u00eds mediante su figura, se\u00f1al\u00f3 a la prensa Ceballos.<\/span><\/p>\n<\/p>\n<p><span class=\"text1noticias\">El programa incluye la proyecci\u00f3n de tres cintas de la m\u00e1s reciente filmograf\u00eda de esa naci\u00f3n, entre ellas Abuelo (2010), de la realizadora Carla Valencia.<\/span><\/p>\n<\/p>\n<p><span class=\"text1noticias\">El p\u00fablico disfrutar\u00e1 adem\u00e1s de A tus espaldas (2011), de Tito Jara, y La miel de las morojas (2012), de Jorge Vivanco, basada en la emigraci\u00f3n hacia Espa\u00f1a, tema vigente en la realidad latinoamericana de hoy.<\/span><\/p>\n<\/p>\n<p><span class=\"text1noticias\">La semana de las letras ecuatorianas en La Habana tiene como principales escenarios la Casa del ALBA, la Casa Guayasam\u00edn del centro hist\u00f3rico habanero y el centro Dulce Mar\u00eda Loynaz, gestor principal del encuentro.<\/span><\/p>\n<\/p>\n<p><span class=\"text1noticias\">Organizada por el Ministerio de Cultura de ambas naciones, concluir\u00e1 el s\u00e1bado.<\/span><\/p>\n<p><span class=\"text1noticias\"><strong><em><u>CG.<\/u><\/em><\/strong><\/span><\/p>\n<\/p>\n<h6> 2012-04-25 19:52:38 <\/h6>\n<p><!--\n<link rel=\"stylesheet\" href=\"css\/bootstrap.min.css\">\n\n\n<ul class=\"pagination\">\n\t    \n\t\n\n<li >\n\t<a href='?page_no=17516'>Previous<\/a>\n\t<\/li>\n\n\n       \n    \n\n<li><a href='?page_no=1'>1<\/a><\/li>\n\n\n\n<li><a href='?page_no=2'>2<\/a><\/li>\n\n\n\n<li><a>...<\/a><\/li>\n\n\n\n<li><a href='?page_no=17515'>17515<\/a><\/li>\n\n\n\n<li><a href='?page_no=17516'>17516<\/a><\/li>\n\n\n\n<li class='active'><a>17517<\/a><\/li>\n\n\n\n<li><a href='?page_no=17518'>17518<\/a><\/li>\n\n\n\n<li><a href='?page_no=17519'>17519<\/a><\/li>\n\n\n\n<li><a>...<\/a><\/li>\n\n\n\n<li><a href='?page_no=22911'>22911<\/a><\/li>\n\n\n\n<li><a href='?page_no=22912'>22912<\/a><\/li>\n\n    \n\t\n\n<li >\n\t<a href='?page_no=17518'>Next<\/a>\n\t<\/li>\n\n\n    \n\n<li><a href='?page_no=22912'>Last &rsaquo;&rsaquo;<\/a><\/li>\n\n<\/ul>\n\n\n--><br \/>\n<\/body><\/p>\n","protected":false},"excerpt":{"rendered":"<p>04:15 PM La Habana, 25 Abr 2012(PL) J\u00f3venes poetas ecuatorianos disertar\u00e1n sobre la literatura contempor\u00e1nea de su pa\u00eds como parte de la semana de las letras de esa naci\u00f3n suramericana, que comenz\u00f3 hoy aqu\u00ed. La delegaci\u00f3n la integran seis escritores: Aleyda Quevedo, Mar\u00eda Luz Albuja, Siomara Espa\u00f1a, Juan Carlos Miranda, Juan Secaira y Javier Ceballos, [&hellip;]<\/p>\n","protected":false},"author":3,"featured_media":0,"comment_status":"open","ping_status":"open","sticky":false,"template":"","format":"standard","meta":{"footnotes":""},"categories":[21],"tags":[],"class_list":["post-65839","post","type-post","status-publish","format-standard","hentry","category-cultura"],"_links":{"self":[{"href":"https:\/\/diariodominicano.com\/index.php?rest_route=\/wp\/v2\/posts\/65839","targetHints":{"allow":["GET"]}}],"collection":[{"href":"https:\/\/diariodominicano.com\/index.php?rest_route=\/wp\/v2\/posts"}],"about":[{"href":"https:\/\/diariodominicano.com\/index.php?rest_route=\/wp\/v2\/types\/post"}],"author":[{"embeddable":true,"href":"https:\/\/diariodominicano.com\/index.php?rest_route=\/wp\/v2\/users\/3"}],"replies":[{"embeddable":true,"href":"https:\/\/diariodominicano.com\/index.php?rest_route=%2Fwp%2Fv2%2Fcomments&post=65839"}],"version-history":[{"count":0,"href":"https:\/\/diariodominicano.com\/index.php?rest_route=\/wp\/v2\/posts\/65839\/revisions"}],"wp:attachment":[{"href":"https:\/\/diariodominicano.com\/index.php?rest_route=%2Fwp%2Fv2%2Fmedia&parent=65839"}],"wp:term":[{"taxonomy":"category","embeddable":true,"href":"https:\/\/diariodominicano.com\/index.php?rest_route=%2Fwp%2Fv2%2Fcategories&post=65839"},{"taxonomy":"post_tag","embeddable":true,"href":"https:\/\/diariodominicano.com\/index.php?rest_route=%2Fwp%2Fv2%2Ftags&post=65839"}],"curies":[{"name":"wp","href":"https:\/\/api.w.org\/{rel}","templated":true}]}}