{"id":65838,"date":"2012-04-25T19:56:17","date_gmt":"2012-04-25T19:56:17","guid":{"rendered":"http:\/\/diariodominicano.ddns.net\/?p=65838"},"modified":"2012-04-25T19:56:17","modified_gmt":"2012-04-25T19:56:17","slug":"ecuador-estrena-filme-y-anuncia-festival-de-cine-documental","status":"publish","type":"post","link":"https:\/\/diariodominicano.com\/?p=65838","title":{"rendered":"&#13;&#13;Ecuador estrena filme y anuncia Festival de Cine Documental"},"content":{"rendered":"<p><body><\/p>\n<p><span class=\"text1noticias\">04:25 PM Quito, 25 Abr 2012.- (PL) La cinematograf\u00eda ecuatoriana est\u00e1 de pl\u00e1cemes con el anuncio del estreno El Santuario de las penas y del Festival Internacional de Cine Documental EDOC11, previsto desde el 17 de mayo pr\u00f3ximo.<\/span><\/p>\n<\/p>\n<p><span class=\"text1noticias\">El nuevo filme, un suspenso escrito y dirigido por Ernesto Cobo, rodado fundamentalmente en el Hospital Psiqui\u00e1trico Hospicio de San L\u00e1zaro, en el Centro Hist\u00f3rico capitalino, rescata costumbres y juegos tradicionales del Quito de los a\u00f1os 50 del siglo pasado.<\/span><\/p>\n<\/p>\n<p><span class=\"text1noticias\">La producci\u00f3n, en la que act\u00faan Marcela Campos y Ernesto ALb\u00e1n entre los protagonistas, se estrenar\u00e1 el pr\u00f3ximo d\u00eda 27 en todo el pa\u00eds, con la cual la industria nacional contin\u00faa oxigen\u00e1ndose.<\/span><\/p>\n<\/p>\n<p><span class=\"text1noticias\">Por otra parte, se anunci\u00f3 el inicio del Festival Internacional de Cine Documental, denominado \u00abEncuentros del otro cine (EDOC11), donde concursar\u00e1n m\u00e1s de 80 t\u00edtulos, distribuidos en cinco secciones y una retrospectiva.<\/span><\/p>\n<\/p>\n<p><span class=\"text1noticias\">La secci\u00f3n Panorama contar\u00e1 con 34 pel\u00edculas, entre \u00e9stas la \u00faltima producci\u00f3n de Werner Herzog en 3D, Cave of Forgotten Dreams, y This is not a film, del iran\u00ed Jafar Panahi, codirigida con Mojtaba Mirtahmasb.<\/span><\/p>\n<\/p>\n<p><span class=\"text1noticias\">El valor de lo vivido: resistir y rehacerse es un apartado en el cual contendr\u00e1n 22 cintas, mientras la Emigraci\u00f3n ser\u00e1 el tema de una selecci\u00f3n de cinco producciones de varias latitudes.<\/span><\/p>\n<\/p>\n<p><span class=\"text1noticias\">Otra de las secciones, Imagen-Acci\u00f3n, abordar\u00e1 historias vinculadas a revoluciones sociales, conflictos y luchas, en donde se presentar\u00e1n ocho t\u00edtulos.<\/span><\/p>\n<\/p>\n<p><span class=\"text1noticias\">Este a\u00f1o, los EDOC11 presentar\u00e1n ocho pel\u00edculas en la secci\u00f3n C\u00f3mo nos ven, c\u00f3mo nos vemos, dedicada a Ecuador, sus culturas y procesos, ya sea desde la perspectiva de realizadores nacionales o desde la visi\u00f3n de productores extranjeros.<\/span><\/p>\n<\/p>\n<p><span class=\"text1noticias\">El Festival contar\u00e1, adem\u00e1s, con el documentalista brasile\u00f1o Eduardo Coutinho, uno de los nombres fundamentales en esta especialidad a nivel latinoamericano, y de quien se expondr\u00e1n sus obras Cabra Marcado para Morrer (1984) y As Can\u00e7oes (2011).<\/span><\/p>\n<\/p>\n<p><span class=\"text1noticias\">Los pa\u00edses representados en esta edici\u00f3n de ECOC11 son Alemania, Argentina, Austria, Bolivia, Brasil, Chile, Colombia, Corea del Sur, Cuba, Espa\u00f1a, Estados Unidos, Francia, Holanda, Ir\u00e1n, Israel, M\u00e9xico, Nicaragua, Palestina, Paraguay, Per\u00fa, Polonia, Rusia, Serbia, Suiza, Turqu\u00eda, Uruguay, Venezuela y Ecuador.<\/span><\/p>\n<\/p>\n<p><strong><em><u><span class=\"text1noticias\">CG.<\/span><\/u><\/em><\/strong><\/p>\n<\/p>\n<h6> 2012-04-25 19:56:17 <\/h6>\n<p><!--\n<link rel=\"stylesheet\" href=\"css\/bootstrap.min.css\">\n\n\n<ul class=\"pagination\">\n\t    \n\t\n\n<li >\n\t<a href='?page_no=17515'>Previous<\/a>\n\t<\/li>\n\n\n       \n    \n\n<li><a href='?page_no=1'>1<\/a><\/li>\n\n\n\n<li><a href='?page_no=2'>2<\/a><\/li>\n\n\n\n<li><a>...<\/a><\/li>\n\n\n\n<li><a href='?page_no=17514'>17514<\/a><\/li>\n\n\n\n<li><a href='?page_no=17515'>17515<\/a><\/li>\n\n\n\n<li class='active'><a>17516<\/a><\/li>\n\n\n\n<li><a href='?page_no=17517'>17517<\/a><\/li>\n\n\n\n<li><a href='?page_no=17518'>17518<\/a><\/li>\n\n\n\n<li><a>...<\/a><\/li>\n\n\n\n<li><a href='?page_no=22911'>22911<\/a><\/li>\n\n\n\n<li><a href='?page_no=22912'>22912<\/a><\/li>\n\n    \n\t\n\n<li >\n\t<a href='?page_no=17517'>Next<\/a>\n\t<\/li>\n\n\n    \n\n<li><a href='?page_no=22912'>Last &rsaquo;&rsaquo;<\/a><\/li>\n\n<\/ul>\n\n\n--><br \/>\n<\/body><\/p>\n","protected":false},"excerpt":{"rendered":"<p>04:25 PM Quito, 25 Abr 2012.- (PL) La cinematograf\u00eda ecuatoriana est\u00e1 de pl\u00e1cemes con el anuncio del estreno El Santuario de las penas y del Festival Internacional de Cine Documental EDOC11, previsto desde el 17 de mayo pr\u00f3ximo. El nuevo filme, un suspenso escrito y dirigido por Ernesto Cobo, rodado fundamentalmente en el Hospital Psiqui\u00e1trico [&hellip;]<\/p>\n","protected":false},"author":3,"featured_media":0,"comment_status":"open","ping_status":"open","sticky":false,"template":"","format":"standard","meta":{"footnotes":""},"categories":[21],"tags":[],"class_list":["post-65838","post","type-post","status-publish","format-standard","hentry","category-cultura"],"_links":{"self":[{"href":"https:\/\/diariodominicano.com\/index.php?rest_route=\/wp\/v2\/posts\/65838","targetHints":{"allow":["GET"]}}],"collection":[{"href":"https:\/\/diariodominicano.com\/index.php?rest_route=\/wp\/v2\/posts"}],"about":[{"href":"https:\/\/diariodominicano.com\/index.php?rest_route=\/wp\/v2\/types\/post"}],"author":[{"embeddable":true,"href":"https:\/\/diariodominicano.com\/index.php?rest_route=\/wp\/v2\/users\/3"}],"replies":[{"embeddable":true,"href":"https:\/\/diariodominicano.com\/index.php?rest_route=%2Fwp%2Fv2%2Fcomments&post=65838"}],"version-history":[{"count":0,"href":"https:\/\/diariodominicano.com\/index.php?rest_route=\/wp\/v2\/posts\/65838\/revisions"}],"wp:attachment":[{"href":"https:\/\/diariodominicano.com\/index.php?rest_route=%2Fwp%2Fv2%2Fmedia&parent=65838"}],"wp:term":[{"taxonomy":"category","embeddable":true,"href":"https:\/\/diariodominicano.com\/index.php?rest_route=%2Fwp%2Fv2%2Fcategories&post=65838"},{"taxonomy":"post_tag","embeddable":true,"href":"https:\/\/diariodominicano.com\/index.php?rest_route=%2Fwp%2Fv2%2Ftags&post=65838"}],"curies":[{"name":"wp","href":"https:\/\/api.w.org\/{rel}","templated":true}]}}