{"id":658372,"date":"2026-01-04T01:53:16","date_gmt":"2026-01-04T05:53:16","guid":{"rendered":"https:\/\/diariodominicano.com\/?p=658372"},"modified":"2026-01-04T13:49:22","modified_gmt":"2026-01-04T17:49:22","slug":"gobierno-dominicano-reitera-respaldo-a-la-democracia-en-venezuela-presidencia","status":"publish","type":"post","link":"https:\/\/diariodominicano.com\/?p=658372","title":{"rendered":"Gobierno dominicano reitera respaldo a la democracia en Venezuela: Presidencia de la Rep\u00fablica"},"content":{"rendered":"\n<h3 class=\"wp-block-heading\">Afirma que la RD estar\u00e1 siempre del lado de la democracia, donde sea, cuando sea y ante quien sea.<\/h3>\n\n\n\n<p>3 de Enero 2026 :<\/p>\n\n\n\n<p>Santo Domingo, RD.\u2013\u00a0<strong>El presidente Luis Abinader<\/strong>\u00a0afirm\u00f3 el s\u00e1bado que el Gobierno dominicano mantiene un\u00a0<strong>seguimiento<\/strong>\u00a0permanente a la evoluci\u00f3n de los\u00a0<strong>acontecimientos en Venezuela<\/strong>\u00a0y reiter\u00f3 que la Rep\u00fablica Dominicana\u00a0<strong>nunca reconoci\u00f3<\/strong>\u00a0la legitimidad de la\u00a0<strong>proclamaci\u00f3n de Nicol\u00e1s Maduro<\/strong>\u00a0tras las elecciones celebradas en\u00a0<strong>julio de 2024<\/strong>.<\/p>\n\n\n\n<p>A trav\u00e9s de la red social X, antigua Twitter, el mandatario record\u00f3 que, en coherencia con esa posici\u00f3n, el pa\u00eds impuls\u00f3 la&nbsp;<strong>Declaraci\u00f3n de Santo Domingo en agosto de ese mismo a\u00f1o<\/strong>, iniciativa que demand\u00f3 el respeto a la&nbsp;<strong>voluntad expresada en las urnas<\/strong>&nbsp;por el pueblo venezolano.<\/p>\n\n\n\n<p>El jefe de Estado destac\u00f3 que la&nbsp;<strong>solidaridad entre los pueblos dominicano y venezolano<\/strong>&nbsp;es hist\u00f3rica y reafirm\u00f3 la disposici\u00f3n del pa\u00eds a colaborar con los esfuerzos dirigidos al&nbsp;<strong>restablecimiento de la democracia, la paz y la concordia nacional<\/strong>&nbsp;en territorio venezolano.<\/p>\n\n\n\n<p>El presidente Abinader enfatiz\u00f3 que la Rep\u00fablica Dominicana mantendr\u00e1 una&nbsp;<strong>postura firme en defensa de los valores democr\u00e1ticos<\/strong>, por lo cual asegur\u00f3 que el pa\u00eds estar\u00e1 siempre del lado de la democracia, en cualquier escenario y circunstancia.<\/p>\n\n\n\n<p><em>\u00abRep\u00fablica Dominicana estar\u00e1 siempre del lado de la democracia, donde sea, cuando sea y ante quien sea\u00bb<\/em>, afirm\u00f3 el mandatario.<\/p>\n\n\n\n<p><em>\u00abEl Gobierno dominicano sigue de cerca la evoluci\u00f3n de los acontecimientos en Venezuela. Nuestro pa\u00eds nunca reconoci\u00f3 la legitimidad de la proclama de Nicol\u00e1s Maduro como presidente tras las elecciones de julio de 2024. En consonancia con ello, promovimos la Declaraci\u00f3n de Santo Domingo de agosto del mismo a\u00f1o, que exigi\u00f3 el respeto a la voluntad expresada en las urnas. La solidaridad entre los pueblos dominicano y venezolano es hist\u00f3rica. Hoy reiteramos nuestra disposici\u00f3n a colaborar con el restablecimiento de la democracia, la paz y la concordia nacional en Venezuela. Rep\u00fablica Dominicana estar\u00e1 siempre del lado de la democracia. Donde sea, cuando sea y ante quien sea\u00bb<\/em>, poste\u00f3 el presidente Abinader en la referida red social.<\/p>\n\n\n\n<p>Con informaci\u00f3n de la Presidencia de la Rep\u00fablica Dominicana.<\/p>\n","protected":false},"excerpt":{"rendered":"<p>Afirma que la RD estar\u00e1 siempre del lado de la democracia, donde sea, cuando sea y ante quien sea. 3 de Enero 2026 : Santo Domingo, RD.\u2013\u00a0El presidente Luis Abinader\u00a0afirm\u00f3 el s\u00e1bado que el Gobierno dominicano mantiene un\u00a0seguimiento\u00a0permanente a la evoluci\u00f3n de los\u00a0acontecimientos en Venezuela\u00a0y reiter\u00f3 que la Rep\u00fablica Dominicana\u00a0nunca reconoci\u00f3\u00a0la legitimidad de la\u00a0proclamaci\u00f3n de [&hellip;]<\/p>\n","protected":false},"author":2,"featured_media":641093,"comment_status":"closed","ping_status":"closed","sticky":false,"template":"","format":"standard","meta":{"footnotes":""},"categories":[36,20,27],"tags":[1854,1375],"class_list":["post-658372","post","type-post","status-publish","format-standard","has-post-thumbnail","hentry","category-hombresmujeresycosas","category-dominicana-hoy","category-portada","tag-presidente-abinader","tag-venezuela"],"_links":{"self":[{"href":"https:\/\/diariodominicano.com\/index.php?rest_route=\/wp\/v2\/posts\/658372","targetHints":{"allow":["GET"]}}],"collection":[{"href":"https:\/\/diariodominicano.com\/index.php?rest_route=\/wp\/v2\/posts"}],"about":[{"href":"https:\/\/diariodominicano.com\/index.php?rest_route=\/wp\/v2\/types\/post"}],"author":[{"embeddable":true,"href":"https:\/\/diariodominicano.com\/index.php?rest_route=\/wp\/v2\/users\/2"}],"replies":[{"embeddable":true,"href":"https:\/\/diariodominicano.com\/index.php?rest_route=%2Fwp%2Fv2%2Fcomments&post=658372"}],"version-history":[{"count":3,"href":"https:\/\/diariodominicano.com\/index.php?rest_route=\/wp\/v2\/posts\/658372\/revisions"}],"predecessor-version":[{"id":658376,"href":"https:\/\/diariodominicano.com\/index.php?rest_route=\/wp\/v2\/posts\/658372\/revisions\/658376"}],"wp:featuredmedia":[{"embeddable":true,"href":"https:\/\/diariodominicano.com\/index.php?rest_route=\/wp\/v2\/media\/641093"}],"wp:attachment":[{"href":"https:\/\/diariodominicano.com\/index.php?rest_route=%2Fwp%2Fv2%2Fmedia&parent=658372"}],"wp:term":[{"taxonomy":"category","embeddable":true,"href":"https:\/\/diariodominicano.com\/index.php?rest_route=%2Fwp%2Fv2%2Fcategories&post=658372"},{"taxonomy":"post_tag","embeddable":true,"href":"https:\/\/diariodominicano.com\/index.php?rest_route=%2Fwp%2Fv2%2Ftags&post=658372"}],"curies":[{"name":"wp","href":"https:\/\/api.w.org\/{rel}","templated":true}]}}