{"id":65837,"date":"2012-04-25T20:49:56","date_gmt":"2012-04-25T20:49:56","guid":{"rendered":"http:\/\/diariodominicano.ddns.net\/?p=65837"},"modified":"2012-04-25T20:49:56","modified_gmt":"2012-04-25T20:49:56","slug":"el-montanista-karim-mella-con-el-patrocinio-de-gfdd-funglode-organizaron-la-primera-excursion-educacional-al-pico-duarte","status":"publish","type":"post","link":"https:\/\/diariodominicano.com\/?p=65837","title":{"rendered":"&#13;El monta\u00f1ista Karim Mella con el patrocinio de GFDD\/FUNGLODE organizaron la primera excursi\u00f3n educacional al Pico Duarte"},"content":{"rendered":"<p><body><\/p>\n<p><img decoding=\"async\" src=\"img3\/PICO DUARTE ESCALAN 1.JPG\" \/><br \/><img decoding=\"async\" src=\"img3\/PICO DUARTE ESCALAN 2.JPG\" \/>  <\/p>\n<p><span class=\"text1noticias\">04:52 PM SANTO DOMINGO, RD, 25 Abr 2012.-Karim Mella y la Global Foundationfor Democracy and Development (GFDD), instituci\u00f3n hermana de la Fundaci\u00f3n Global Democracia y Desarrollo (FUNGLODE), organizan la 1ra excursi\u00f3n educacional al Pico Duarte, durante los d\u00edas 2, 3, 4 y 5 de abril con la participaci\u00f3n de estudiantes y profesores de escuelas p\u00fablicas de Santo Domingo. <\/span><\/p>\n<\/p>\n<p><span class=\"text1noticias\">La excursi\u00f3n cont\u00f3 con la participaci\u00f3n de algunos miembros de la primera expedici\u00f3n Dominicana al Monte Everest, y los monta\u00f1istas Norteamericanos Steve Maison y ZacharyZaitzeff.<\/span><\/p>\n<\/p>\n<p><span class=\"text1noticias\">Bajo el lema \u00abMi Meta es la Cima!\u00bb, el  viaje inaugural se llevo a cabo con 50 estudiantes y 9 profesores de 4to de bachillerato  de los liceos Rep\u00fablica de Colombia, Rep\u00fablica de Guatemala y Prof. Cristina Billini Morales (Fe y Alegr\u00eda)de la ciudad de Santo Domingo quienes, adem\u00e1s recibieron una charla educacional por parte de Karim Mella, director y organizador de la expedici\u00f3ncon la finalidad decrear conciencia sobre la importancia de conservar nuestro medio ambiente.<\/span><\/p>\n<\/p>\n<p><span class=\"text1noticias\">Para la selecci\u00f3n de los estudiantes se hizo un concurso que consisti\u00f3 en la redacci\u00f3n de un ensayo basado en la importancia de los bosques y los recursos naturales de Rep\u00fablica Dominicana.  Cada liceo present\u00f3  20 estudiantes, junto a tres profesores dispuestos a realizar la excursi\u00f3n. <\/span><\/p>\n<\/p>\n<p><span class=\"text1noticias\">Un jurado de la GFDD escogi\u00f3 a los j\u00f3venes de cada liceo, los cuales fueron sometidos a un riguroso entrenamiento f\u00edsico por tres semanas anteriores a la partida.<\/span><\/p>\n<\/p>\n<p><span class=\"text1noticias\">Durante la excursi\u00f3n los estudiantes recibieron por parte de cada uno de los profesores seleccionados en el proyecto clases de temas relacionados con el medio ambiente, como Geograf\u00eda de las cordilleras,  r\u00edos, fauna, flora, clima de la Rep\u00fablica Dominicana, protecci\u00f3n del medio ambiente y la biodiversidad, higiene, fuegos forestales, reforestaci\u00f3n y primeros auxilios.  As\u00ed como tambi\u00e9n una charla por el Sr. Alex Corona, ec\u00f3logoy director del Parque Armando Berm\u00fadez.<\/span><\/p>\n<p><span class=\"text1noticias\"> <\/span><\/p>\n<p><span class=\"text1noticias\">La expedici\u00f3n cont\u00f3,tambi\u00e9n,con la participaci\u00f3n de unos 10 voluntarios para el control de la excursi\u00f3n y un equipo  de cinco personas  compuesto por el director de la excursi\u00f3n, Karim Mella, un asistente, un doctor, un cocinero y un camar\u00f3grafo, adem\u00e1s de los dos expertos monta\u00f1istas norteamericanos.<\/span><\/p>\n<\/p>\n<p><span class=\"text1noticias\">Esta iniciativa deKarim Mella surge como una idea despu\u00e9s de su regreso del Monte Everest, quiense convirti\u00f3 en el primer dominicano en coronar el punto m\u00e1s alto del mundo, con  una altura de 8,850 metros  el 20 de mayo de 2011.<\/span><\/p>\n<\/p>\n<p><strong><em><u><span class=\"text1noticias\">CG.<\/span><\/u><\/em><\/strong><\/p>\n<\/p>\n<h6> 2012-04-25 20:49:56 <\/h6>\n<p><!--\n<link rel=\"stylesheet\" href=\"css\/bootstrap.min.css\">\n\n\n<ul class=\"pagination\">\n\t    \n\t\n\n<li >\n\t<a href='?page_no=17514'>Previous<\/a>\n\t<\/li>\n\n\n       \n    \n\n<li><a href='?page_no=1'>1<\/a><\/li>\n\n\n\n<li><a href='?page_no=2'>2<\/a><\/li>\n\n\n\n<li><a>...<\/a><\/li>\n\n\n\n<li><a href='?page_no=17513'>17513<\/a><\/li>\n\n\n\n<li><a href='?page_no=17514'>17514<\/a><\/li>\n\n\n\n<li class='active'><a>17515<\/a><\/li>\n\n\n\n<li><a href='?page_no=17516'>17516<\/a><\/li>\n\n\n\n<li><a href='?page_no=17517'>17517<\/a><\/li>\n\n\n\n<li><a>...<\/a><\/li>\n\n\n\n<li><a href='?page_no=22911'>22911<\/a><\/li>\n\n\n\n<li><a href='?page_no=22912'>22912<\/a><\/li>\n\n    \n\t\n\n<li >\n\t<a href='?page_no=17516'>Next<\/a>\n\t<\/li>\n\n\n    \n\n<li><a href='?page_no=22912'>Last &rsaquo;&rsaquo;<\/a><\/li>\n\n<\/ul>\n\n\n--><br \/>\n<\/body><\/p>\n","protected":false},"excerpt":{"rendered":"<p>04:52 PM SANTO DOMINGO, RD, 25 Abr 2012.-Karim Mella y la Global Foundationfor Democracy and Development (GFDD), instituci\u00f3n hermana de la Fundaci\u00f3n Global Democracia y Desarrollo (FUNGLODE), organizan la 1ra excursi\u00f3n educacional al Pico Duarte, durante los d\u00edas 2, 3, 4 y 5 de abril con la participaci\u00f3n de estudiantes y profesores de escuelas p\u00fablicas [&hellip;]<\/p>\n","protected":false},"author":3,"featured_media":0,"comment_status":"open","ping_status":"open","sticky":false,"template":"","format":"standard","meta":{"footnotes":""},"categories":[21],"tags":[],"class_list":["post-65837","post","type-post","status-publish","format-standard","hentry","category-cultura"],"_links":{"self":[{"href":"https:\/\/diariodominicano.com\/index.php?rest_route=\/wp\/v2\/posts\/65837","targetHints":{"allow":["GET"]}}],"collection":[{"href":"https:\/\/diariodominicano.com\/index.php?rest_route=\/wp\/v2\/posts"}],"about":[{"href":"https:\/\/diariodominicano.com\/index.php?rest_route=\/wp\/v2\/types\/post"}],"author":[{"embeddable":true,"href":"https:\/\/diariodominicano.com\/index.php?rest_route=\/wp\/v2\/users\/3"}],"replies":[{"embeddable":true,"href":"https:\/\/diariodominicano.com\/index.php?rest_route=%2Fwp%2Fv2%2Fcomments&post=65837"}],"version-history":[{"count":0,"href":"https:\/\/diariodominicano.com\/index.php?rest_route=\/wp\/v2\/posts\/65837\/revisions"}],"wp:attachment":[{"href":"https:\/\/diariodominicano.com\/index.php?rest_route=%2Fwp%2Fv2%2Fmedia&parent=65837"}],"wp:term":[{"taxonomy":"category","embeddable":true,"href":"https:\/\/diariodominicano.com\/index.php?rest_route=%2Fwp%2Fv2%2Fcategories&post=65837"},{"taxonomy":"post_tag","embeddable":true,"href":"https:\/\/diariodominicano.com\/index.php?rest_route=%2Fwp%2Fv2%2Ftags&post=65837"}],"curies":[{"name":"wp","href":"https:\/\/api.w.org\/{rel}","templated":true}]}}