{"id":65836,"date":"2012-04-25T23:05:41","date_gmt":"2012-04-25T23:05:41","guid":{"rendered":"http:\/\/diariodominicano.ddns.net\/?p=65836"},"modified":"2012-04-25T23:05:41","modified_gmt":"2012-04-25T23:05:41","slug":"desarrollaran-proyecto-instalacion-extension-uasd-en-monte-plata","status":"publish","type":"post","link":"https:\/\/diariodominicano.com\/?p=65836","title":{"rendered":"Desarrollar\u00e1n proyecto instalaci\u00f3n Extensi\u00f3n UASD en Monte Plata"},"content":{"rendered":"<p><body><\/p>\n<p><img decoding=\"async\" src=\"img3\/convenio.JPG\" \/>  <\/p>\n<p><span class=\"text1noticias\">Rep.Dom. 25 de Abril 07:10 P.M.-La Universidad Aut\u00f3noma de Santo Domingo y la Asociaci\u00f3n Dominicana de Municipios del Este (ADEME) desarrollar\u00e1n un proyecto de instalaci\u00f3n de una extensi\u00f3n de la UASD en Monte Plata, en la medida en que los reglamentos y resoluciones de la academia lo permitan.<\/span><\/p>\n<\/p>\n<p><span class=\"text1noticias\">\tEsta decisi\u00f3n es producto de un acuerdo firmado este mi\u00e9rcoles entre ambas instituciones, con el objetivo de desarrollar un intercambio mutuo de informaciones disponibles en esas entidades, con la finalidad de enriquecer y complementar el trabajo de cada una y de fortalecer la conservaci\u00f3n y el desarrollo sostenible en la regi\u00f3n Este del pa\u00eds.<\/span><\/p>\n<\/p>\n<p><span class=\"text1noticias\">Por la casa de altos estudios firm\u00f3 el rector, maestro Mateo Aquino Febrillet, y por ADEME, su presidenta y alcaldesa del Municipio de Sabana Grande de Boy\u00e1, en Monte Plata, doctora Bertilia Fern\u00e1ndez Parachez, durante un acto realizado en el Antedespacho de la Rector\u00eda. <\/span><\/p>\n<\/p>\n<p><span class=\"text1noticias\"> Aquino Febrillet destac\u00f3 la importancia de este acuerdo y dijo que a trav\u00e9s de la vicerrector\u00eda de Extensi\u00f3n se trabajar\u00e1 a fin de darle continuidad  a lo acordado y de esa manera seguir cumpliendo con el compromiso que con la sociedad tiene la Universidad Primada de Am\u00e9rica.<\/span><\/p>\n<\/p>\n<p><span class=\"text1noticias\">De igual forma se expres\u00f3 la doctora Fern\u00e1ndez  Parachez, quien se mostr\u00f3 confiable en que  este acuerdo se desarrollar\u00e1 y que ser\u00e1 un ejemplo para el pueblo de c\u00f3mo deben  funcionar los ayuntamientos  de las distintas provincias y dijo que \u00abcon este apoyo la UASD abre las puertas para que el pa\u00eds aprenda a manejara las instituciones p\u00fablicas, las cuales son mal vistas  en estos momentos\u00bb.    <\/span><\/p>\n<\/p>\n<p><span class=\"text1noticias\">Entre lo acordado, adem\u00e1s del proyecto para instalar una extensi\u00f3n de la academia en Monte Plata, la UASD y ADEME se comprometen al desarrollo y capacitaci\u00f3n de las autoridades municipales, as\u00ed como del personal de los ayuntamientos, mediante la implementaci\u00f3n de postgrados, cursos, seminarios y talleres en materia agr\u00edcola, lechera, saneamiento animal, l\u00e1cteos, y ecoturismo.  <\/span><\/p>\n<\/p>\n<p><span class=\"text1noticias\">Adem\u00e1s, se contempla la ejecuci\u00f3n de pasant\u00edas de estudiantes de la Universidad estatal en los ayuntamientos y juntas de distritos de la regi\u00f3n Este, y la colaboraci\u00f3n de la Primada de Am\u00e9rica en publicaciones municipalistas a intenci\u00f3n de la ADEME, enfocadas en la capacitaci\u00f3n y formaci\u00f3n de los recursos humanos de los gobiernos locales. <\/span><\/p>\n<\/p>\n<p><span class=\"text1noticias\">Asimismo, se estipula impartir materias de enfoques municipalistas en carreras puntuales en esas \u00e1reas en la casa de altos estudios, formular y llevar a cabo un proyecto de desarrollo entre ambas instituciones para mejorar el servicio a los ciudadanos\/as, al igual que proponer pol\u00edticas de prevenci\u00f3n en materia de salud y prevenci\u00f3n de desastres naturales.<\/span><\/p>\n<\/p>\n<p><span class=\"text1noticias\">En el acto estuvieron presentes tambi\u00e9n, los vicerrectores de Investigaci\u00f3n y Postgrado, Francisco Vegazo, y de Extensi\u00f3n, Francisco Terrero Galarza; los decanos de las facultades de: Ingenier\u00eda y Arquitectura, Jos\u00e9 Joaqu\u00edn Reyes, y de Ciencias de la Salud, Mauro Canario, as\u00ed como directores de escuelas y departamentos de la instituci\u00f3n acad\u00e9mica.(HG)<\/span>.<\/p>\n<\/p>\n<h6> 2012-04-25 23:05:41 <\/h6>\n<p><!--\n<link rel=\"stylesheet\" href=\"css\/bootstrap.min.css\">\n\n\n<ul class=\"pagination\">\n\t    \n\t\n\n<li >\n\t<a href='?page_no=17513'>Previous<\/a>\n\t<\/li>\n\n\n       \n    \n\n<li><a href='?page_no=1'>1<\/a><\/li>\n\n\n\n<li><a href='?page_no=2'>2<\/a><\/li>\n\n\n\n<li><a>...<\/a><\/li>\n\n\n\n<li><a href='?page_no=17512'>17512<\/a><\/li>\n\n\n\n<li><a href='?page_no=17513'>17513<\/a><\/li>\n\n\n\n<li class='active'><a>17514<\/a><\/li>\n\n\n\n<li><a href='?page_no=17515'>17515<\/a><\/li>\n\n\n\n<li><a href='?page_no=17516'>17516<\/a><\/li>\n\n\n\n<li><a>...<\/a><\/li>\n\n\n\n<li><a href='?page_no=22911'>22911<\/a><\/li>\n\n\n\n<li><a href='?page_no=22912'>22912<\/a><\/li>\n\n    \n\t\n\n<li >\n\t<a href='?page_no=17515'>Next<\/a>\n\t<\/li>\n\n\n    \n\n<li><a href='?page_no=22912'>Last &rsaquo;&rsaquo;<\/a><\/li>\n\n<\/ul>\n\n\n--><br \/>\n<\/body><\/p>\n","protected":false},"excerpt":{"rendered":"<p>Rep.Dom. 25 de Abril 07:10 P.M.-La Universidad Aut\u00f3noma de Santo Domingo y la Asociaci\u00f3n Dominicana de Municipios del Este (ADEME) desarrollar\u00e1n un proyecto de instalaci\u00f3n de una extensi\u00f3n de la UASD en Monte Plata, en la medida en que los reglamentos y resoluciones de la academia lo permitan. Esta decisi\u00f3n es producto de un acuerdo [&hellip;]<\/p>\n","protected":false},"author":3,"featured_media":0,"comment_status":"open","ping_status":"open","sticky":false,"template":"","format":"standard","meta":{"footnotes":""},"categories":[21],"tags":[],"class_list":["post-65836","post","type-post","status-publish","format-standard","hentry","category-cultura"],"_links":{"self":[{"href":"https:\/\/diariodominicano.com\/index.php?rest_route=\/wp\/v2\/posts\/65836","targetHints":{"allow":["GET"]}}],"collection":[{"href":"https:\/\/diariodominicano.com\/index.php?rest_route=\/wp\/v2\/posts"}],"about":[{"href":"https:\/\/diariodominicano.com\/index.php?rest_route=\/wp\/v2\/types\/post"}],"author":[{"embeddable":true,"href":"https:\/\/diariodominicano.com\/index.php?rest_route=\/wp\/v2\/users\/3"}],"replies":[{"embeddable":true,"href":"https:\/\/diariodominicano.com\/index.php?rest_route=%2Fwp%2Fv2%2Fcomments&post=65836"}],"version-history":[{"count":0,"href":"https:\/\/diariodominicano.com\/index.php?rest_route=\/wp\/v2\/posts\/65836\/revisions"}],"wp:attachment":[{"href":"https:\/\/diariodominicano.com\/index.php?rest_route=%2Fwp%2Fv2%2Fmedia&parent=65836"}],"wp:term":[{"taxonomy":"category","embeddable":true,"href":"https:\/\/diariodominicano.com\/index.php?rest_route=%2Fwp%2Fv2%2Fcategories&post=65836"},{"taxonomy":"post_tag","embeddable":true,"href":"https:\/\/diariodominicano.com\/index.php?rest_route=%2Fwp%2Fv2%2Ftags&post=65836"}],"curies":[{"name":"wp","href":"https:\/\/api.w.org\/{rel}","templated":true}]}}