{"id":65835,"date":"2012-04-26T00:25:10","date_gmt":"2012-04-26T00:25:10","guid":{"rendered":"http:\/\/diariodominicano.ddns.net\/?p=65835"},"modified":"2012-04-26T00:25:10","modified_gmt":"2012-04-26T00:25:10","slug":"conferencia-sobre-el-mecenazgo-en-el-centro-leon","status":"publish","type":"post","link":"https:\/\/diariodominicano.com\/?p=65835","title":{"rendered":"Conferencia sobre el Mecenazgo en el Centro Le\u00f3n"},"content":{"rendered":"<p><body><\/p>\n<p><img decoding=\"async\" src=\"img3\/mecenazgo.JPG\" \/>  <\/p>\n<p><span class=\"text1noticias\">Rep.Dom. 25 de Abril 08:30 P.M.- Con un amplio recorrido por la figura del mecenas como sujeto protector de las artes y la cultura, el Centro Cultural Eduardo Le\u00f3n Jimenes ofreci\u00f3, el pasado martes 17 de abril, una conferencia con Abil Peralta Aguero, cr\u00edtico de arte, donde se abord\u00f3 desde los primeros registros del mecenas en el siglo XV durante el Renacimiento, hasta variantes tan importantes como la del pintor de corte. <\/span><\/p>\n<\/p>\n<p><span class=\"text1noticias\">Igualmente se hizo referencia a las acciones de mecenazgo familiar registradas en el siglo XX en sociedades tan importantes como Estados Unidos, Espa\u00f1a, Buenos Aires y M\u00e9xico, que han culminado con la fundaci\u00f3n de Museos de trascendencia internacional.<\/span><\/p>\n<\/p>\n<p><span class=\"text1noticias\">El reconocido profesional en materia de artes pl\u00e1sticas estuvo acompa\u00f1ado de Rafael Emilio Yun\u00e9n, Director General del Centro Le\u00f3n y Sara Hermann, Asesora de Artes Visuales de este centro Cultural. Las palabras de bienvenida a cargo de Rafael Emilio Yun\u00e9n, quien agradeci\u00f3 la presencia de Abil Peralta, as\u00ed como la del p\u00fablico asistente, abrieron el di\u00e1logo con distintas cuestionantes que dieron como resultado una interesante ponencia, ante un selecto p\u00fablico de artistas, galerista, intelectuales e importantes personalidades del ambiente cultural regional. <\/span><\/p>\n<\/p>\n<p><span class=\"text1noticias\">Peralta, al hablar de mecenazgo de Estado u oficial, as\u00ed como el mecenazgo Corporativo \/ Empresarial y el Institucional, hizo \u00e9nfasis en las experiencias dominicanas expresadas en las iniciativas de distintas fundaciones y centros culturales de nuestro pa\u00eds, resaltando la, Fundaci\u00f3n Garc\u00eda Ar\u00e9valo, Fundaci\u00f3n Altos de Chav\u00f3n, Fundaci\u00f3n Arawak (Museo del Dibujo Contempor\u00e1neo, Sal\u00f3n de Dibujo de Santo Domingo), Fundaci\u00f3n Bonao para la Cultura.<\/span><\/p>\n<\/p>\n<p><span class=\"text1noticias\">(Galer\u00eda C\u00e1ndido Bid\u00f3, Plaza de la Cultura de Bonao, Museo C\u00e1ndido Bid\u00f3), Casa de Teatro, Museo de la Porcelana, Museo Bellapart, incluida las del propio Centro Le\u00f3n, Fundaci\u00f3n Imagen 83 (PHOTOIMAGEN, Centro de la Imagen), Centro Cultural Perell\u00f3 y el Centro Mirador, entre otras (en im\u00e1genes de apoyo, Fundaci\u00f3n Igneri: Trienal Internacional de Cer\u00e1mica, Museo de la Cer\u00e1mica Contempor\u00e1nea, Centro Cultural Punta Cana). <\/span><\/p>\n<\/p>\n<p><span class=\"text1noticias\">El tambi\u00e9n curador de arte, dio a conocer detalles sobre los actuales proyectos de ley sobre el tema que est\u00e1n siendo impulsados desde el Congreso Nacional y las contribuciones que traer\u00eda esta ley para el sistema art\u00edstico y para el sector empresarial en la Rep\u00fablica Dominicana.(HG)<\/span>.<\/p>\n<\/p>\n<h6> 2012-04-26 00:25:10 <\/h6>\n<p><!--\n<link rel=\"stylesheet\" href=\"css\/bootstrap.min.css\">\n\n\n<ul class=\"pagination\">\n\t    \n\t\n\n<li >\n\t<a href='?page_no=17512'>Previous<\/a>\n\t<\/li>\n\n\n       \n    \n\n<li><a href='?page_no=1'>1<\/a><\/li>\n\n\n\n<li><a href='?page_no=2'>2<\/a><\/li>\n\n\n\n<li><a>...<\/a><\/li>\n\n\n\n<li><a href='?page_no=17511'>17511<\/a><\/li>\n\n\n\n<li><a href='?page_no=17512'>17512<\/a><\/li>\n\n\n\n<li class='active'><a>17513<\/a><\/li>\n\n\n\n<li><a href='?page_no=17514'>17514<\/a><\/li>\n\n\n\n<li><a href='?page_no=17515'>17515<\/a><\/li>\n\n\n\n<li><a>...<\/a><\/li>\n\n\n\n<li><a href='?page_no=22911'>22911<\/a><\/li>\n\n\n\n<li><a href='?page_no=22912'>22912<\/a><\/li>\n\n    \n\t\n\n<li >\n\t<a href='?page_no=17514'>Next<\/a>\n\t<\/li>\n\n\n    \n\n<li><a href='?page_no=22912'>Last &rsaquo;&rsaquo;<\/a><\/li>\n\n<\/ul>\n\n\n--><br \/>\n<\/body><\/p>\n","protected":false},"excerpt":{"rendered":"<p>Rep.Dom. 25 de Abril 08:30 P.M.- Con un amplio recorrido por la figura del mecenas como sujeto protector de las artes y la cultura, el Centro Cultural Eduardo Le\u00f3n Jimenes ofreci\u00f3, el pasado martes 17 de abril, una conferencia con Abil Peralta Aguero, cr\u00edtico de arte, donde se abord\u00f3 desde los primeros registros del mecenas [&hellip;]<\/p>\n","protected":false},"author":3,"featured_media":0,"comment_status":"open","ping_status":"open","sticky":false,"template":"","format":"standard","meta":{"footnotes":""},"categories":[21],"tags":[],"class_list":["post-65835","post","type-post","status-publish","format-standard","hentry","category-cultura"],"_links":{"self":[{"href":"https:\/\/diariodominicano.com\/index.php?rest_route=\/wp\/v2\/posts\/65835","targetHints":{"allow":["GET"]}}],"collection":[{"href":"https:\/\/diariodominicano.com\/index.php?rest_route=\/wp\/v2\/posts"}],"about":[{"href":"https:\/\/diariodominicano.com\/index.php?rest_route=\/wp\/v2\/types\/post"}],"author":[{"embeddable":true,"href":"https:\/\/diariodominicano.com\/index.php?rest_route=\/wp\/v2\/users\/3"}],"replies":[{"embeddable":true,"href":"https:\/\/diariodominicano.com\/index.php?rest_route=%2Fwp%2Fv2%2Fcomments&post=65835"}],"version-history":[{"count":0,"href":"https:\/\/diariodominicano.com\/index.php?rest_route=\/wp\/v2\/posts\/65835\/revisions"}],"wp:attachment":[{"href":"https:\/\/diariodominicano.com\/index.php?rest_route=%2Fwp%2Fv2%2Fmedia&parent=65835"}],"wp:term":[{"taxonomy":"category","embeddable":true,"href":"https:\/\/diariodominicano.com\/index.php?rest_route=%2Fwp%2Fv2%2Fcategories&post=65835"},{"taxonomy":"post_tag","embeddable":true,"href":"https:\/\/diariodominicano.com\/index.php?rest_route=%2Fwp%2Fv2%2Ftags&post=65835"}],"curies":[{"name":"wp","href":"https:\/\/api.w.org\/{rel}","templated":true}]}}