{"id":65834,"date":"2012-04-26T01:17:20","date_gmt":"2012-04-26T01:17:20","guid":{"rendered":"http:\/\/diariodominicano.ddns.net\/?p=65834"},"modified":"2012-04-26T01:17:20","modified_gmt":"2012-04-26T01:17:20","slug":"rafael-nunez-dice-que-ahora-el-gobierno-cuenta-con-un-autentico-sistema-de-informacion-y-comunicacion","status":"publish","type":"post","link":"https:\/\/diariodominicano.com\/?p=65834","title":{"rendered":"Rafael N\u00fa\u00f1ez dice que ahora el gobierno cuenta con un aut\u00e9ntico Sistema de Informaci\u00f3n y Comunicaci\u00f3n"},"content":{"rendered":"<p><body><\/p>\n<p><img decoding=\"async\" src=\"img3\/libro.JPG\" \/><br \/><img decoding=\"async\" src=\"http:\/\/localhost:8080\/img3\/nu%C3%83%C2%B1ez.JPG\" \/>  <\/p>\n<p><span class=\"text1noticias\">Rep.Dom. 25 de Abril 09:20 P.M.-En un acto que cont\u00f3 con la presencia del presidente Leonel Fern\u00e1ndez, el director de Informaci\u00f3n, Prensa y Publicidad de la Presidencia, licenciado Rafael N\u00fa\u00f1ez, destac\u00f3 este mi\u00e9rcoles el rol de primer orden que han jugado los Gabinetes de Comunicaci\u00f3n Gubernamental en la relaci\u00f3n del gobierno con los diferentes actores de la sociedad, principalmente los medios informativos.<\/span><\/p>\n<\/p>\n<p><span class=\"text1noticias\">Tras describir las serias deficiencias que arrastraba el pa\u00eds en ese aspecto, el funcionario asegur\u00f3 que en la actualidad, el gobierno central dispone de un aut\u00e9ntico Sistema de Informaci\u00f3n y Comunicaci\u00f3n Gubernamental, acorde a los lineamientos conceptuales y los principios universales que rigen la comunicaci\u00f3n oficial.<\/span><\/p>\n<\/p>\n<p><span class=\"text1noticias\">N\u00fa\u00f1ez hizo el planteamiento en el discurso que pronunci\u00f3 en el acto en que puso en circulaci\u00f3n el libro \u00abGabinetes de Comunicaci\u00f3n Gubernamental: Experiencia dominicana\u00bb, ceremonia que se efectu\u00f3 en la Sala de la Cultura Aida Bonelly de D\u00edaz, del Teatro Nacional.<\/span><\/p>\n<\/p>\n<p><span class=\"text1noticias\">La obra puesta en circulaci\u00f3n recoge las pr\u00e1cticas comunicacionales desde la Direcci\u00f3n de Informaci\u00f3n, Prensa y Publicidad de la Presidencia.<\/span><\/p>\n<\/p>\n<p><span class=\"text1noticias\">N\u00fa\u00f1ez explic\u00f3 que el nuevo Sistema de Informaci\u00f3n y Comunicaci\u00f3n Gubernamental est\u00e1 integrado por cerca de 200 instituciones del gobierno central, que conforman la administraci\u00f3n p\u00fablica, las cuales trabajan  bajo la coordinaci\u00f3n de la Direcci\u00f3n Prensa.<\/span><\/p>\n<\/p>\n<p><span class=\"text1noticias\">N\u00fa\u00f1ez tambi\u00e9n destac\u00f3 que los Gabinetes de Comunicaci\u00f3n Gubernamental han demostrado capacidad de gesti\u00f3n, con un discurso coherente en el que se asume a la comunicaci\u00f3n en un concierto con un tema central, interpretado por sus organizaciones en base a partituras que establecen claves, tiempos y roles de cada instrumentista de la orquesta, en un clima de profesionalizaci\u00f3n.<\/span><\/p>\n<\/p>\n<p><span class=\"text1noticias\">\u00abDesde nuestra llegada a la Direcci\u00f3n General, la meta fundamental ha sido la de dise\u00f1ar y coordinar estrategias de comunicaci\u00f3n que puedan ponernos en capacidad de brindar informaci\u00f3n actualizada, precisa, confiable, coherente e integral, utilizando para ello todas las herramientas de las tecnolog\u00edas de la informaci\u00f3n y la comunicaci\u00f3n, a fin de que los medios de comunicaci\u00f3n y el p\u00fablico en general est\u00e9n debidamente informados de cada acci\u00f3n del Gobierno\u00bb, puntualiz\u00f3.<\/span><\/p>\n<\/p>\n<p><span class=\"text1noticias\">Tras hacer un repaso de lo que ha sido la comunicaci\u00f3n gubernamental en las \u00faltimas d\u00e9cadas, N\u00fa\u00f1ez record\u00f3 que esta se centraba en la elaboraci\u00f3n  de notas de prensa \u00abcon lo que se desconoc\u00eda el valor de la comunicaci\u00f3n corporativa, asumida como una herramienta planificada y din\u00e1mica de intercambio de distintos tipos de mensajes entre las organizaciones y sus p\u00fablicos, y del uso de la informaci\u00f3n para la toma de decisiones\u00bb.<\/span><\/p>\n<\/p>\n<p><span class=\"text1noticias\">Al abundar en ese aspecto, el comunicador agreg\u00f3 que la comunicaci\u00f3n desde el Estado se centr\u00f3 en la difusi\u00f3n de mensajes de corte period\u00edstico, estructurados a partir de la cotidianidad de las instituciones, y en la mayor\u00eda de los casos, muy dependientes de los deseos de sus funcionarios de tener presencia en dichos medios, como protagonistas de discursos en mesas de honor, ruedas de prensa y programas de televisi\u00f3n.<\/span><\/p>\n<\/p>\n<p><span class=\"text1noticias\">De igual manera, el director de Informaci\u00f3n, Prensa y Publicidad de la Presidencia destac\u00f3 los serios inconvenientes que durante m\u00e1s de 50 a\u00f1os confrontaron los comunicadores del pa\u00eds para realizar su labor profesional.<\/span><\/p>\n<\/p>\n<p><span class=\"text1noticias\">En ese sentido, destac\u00f3 que el primer resquicio de libertad del que disfrut\u00f3 el pueblo dominicano se produjo bajo la ef\u00edmera presidencia del profesor Juan Bosch, de la que dijo se caracteriz\u00f3 por una apertura pol\u00edtica y participaci\u00f3n de sectores de la sociedad, tradicionalmente excluidos por el trujillismo y los gobiernos provisionales que sucedieron la dictadura.<\/span><\/p>\n<\/p>\n<p><span class=\"text1noticias\">\u00abNo hay una sola evidencia de que en el breve mandato de Bosch pudiera registrarse alg\u00fan impedimento para que periodistas o medios de comunicaci\u00f3n pudiesen jugar su rol con entera libertad, pues su gobierno se caracteriz\u00f3 por ser respetuoso de las libertades p\u00fablicas. La c\u00e9lebre frase de Bosch, \u00abmientras nosotros gobernemos, en Rep\u00fablica Dominicana no perecer\u00e1 la libertad\u00bb, se convertir\u00eda en m\u00e1s que una expresi\u00f3n mediante la cual su autor manifestaba su vocaci\u00f3n democr\u00e1tica, para resumir lo que fue toda forma de ejercicio de poder\u00bb, asegur\u00f3 N\u00fa\u00f1ez.<\/span><\/p>\n<\/p>\n<p><span class=\"text1noticias\">Asimismo, afirm\u00f3 que el ejercicio del periodismo y el rol de los medios de comunicaci\u00f3n en la construcci\u00f3n de la democracia se solidific\u00f3 en el primer gobierno del presidente Fern\u00e1ndez, \u00abpues adem\u00e1s de su vocaci\u00f3n democr\u00e1tica, cuando el mandatario se jurament\u00f3 el 16 de agosto de 1996, apenas sal\u00eda de las c\u00e1tedras de la Universidad Aut\u00f3noma de Santo Domingo, donde imparti\u00f3 docencia de sociolog\u00eda de la comunicaci\u00f3n y derecho de prensa\u00bb.<\/span><\/p>\n<\/p>\n<p><span class=\"text1noticias\">Al abordar lo relativo a los inconvenientes hist\u00f3ricos que se suscitaban entre los gobiernos y la sociedad, N\u00fa\u00f1ez dijo que los mismos hac\u00edan evidente la necesidad de articular un sistema de informaci\u00f3n y comunicaci\u00f3n gubernamental, que revirtiera la situaci\u00f3n anterior, y que optimizara el rol de la comunicaci\u00f3n, como eje transversal de la gesti\u00f3n de gobierno.<\/span><\/p>\n<\/p>\n<p><span class=\"text1noticias\">\u00abEst\u00e1bamos conscientes de la urgencia de una reingenier\u00eda estructural para la creaci\u00f3n de un sistema de informaci\u00f3n y comunicaci\u00f3n gubernamental que definiera una misi\u00f3n, unos valores y una visi\u00f3n com\u00fan, y donde cada sub sistema contara con capacidad de gesti\u00f3n para aportar al cumplimiento de la misi\u00f3n de la comunicaci\u00f3n gubernamental\u00bb, dijo.<\/span><\/p>\n<\/p>\n<p><span class=\"text1noticias\">\u00abNuestro principal reto constituy\u00f3 en disminuir la falta de un sistema de informaci\u00f3n gubernamental que se traduc\u00eda en esfuerzos institucionales aislados y no siempre vinculados a las pol\u00edticas oficiales; primaba la incoordinaci\u00f3n y falta de orquestaci\u00f3n; dispersi\u00f3n en el uso de los medios de comunicaci\u00f3n estatales; desperdicio de recursos, resultados pobres; imagen de incoherencia; falta de reconocimiento a la labor de los gerentes de comunicaci\u00f3n institucional; reacciones lentas, a veces desenfocadas frente a cuestionamientos p\u00fablicos y desmotivaci\u00f3n del personal\u00bb, puntualiz\u00f3 N\u00fa\u00f1ez.<\/span><\/p>\n<\/p>\n<p><span class=\"text1noticias\">Sostuvo que para lograr esa meta era fundamental contar con estructuras capaces de dar respuestas a las pol\u00edticas gubernamentales, con un personal que dispusiera de las actitudes, capacidades, habilidades y experiencias necesarias para enfrentar los retos de la comunicaci\u00f3n gubernamental, definiendo las necesidades del gobierno de comunicarse con la sociedad.<\/span><\/p>\n<\/p>\n<p><span class=\"text1noticias\">Explic\u00f3 que en base a esos objetivos, se propuso organizar la Direcci\u00f3n General, creando un equipo de comunicaci\u00f3n capaz de ejecutar el plan trazado; organizar la oficina para que est\u00e9 en capacidad no s\u00f3lo de manejar el d\u00eda a d\u00eda, \u00abcuya demanda es intensa con un presidente como el doctor Leonel Fern\u00e1ndez\u00bb, sino que podamos cumplir con los planes de mediano y largo plazos.<\/span><\/p>\n<\/p>\n<p><span class=\"text1noticias\">Sin embargo, asegur\u00f3  que dar una respuesta efectiva a ese gran desaf\u00edo le result\u00f3 relativamente f\u00e1cil, dado que el presidente Fern\u00e1ndez \u00abno solo es un prestigioso catedr\u00e1tico del \u00e1rea, sino un fiel propulsor del uso de la comunicaci\u00f3n, y concertaci\u00f3n de acciones en la conducci\u00f3n del Estado\u00bb.<\/span><\/p>\n<\/p>\n<p><span class=\"text1noticias\">Narr\u00f3 que en ese esfuerzo cont\u00f3 con la colaboraci\u00f3n de otras dependencias del Gobierno, entre ellas el Ministerio de Administraci\u00f3n P\u00fablica, el cual aprob\u00f3 la propuesta de modificaci\u00f3n del organigrama original y mediante resoluci\u00f3n ratific\u00f3 las Sub direcciones de Radio, Televisi\u00f3n, Prensa Escrita, Relaciones P\u00fablicas, as\u00ed como la subdirecci\u00f3n de Santiago, adem\u00e1s de contar con los departamentos de archivo, legal, Internet, publicidad, administraci\u00f3n y finanzas, transportaci\u00f3n, redacci\u00f3n y seguridad.<\/span><\/p>\n<\/p>\n<p><span class=\"text1noticias\">Inform\u00f3 que en el nuevo organigrama de la Direcci\u00f3n de Informaci\u00f3n, Prensa y Publicidad de la Presidencia tambi\u00e9n entran  la Agencia de Noticias y Temas Nacionales, Rep\u00fablica Dominicana TV y los Gabinetes, funcionando como un sistema de informaci\u00f3n de car\u00e1cter estrat\u00e9gico para difundir mensajes positivos y constructivos, a los fines de crear l\u00edneas de defensa de diseminaci\u00f3n, creaci\u00f3n de consensos e identidad de imagen.<\/span><\/p>\n<\/p>\n<p><span class=\"text1noticias\">\u00abEl avance en nuestras metas en estos m\u00e1s de siete a\u00f1os, nos ha permitido, insisto, dimensionar las funciones de esta Direcci\u00f3n General y colocarla m\u00e1s all\u00e1 de la estructura que encontramos el 16 de agosto de 2004\u00bb, destac\u00f3 Rafael N\u00fa\u00f1ez.<\/span><\/p>\n<\/p>\n<p><span class=\"text1noticias\">La presentaci\u00f3n de la obra estuvo a cargo del tambi\u00e9n periodista Virgilio Alc\u00e1ntara, embajador dominicano ante la Organizaci\u00f3n de las Naciones Unidas (ONU), quien dijo ser testigo de la forma dispersa y desorganizada como se manejaba la comunicaci\u00f3n gubernamental. \u00abLo que N\u00fa\u00f1ez ha hecho ha sido institucionalizar la comunicaci\u00f3n gubernamental\u00bb, dijo.<\/span><\/p>\n<\/p>\n<p><span class=\"text1noticias\">Adem\u00e1s del presidente Fern\u00e1ndez, de Alc\u00e1ntara y del autor de la obra, en la mesa de honor de la ceremonia estuvieron el ministro de Cultura, Jos\u00e9 Rafael Lantigua, y la profesora \u00c1ngela de Le\u00f3n, asesora de la Direcci\u00f3n de Informaci\u00f3n y Prensa de la Presidencia.(HG)<\/span>.<\/p>\n<h6> 2012-04-26 01:17:20 <\/h6>\n<p><!--\n<link rel=\"stylesheet\" href=\"css\/bootstrap.min.css\">\n\n\n<ul class=\"pagination\">\n\t    \n\t\n\n<li >\n\t<a href='?page_no=17511'>Previous<\/a>\n\t<\/li>\n\n\n       \n    \n\n<li><a href='?page_no=1'>1<\/a><\/li>\n\n\n\n<li><a href='?page_no=2'>2<\/a><\/li>\n\n\n\n<li><a>...<\/a><\/li>\n\n\n\n<li><a href='?page_no=17510'>17510<\/a><\/li>\n\n\n\n<li><a href='?page_no=17511'>17511<\/a><\/li>\n\n\n\n<li class='active'><a>17512<\/a><\/li>\n\n\n\n<li><a href='?page_no=17513'>17513<\/a><\/li>\n\n\n\n<li><a href='?page_no=17514'>17514<\/a><\/li>\n\n\n\n<li><a>...<\/a><\/li>\n\n\n\n<li><a href='?page_no=22911'>22911<\/a><\/li>\n\n\n\n<li><a href='?page_no=22912'>22912<\/a><\/li>\n\n    \n\t\n\n<li >\n\t<a href='?page_no=17513'>Next<\/a>\n\t<\/li>\n\n\n    \n\n<li><a href='?page_no=22912'>Last &rsaquo;&rsaquo;<\/a><\/li>\n\n<\/ul>\n\n\n--><br \/>\n<\/body><\/p>\n","protected":false},"excerpt":{"rendered":"<p>Rep.Dom. 25 de Abril 09:20 P.M.-En un acto que cont\u00f3 con la presencia del presidente Leonel Fern\u00e1ndez, el director de Informaci\u00f3n, Prensa y Publicidad de la Presidencia, licenciado Rafael N\u00fa\u00f1ez, destac\u00f3 este mi\u00e9rcoles el rol de primer orden que han jugado los Gabinetes de Comunicaci\u00f3n Gubernamental en la relaci\u00f3n del gobierno con los diferentes actores [&hellip;]<\/p>\n","protected":false},"author":3,"featured_media":0,"comment_status":"open","ping_status":"open","sticky":false,"template":"","format":"standard","meta":{"footnotes":""},"categories":[21],"tags":[],"class_list":["post-65834","post","type-post","status-publish","format-standard","hentry","category-cultura"],"_links":{"self":[{"href":"https:\/\/diariodominicano.com\/index.php?rest_route=\/wp\/v2\/posts\/65834","targetHints":{"allow":["GET"]}}],"collection":[{"href":"https:\/\/diariodominicano.com\/index.php?rest_route=\/wp\/v2\/posts"}],"about":[{"href":"https:\/\/diariodominicano.com\/index.php?rest_route=\/wp\/v2\/types\/post"}],"author":[{"embeddable":true,"href":"https:\/\/diariodominicano.com\/index.php?rest_route=\/wp\/v2\/users\/3"}],"replies":[{"embeddable":true,"href":"https:\/\/diariodominicano.com\/index.php?rest_route=%2Fwp%2Fv2%2Fcomments&post=65834"}],"version-history":[{"count":0,"href":"https:\/\/diariodominicano.com\/index.php?rest_route=\/wp\/v2\/posts\/65834\/revisions"}],"wp:attachment":[{"href":"https:\/\/diariodominicano.com\/index.php?rest_route=%2Fwp%2Fv2%2Fmedia&parent=65834"}],"wp:term":[{"taxonomy":"category","embeddable":true,"href":"https:\/\/diariodominicano.com\/index.php?rest_route=%2Fwp%2Fv2%2Fcategories&post=65834"},{"taxonomy":"post_tag","embeddable":true,"href":"https:\/\/diariodominicano.com\/index.php?rest_route=%2Fwp%2Fv2%2Ftags&post=65834"}],"curies":[{"name":"wp","href":"https:\/\/api.w.org\/{rel}","templated":true}]}}