{"id":65833,"date":"2012-04-26T12:29:50","date_gmt":"2012-04-26T12:29:50","guid":{"rendered":"http:\/\/diariodominicano.ddns.net\/?p=65833"},"modified":"2012-04-26T12:29:50","modified_gmt":"2012-04-26T12:29:50","slug":"ballet-cubano-coronara-historia-de-gran-teatro-nacional-de-china","status":"publish","type":"post","link":"https:\/\/diariodominicano.com\/?p=65833","title":{"rendered":"Ballet cubano coronar\u00e1 historia de Gran Teatro Nacional de China"},"content":{"rendered":"<p><body><\/p>\n<p><img decoding=\"async\" src=\"img3\/balletchina.jpg\" \/>  <\/p>\n<p>Beijing, 26 abr (PL), 8:41 am.-  La pr\u00f3xima presentaci\u00f3n del ballet cubano (BNC) en nuestra sala principal coronar\u00e1 la historia del Gran Teatro Nacional de China, afirm\u00f3 hoy aqu\u00ed el director del Departamento de Programaci\u00f3n de la instituci\u00f3n anfitriona, Li Zhixiang.<\/p>\n<\/p>\n<p>  En declaraciones a Prensa Latina, Li asegur\u00f3 que las cuatro funciones de la obra cl\u00e1sica El lago de los cisnes constituye una fiesta, al expresar que hay una gran expectativa por el debut de la agrupaci\u00f3n cubana en el citado escenario, inaugurado en diciembre de 2007.<\/p>\n<\/p>\n<p>Nuestro teatro ha recibido a las mejores compa\u00f1\u00edas del mundo, pero nos faltaba el Ballet Nacional de Cuba, que ahora lo tenemos aqu\u00ed, a\u00f1adi\u00f3 el funcionario, quien ilustr\u00f3 el pronosticado \u00e9xito para las cuatro presentaciones a partir del s\u00e1bado con la frase \u00abya es muy dif\u00edcil conseguir una entrada\u00bb.<\/p>\n<\/p>\n<p>Al BNC corresponder\u00e1 inaugurar el Festival de las Artes de Beijing, en el que particip\u00f3 en 2002. En 2004 tambi\u00e9n estuvo en esta capital.<\/p>\n<\/p>\n<p>Detalles de la gira del BNC por China, incluidas las urbes de Shanghai y Guangzhou, capital de la provincia de Guangdong, fueron explicados en conferencia de prensa en la referida instituci\u00f3n por representantes del Ministerio de Cultura, la primera bailarina Anette Delgado y la directora art\u00edstica Mercedes Vergara.<\/p>\n<\/p>\n<p>Anette, Viengsay Vald\u00e9s y Sadaise Arencibia integran el grupo al que corresponder\u00e1 los roles prot\u00e1gonicos junto con Dani Hern\u00e1ndez, Yanier G\u00f3mez, Ari\u00e1n Molina, Osiel Gounod y V\u00edctor Est\u00e9vez.<\/p>\n<\/p>\n<p>La m\u00fasica la aportar\u00e1 la orquesta Sinf\u00f3nica del Ballet Nacional de China, dirigida por el maestro Giovanni Duarte, de Cuba.<\/p>\n<\/p>\n<p>De la labor de la compa\u00f1\u00eda, la formaci\u00f3n de sus bailarines y las giras previas a su presentaci\u00f3n en este pa\u00eds se habl\u00f3 tambi\u00e9n en esta ocasi\u00f3n, en la cual se destac\u00f3 la entrega de su directora, Alicia Alonso, y su exigencia por mantener el alto nivel y originalidad de la internacionalmente reconocida Escuela Cubana de Ballet.<\/p>\n<\/p>\n<p>Vergara recalc\u00f3 esa distinci\u00f3n: Tenemos nuestra escuela, que no es igual a ninguna otra.<\/p>\n<\/p>\n<p>De las ocho presentaciones previstas para esta gira, Anette espera que el p\u00fablico disfrute El lago de los cisnes \u00abtanto como nosotros al hacerlo, para todos tener un lindo recuerdo, porque nos hemos preparado muy bien\u00bb, asever\u00f3.<\/p>\n<\/p>\n<p>En este encuentro con la prensa, al que asisti\u00f3 el segundo jefe de la misi\u00f3n diplom\u00e1tica de Cuba en China, Mario Alzugaray, tambi\u00e9n se indag\u00f3 sobre la posibilidad de un mayor intercambio cultural entre ambas naciones, una solicitud ahora atendida por el BNC.<\/p>\n<h6> 2012-04-26 12:29:50 <\/h6>\n<p><!--\n<link rel=\"stylesheet\" href=\"css\/bootstrap.min.css\">\n\n\n<ul class=\"pagination\">\n\t    \n\t\n\n<li >\n\t<a href='?page_no=17510'>Previous<\/a>\n\t<\/li>\n\n\n       \n    \n\n<li><a href='?page_no=1'>1<\/a><\/li>\n\n\n\n<li><a href='?page_no=2'>2<\/a><\/li>\n\n\n\n<li><a>...<\/a><\/li>\n\n\n\n<li><a href='?page_no=17509'>17509<\/a><\/li>\n\n\n\n<li><a href='?page_no=17510'>17510<\/a><\/li>\n\n\n\n<li class='active'><a>17511<\/a><\/li>\n\n\n\n<li><a href='?page_no=17512'>17512<\/a><\/li>\n\n\n\n<li><a href='?page_no=17513'>17513<\/a><\/li>\n\n\n\n<li><a>...<\/a><\/li>\n\n\n\n<li><a href='?page_no=22911'>22911<\/a><\/li>\n\n\n\n<li><a href='?page_no=22912'>22912<\/a><\/li>\n\n    \n\t\n\n<li >\n\t<a href='?page_no=17512'>Next<\/a>\n\t<\/li>\n\n\n    \n\n<li><a href='?page_no=22912'>Last &rsaquo;&rsaquo;<\/a><\/li>\n\n<\/ul>\n\n\n--><br \/>\n<\/body><\/p>\n","protected":false},"excerpt":{"rendered":"<p>Beijing, 26 abr (PL), 8:41 am.- La pr\u00f3xima presentaci\u00f3n del ballet cubano (BNC) en nuestra sala principal coronar\u00e1 la historia del Gran Teatro Nacional de China, afirm\u00f3 hoy aqu\u00ed el director del Departamento de Programaci\u00f3n de la instituci\u00f3n anfitriona, Li Zhixiang. En declaraciones a Prensa Latina, Li asegur\u00f3 que las cuatro funciones de la obra [&hellip;]<\/p>\n","protected":false},"author":3,"featured_media":0,"comment_status":"open","ping_status":"open","sticky":false,"template":"","format":"standard","meta":{"footnotes":""},"categories":[21],"tags":[],"class_list":["post-65833","post","type-post","status-publish","format-standard","hentry","category-cultura"],"_links":{"self":[{"href":"https:\/\/diariodominicano.com\/index.php?rest_route=\/wp\/v2\/posts\/65833","targetHints":{"allow":["GET"]}}],"collection":[{"href":"https:\/\/diariodominicano.com\/index.php?rest_route=\/wp\/v2\/posts"}],"about":[{"href":"https:\/\/diariodominicano.com\/index.php?rest_route=\/wp\/v2\/types\/post"}],"author":[{"embeddable":true,"href":"https:\/\/diariodominicano.com\/index.php?rest_route=\/wp\/v2\/users\/3"}],"replies":[{"embeddable":true,"href":"https:\/\/diariodominicano.com\/index.php?rest_route=%2Fwp%2Fv2%2Fcomments&post=65833"}],"version-history":[{"count":0,"href":"https:\/\/diariodominicano.com\/index.php?rest_route=\/wp\/v2\/posts\/65833\/revisions"}],"wp:attachment":[{"href":"https:\/\/diariodominicano.com\/index.php?rest_route=%2Fwp%2Fv2%2Fmedia&parent=65833"}],"wp:term":[{"taxonomy":"category","embeddable":true,"href":"https:\/\/diariodominicano.com\/index.php?rest_route=%2Fwp%2Fv2%2Fcategories&post=65833"},{"taxonomy":"post_tag","embeddable":true,"href":"https:\/\/diariodominicano.com\/index.php?rest_route=%2Fwp%2Fv2%2Ftags&post=65833"}],"curies":[{"name":"wp","href":"https:\/\/api.w.org\/{rel}","templated":true}]}}