{"id":65832,"date":"2012-04-26T16:41:30","date_gmt":"2012-04-26T16:41:30","guid":{"rendered":"http:\/\/diariodominicano.ddns.net\/?p=65832"},"modified":"2012-04-26T16:41:30","modified_gmt":"2012-04-26T16:41:30","slug":"stand-del-idac-uno-de-los-mas-visitados-de-la-feria-del-libro","status":"publish","type":"post","link":"https:\/\/diariodominicano.com\/?p=65832","title":{"rendered":"Stand del IDAC uno de los m\u00e1s visitados de la feria del libro"},"content":{"rendered":"<p><body><\/p>\n<p><span class=\"text1noticias\">El stand del Instituto Dominicano de Aviaci\u00f3n Civil (IDAC) en la XV Feria Internacional del Libro Santo Domingo 2012 sigue siendo el m\u00e1s visitado por estudiantes, ni\u00f1os, adolescentes y adultos, quienes aprecian la sensaci\u00f3n de volar un avi\u00f3n en los tres simuladores de vuelos que tiene la instituci\u00f3n a disposici\u00f3n del p\u00fablico en la denominada fiesta de la cultura dominicana. <\/span><\/p>\n<\/p>\n<p><span class=\"text1noticias\">Los visitantes al pabell\u00f3n del IDAC de manera organizada esperan sus turnos en filas, ma\u00f1ana, tarde y noche, para pilotar un avi\u00f3n en los modernos simuladores, dise\u00f1ados y ensamblados por los t\u00e9cnicos de la ASCA, todos dominicanos.<\/span><\/p>\n<\/p>\n<p><span class=\"text1noticias\">Se siente el asombro, la impresi\u00f3n de las personas de todas las edades que durante tres minutos son due\u00f1os del avi\u00f3n que pueden volar bajo la orientaci\u00f3n de los j\u00f3venes ingenieros del departamento de c\u00f3mputos del IDAC.<\/span><\/p>\n<\/p>\n<p><span class=\"text1noticias\">Al entrar a la sala D3, donde se exhibe sin costo alguno una pel\u00edcula en D3 de la idealizaci\u00f3n, dise\u00f1o y construcci\u00f3n del avi\u00f3n de pasajeros m\u00e1s grande del mundo, el Airbur A 380, muchos sienten la impresi\u00f3n de que las aeronaves salen de la pantalla.<\/span><\/p>\n<\/p>\n<p><span class=\"text1noticias\">Las exclamaciones de ni\u00f1os, j\u00f3venes, adolescentes y de personas en edad madura que disfrutan del moderno reportaje aeron\u00e1utico reflejan el impacto del moderno sistema cinematogr\u00e1fico en D3.<\/span><\/p>\n<\/p>\n<p><span class=\"text1noticias\">En la sala instalada por la Oficina Nacional de Meteorolog\u00eda (ONAMET), dependencia del IDAC, los visitantes reciben explicaciones te\u00f3ricas y pr\u00e1cticas sobre la situaci\u00f3n meteorol\u00f3gica en el pa\u00eds y en el mundo, en tiempo real, en una pantalla gigante.<\/span><\/p>\n<\/p>\n<p><span class=\"text1noticias\">Los estudiantes del nivel avanzado de la Academia Superior de Ciencias Aeron\u00e1uticas (ASCA) detallan con exactitud las ense\u00f1anzas que reciben para graduarse de controladores a\u00e9reos, la responsable, lucrativa y digna labor de dirigir el tr\u00e1fico a\u00e9reo.<\/span><\/p>\n<\/p>\n<p><span class=\"text1noticias\">El pabell\u00f3n del IDAC dispone adem\u00e1s de un \u00e1rea de Bibliograf\u00eda Aeron\u00e1utica, donde se exhibe una apretada s\u00edntesis de las leyes, textos y reglamentos que rigen la aeron\u00e1utica civil en la Rep\u00fablica Dominicana.<\/span><\/p>\n<\/p>\n<p><span class=\"text1noticias\">Este stand es visitado a diario por miles de personas, que quedan maravilladas de las innovaciones y de la seguridad aeron\u00e1utica de que dispone el pa\u00eds, lo que le ha ganado el derecho de atraer a m\u00e1s grandes l\u00edneas a\u00e9reas del mundo, el reconocimiento y la certificaci\u00f3n de la Administraci\u00f3n Federal de Aviaci\u00f3n de los Estados Unidos (FAA por sus siglas en ingl\u00e9s), de la Organizaci\u00f3n de Aviaci\u00f3n Civil Internacional (OACI) y de todas las instituciones oficiales vinculadas a la aeron\u00e1utica comercial.<\/span><\/p>\n<\/p>\n<p><span class=\"text1noticias\">Uno de los maravillados visitantes del pabell\u00f3n IDAC en la Feria Internacional del Libro ha sido precisamente el ministro de Cultura, Jos\u00e9 Rafael Lantigua, quien ha elogiado la organizaci\u00f3n, la atracci\u00f3n del p\u00fablico de todas las edades y los modernos equipos all\u00ed instalados.<\/span><\/p>\n<\/p>\n<p><span class=\"text1noticias\">Recientemente visit\u00f3 el stand IDAC el presidente de la Federaci\u00f3n Dominicana de Municipios (FEDOMU), ingeniero F\u00e9lix Rodr\u00edguez, alcalde de San Francisco de Macor\u00eds, quien expres\u00f3 su sorpresa por los avances, la seguridad y la capacidad de la aviaci\u00f3n civil dominicana.<\/span><\/p>\n<\/p>\n<p><span class=\"text1noticias\">\u00abLo primero que yo debo decirle es que yo me he sentido altamente sorprendido como municipalista por el trabajo que ustedes est\u00e1n realizando en el IDAC; el Instituto Dominicano de Aviaci\u00f3n Civil est\u00e1 haciendo un trabajo extraordinario, y hay que felicitar al director y a todos sus funcionarios, y a todos ustedes. La exhibici\u00f3n es una exhibici\u00f3n perfecta; en el simulador me sent\u00ed altamente sorprendido porque uno recibe la sensaci\u00f3n como si uno estuviera volando un avi\u00f3n, y es interesant\u00edsimo la simulaci\u00f3n de los aviones aqu\u00ed\u00bb, declar\u00f3 el presidente de FEDOMU.<\/span><\/p>\n<\/p>\n<p><span class=\"text1noticias\">Una comisi\u00f3n multisectorial del IDAC designada por el director general, doctor Alejandro Herrera, es la responsable del dise\u00f1o y funcionamiento del stand de esa instituci\u00f3n en la Feria del Libro, as\u00ed como del manejo del personal que atiende a los visitantes.AD<\/span>.- <\/p>\n<\/p>\n<\/p>\n<h6> 2012-04-26 16:41:30 <\/h6>\n<p><!--\n<link rel=\"stylesheet\" href=\"css\/bootstrap.min.css\">\n\n\n<ul class=\"pagination\">\n\t    \n\t\n\n<li >\n\t<a href='?page_no=17509'>Previous<\/a>\n\t<\/li>\n\n\n       \n    \n\n<li><a href='?page_no=1'>1<\/a><\/li>\n\n\n\n<li><a href='?page_no=2'>2<\/a><\/li>\n\n\n\n<li><a>...<\/a><\/li>\n\n\n\n<li><a href='?page_no=17508'>17508<\/a><\/li>\n\n\n\n<li><a href='?page_no=17509'>17509<\/a><\/li>\n\n\n\n<li class='active'><a>17510<\/a><\/li>\n\n\n\n<li><a href='?page_no=17511'>17511<\/a><\/li>\n\n\n\n<li><a href='?page_no=17512'>17512<\/a><\/li>\n\n\n\n<li><a>...<\/a><\/li>\n\n\n\n<li><a href='?page_no=22911'>22911<\/a><\/li>\n\n\n\n<li><a href='?page_no=22912'>22912<\/a><\/li>\n\n    \n\t\n\n<li >\n\t<a href='?page_no=17511'>Next<\/a>\n\t<\/li>\n\n\n    \n\n<li><a href='?page_no=22912'>Last &rsaquo;&rsaquo;<\/a><\/li>\n\n<\/ul>\n\n\n--><br \/>\n<\/body><\/p>\n","protected":false},"excerpt":{"rendered":"<p>El stand del Instituto Dominicano de Aviaci\u00f3n Civil (IDAC) en la XV Feria Internacional del Libro Santo Domingo 2012 sigue siendo el m\u00e1s visitado por estudiantes, ni\u00f1os, adolescentes y adultos, quienes aprecian la sensaci\u00f3n de volar un avi\u00f3n en los tres simuladores de vuelos que tiene la instituci\u00f3n a disposici\u00f3n del p\u00fablico en la denominada [&hellip;]<\/p>\n","protected":false},"author":3,"featured_media":0,"comment_status":"open","ping_status":"open","sticky":false,"template":"","format":"standard","meta":{"footnotes":""},"categories":[21],"tags":[],"class_list":["post-65832","post","type-post","status-publish","format-standard","hentry","category-cultura"],"_links":{"self":[{"href":"https:\/\/diariodominicano.com\/index.php?rest_route=\/wp\/v2\/posts\/65832","targetHints":{"allow":["GET"]}}],"collection":[{"href":"https:\/\/diariodominicano.com\/index.php?rest_route=\/wp\/v2\/posts"}],"about":[{"href":"https:\/\/diariodominicano.com\/index.php?rest_route=\/wp\/v2\/types\/post"}],"author":[{"embeddable":true,"href":"https:\/\/diariodominicano.com\/index.php?rest_route=\/wp\/v2\/users\/3"}],"replies":[{"embeddable":true,"href":"https:\/\/diariodominicano.com\/index.php?rest_route=%2Fwp%2Fv2%2Fcomments&post=65832"}],"version-history":[{"count":0,"href":"https:\/\/diariodominicano.com\/index.php?rest_route=\/wp\/v2\/posts\/65832\/revisions"}],"wp:attachment":[{"href":"https:\/\/diariodominicano.com\/index.php?rest_route=%2Fwp%2Fv2%2Fmedia&parent=65832"}],"wp:term":[{"taxonomy":"category","embeddable":true,"href":"https:\/\/diariodominicano.com\/index.php?rest_route=%2Fwp%2Fv2%2Fcategories&post=65832"},{"taxonomy":"post_tag","embeddable":true,"href":"https:\/\/diariodominicano.com\/index.php?rest_route=%2Fwp%2Fv2%2Ftags&post=65832"}],"curies":[{"name":"wp","href":"https:\/\/api.w.org\/{rel}","templated":true}]}}