{"id":65831,"date":"2012-04-26T17:58:58","date_gmt":"2012-04-26T17:58:58","guid":{"rendered":"http:\/\/diariodominicano.ddns.net\/?p=65831"},"modified":"2012-04-26T17:58:58","modified_gmt":"2012-04-26T17:58:58","slug":"estado-debe-invertir-los-impuestos-del-contribuyente","status":"publish","type":"post","link":"https:\/\/diariodominicano.com\/?p=65831","title":{"rendered":"Estado debe invertir los impuestos del contribuyente"},"content":{"rendered":"<p><body><\/p>\n<p><img decoding=\"async\" src=\"img3\/Pavellon Feria Libro.JPG\" \/>  <\/p>\n<\/p>\n<p>Santo Domingo, RD, 26 abril, 1:58 pm.-  Las respuestas a esas y a otras muchas inquietudes ciudadanas las recibe el p\u00fablico que visita en la XV Feria Internacional del Libro el m\u00f3dulo del Ministerio de Econom\u00eda, Planificaci\u00f3n y Desarrollo, donde se promueve la reciente Ley Org\u00e1nica de Estrategia Nacional de Desarrollo 2030.<\/p>\n<p>Esta Ley (1-12)  promulgada en enero de este a\u00f1o 2012 es considerada la m\u00e1s importante en la historia del pa\u00eds, despu\u00e9s de la Constituci\u00f3n, por ser el instrumento de mayor jerarqu\u00eda en el Sistema Nacional de Planificaci\u00f3n y el resultado de un desaf\u00edo: implantar una nueva cultura de planificaci\u00f3n en el sector p\u00fablico.<\/p>\n<p>Cuando el visitante entra al m\u00f3dulo, mamey y plateado, ubicado en la parte norte de la Plaza de la Cultura (Av. Pedro Henr\u00edquez Ure\u00f1a), puede ver resumido en un audiovisual todo el proceso que conllev\u00f3 la Ley.<\/p>\n<p>Accede tambi\u00e9n a los estudios y a las obras editadas por el Ministerio que se exhiben tanto en papel como en formato digital y que recogen, entre una gran variedad de publicaciones, investigaciones econ\u00f3micas, sociales, de desarrollo institucional, territorial y de cooperaci\u00f3n.<\/p>\n<p>     Entre las publicaciones a la venta figuran \u00abLa Gran Estafa, lo que Estaba Predicho\u00bb y \u00abLa Crisis Bancaria del 2003, C\u00f3mo y Por Qu\u00e9\u00bb, ambos autor\u00eda del ministro Juan Tem\u00edstocles Mont\u00e1s. Los visitantes del m\u00f3dulo son obsequiados con el libro \u00abTres A\u00f1os de una Gesti\u00f3n Gubernamental Exitosa\u00bb, tambi\u00e9n de Mont\u00e1s.<\/p>\n<p>\tEn exhibici\u00f3n  los libros \u00abPol\u00edtica Social, Capacidades y Derecho\u00bb, \u00abObjetivo de Desarrollo del Milenio, Informe de Seguimiento 2010\u00bb y \u00abElementos Conceptuales del Sistema Nacional  de Cooperaci\u00f3n  para el Desarrollo (SINACID) de la Rep\u00fablica Dominicana.<\/p>\n<p>     Adem\u00e1s, \u00abTres a\u00f1os de Gesti\u00f3n, Hacia el Ordenamiento del Territorio para un Desarrollo Sostenible 2008-2011\u00bb, y varios discos compactos de la Direcci\u00f3n General de Ordenamiento y Desarrollo Territorial con los lineamientos de Pol\u00edticas P\u00fablicas de Desarrollo Urbano de varios municipios.<\/p>\n<p>     Otros libros para la venta son \u00abRep\u00fablica Dominicana 2010-2020, Informe de la Comisi\u00f3n Internacional para el Desarrollo Estrat\u00e9gico\u00bb, bajo la direcci\u00f3n de Jacques Attali; \u00abLa Rep\u00fablica Dominicana 2030: Hacia una Naci\u00f3n Cohesionada\u00bb; \u00abMovimientos Migratorios desde y Hacia Rep\u00fablica Dominicana\u00bb tomo I y II del Fondo y Fomento para la Investigaci\u00f3n, Econ\u00f3mica y Social (FIES).  Tambi\u00e9n del FIES \u00abApertura Comercial y Sostenibilidad Fiscal\u00bb y \u00abGasto Social y Desarrollo Local\u00bb.<\/p>\n<p>     Asimismo, la gu\u00eda metodol\u00f3gica \u00bfQu\u00e9 Es la Planificaci\u00f3n Estrat\u00e9gica y C\u00f3mo se Utiliza en el Sector P\u00fablico.<\/p>\n<p>Adem\u00e1s, el visitante se entera aqu\u00ed de las funciones del Sistema Nacional de Planificaci\u00f3n e Inversi\u00f3n P\u00fablica, el instrumento mediante el cual se determina cu\u00e1les proyectos de obras p\u00fablicas sometidos a su consideraci\u00f3n cumplen con los requisitos como para merecer la inclusi\u00f3n en el presupuesto de la naci\u00f3n con la asignaci\u00f3n y el desembolso de fondos del contribuyente, donde la Estrategia da una orientaci\u00f3n vital de largo plazo.<\/p>\n<p>Es que, en el marco de las inquietudes sociales, la Estrategia conllev\u00f3 una amplia consulta tan pronto la iniciativa fue lanzada por el gobierno del presidente Leonel Fern\u00e1ndez.<\/p>\n<p>Se recabaron durante un a\u00f1o las opiniones de unas ocho mil personas y de m\u00e1s de mil 400 organizaciones con incidencia en los \u00e1mbitos pol\u00edtico, empresarial, sindical, instituciones p\u00fablicas y privadas y de la sociedad civil.<\/p>\n<p>En t\u00e9rminos llanos, todo este proceso y el conjunto de instrumentos implican una mejora significativa en el sistema presupuestario, pues orienta cada  vez su accionar hacia resultados, concilia incluso las prioridades pol\u00edticas de las m\u00e1s altas autoridades gubernamentales con las acciones previstas por las instituciones p\u00fablicas, haci\u00e9ndolas consistentes con las restricciones fiscales relacionadas con la programaci\u00f3n macroecon\u00f3mica de mediano plazo.<\/p>\n<p>     Desde que fue inaugurada el mi\u00e9rcoles 18 de este mes, la XV Feria Internacional del Libro que concluir\u00e1 el 6 de este mes, y dedicada esta vez a los pa\u00edses de Centroam\u00e9rica, decenas de visitantes han concurrido al m\u00f3dulo del Ministerio, interesados en la diversidad de publicaciones.<\/p>\n<p>     Carla del Castillo, estudiante de Comunicaci\u00f3n Publicitaria en la Universidad Iberoamericana, dijo que los temas relativos al ordenamiento territorial fueron los que atrajeron su atenci\u00f3n al m\u00f3dulo.<\/p>\n<p>     Entre otras dependencias del Ministerio cuyas funciones pueden ser conocidas por el visitante en los bajantes exhibidos en el m\u00f3dulo est\u00e1n el Consejo Nacional de Competitividad y los centros de Capacitaci\u00f3n en Planificaci\u00f3n e Inversi\u00f3n P\u00fablica, de Fomento y Promoci\u00f3n de las Asociaciones sin Fines de Lucro, el Fondo para el Fomento de la Investigaci\u00f3n Econ\u00f3mica y Social y la Direcci\u00f3n General de Inversi\u00f3n P\u00fablica, Desarrollo Econ\u00f3mico y Social, Ordenamiento y Desarrollo Territorial y, entre otras, la Unidad Asesora de An\u00e1lisis Econ\u00f3mico y Social y el Servicio Geol\u00f3gico Nacional. (MC)<\/p>\n<\/p>\n<\/p>\n<\/p>\n<\/p>\n<h6> 2012-04-26 17:58:58 <\/h6>\n<p><!--\n<link rel=\"stylesheet\" href=\"css\/bootstrap.min.css\">\n\n\n<ul class=\"pagination\">\n\t    \n\t\n\n<li >\n\t<a href='?page_no=17508'>Previous<\/a>\n\t<\/li>\n\n\n       \n    \n\n<li><a href='?page_no=1'>1<\/a><\/li>\n\n\n\n<li><a href='?page_no=2'>2<\/a><\/li>\n\n\n\n<li><a>...<\/a><\/li>\n\n\n\n<li><a href='?page_no=17507'>17507<\/a><\/li>\n\n\n\n<li><a href='?page_no=17508'>17508<\/a><\/li>\n\n\n\n<li class='active'><a>17509<\/a><\/li>\n\n\n\n<li><a href='?page_no=17510'>17510<\/a><\/li>\n\n\n\n<li><a href='?page_no=17511'>17511<\/a><\/li>\n\n\n\n<li><a>...<\/a><\/li>\n\n\n\n<li><a href='?page_no=22911'>22911<\/a><\/li>\n\n\n\n<li><a href='?page_no=22912'>22912<\/a><\/li>\n\n    \n\t\n\n<li >\n\t<a href='?page_no=17510'>Next<\/a>\n\t<\/li>\n\n\n    \n\n<li><a href='?page_no=22912'>Last &rsaquo;&rsaquo;<\/a><\/li>\n\n<\/ul>\n\n\n--><br \/>\n<\/body><\/p>\n","protected":false},"excerpt":{"rendered":"<p>Santo Domingo, RD, 26 abril, 1:58 pm.- Las respuestas a esas y a otras muchas inquietudes ciudadanas las recibe el p\u00fablico que visita en la XV Feria Internacional del Libro el m\u00f3dulo del Ministerio de Econom\u00eda, Planificaci\u00f3n y Desarrollo, donde se promueve la reciente Ley Org\u00e1nica de Estrategia Nacional de Desarrollo 2030. Esta Ley (1-12) [&hellip;]<\/p>\n","protected":false},"author":3,"featured_media":0,"comment_status":"open","ping_status":"open","sticky":false,"template":"","format":"standard","meta":{"footnotes":""},"categories":[21],"tags":[],"class_list":["post-65831","post","type-post","status-publish","format-standard","hentry","category-cultura"],"_links":{"self":[{"href":"https:\/\/diariodominicano.com\/index.php?rest_route=\/wp\/v2\/posts\/65831","targetHints":{"allow":["GET"]}}],"collection":[{"href":"https:\/\/diariodominicano.com\/index.php?rest_route=\/wp\/v2\/posts"}],"about":[{"href":"https:\/\/diariodominicano.com\/index.php?rest_route=\/wp\/v2\/types\/post"}],"author":[{"embeddable":true,"href":"https:\/\/diariodominicano.com\/index.php?rest_route=\/wp\/v2\/users\/3"}],"replies":[{"embeddable":true,"href":"https:\/\/diariodominicano.com\/index.php?rest_route=%2Fwp%2Fv2%2Fcomments&post=65831"}],"version-history":[{"count":0,"href":"https:\/\/diariodominicano.com\/index.php?rest_route=\/wp\/v2\/posts\/65831\/revisions"}],"wp:attachment":[{"href":"https:\/\/diariodominicano.com\/index.php?rest_route=%2Fwp%2Fv2%2Fmedia&parent=65831"}],"wp:term":[{"taxonomy":"category","embeddable":true,"href":"https:\/\/diariodominicano.com\/index.php?rest_route=%2Fwp%2Fv2%2Fcategories&post=65831"},{"taxonomy":"post_tag","embeddable":true,"href":"https:\/\/diariodominicano.com\/index.php?rest_route=%2Fwp%2Fv2%2Ftags&post=65831"}],"curies":[{"name":"wp","href":"https:\/\/api.w.org\/{rel}","templated":true}]}}