{"id":65830,"date":"2012-04-26T18:17:24","date_gmt":"2012-04-26T18:17:24","guid":{"rendered":"http:\/\/diariodominicano.ddns.net\/?p=65830"},"modified":"2012-04-26T18:17:24","modified_gmt":"2012-04-26T18:17:24","slug":"todo-el-colorido-y-la-belleza-de-mexico-en-el-museo-de-arte-moderno","status":"publish","type":"post","link":"https:\/\/diariodominicano.com\/?p=65830","title":{"rendered":"&#13;Todo el colorido y la belleza de M\u00e9xico en el Museo de Arte Moderno"},"content":{"rendered":"<p><body><\/p>\n<p><img decoding=\"async\" src=\"img3\/MEXICO PAIS DE COLORES 1.JPG\" \/><br \/><img decoding=\"async\" src=\"img3\/MEXICO PAIS DE COLORES 2.JPG\" \/>  <\/p>\n<p><span class=\"text1noticias\">02:25 PM SANTO DOMINGO, RD, 26 Abr 2012.-El Ministerio de Cultura, la Direcci\u00f3n de la XV Feria Internacional del Libro Santo Domingo 2012 y el Museo de Arte Moderno en colaboraci\u00f3n con la Embajada de M\u00e9xico en el pa\u00eds, dejaron inaugurada  la exposici\u00f3n \u00abM\u00e9xico, pa\u00eds de colores\u00bb, a cargo de Ricardo Espinosa, quien adem\u00e1s funge como curador de la muestra.<\/span><\/p>\n<p><span class=\"text1noticias\"> <\/span><\/p>\n<p><span class=\"text1noticias\">Unas 30 obras integran la exposici\u00f3n fotogr\u00e1fica dedicada a los tonos, los matices, las penumbras y la luminosidad de una tierra que presume, a los ojos del visitante o del que la vive y la siente, la intensidad y fuerza de sus lugares: paisajes naturales, monumentos, arquitectura, arte, fiestas y tradiciones populares.<\/span><\/p>\n<p><span class=\"text1noticias\"> <\/span><\/p>\n<p><span class=\"text1noticias\">Las fotograf\u00edas de Ricardo Espinoza (REO) nos dan una lectura de M\u00e9xico que coincide con las im\u00e1genes que nos han dejado muchos de sus poetas. Por ello, se entrelazan con las palabras de los que han escrito desde M\u00e9xico, desde la \u00e9poca prehisp\u00e1nica hasta nuestros d\u00edas: Nezahualc\u00f3yoti, Bernardo de Balbuena, Ram\u00f3n L\u00f3pez Velarde, Carlos Pellicer, Octavio Paz, entre otros autores.<\/span><\/p>\n<p><span class=\"text1noticias\"> <\/span><\/p>\n<p><span class=\"text1noticias\">La muestra, procedente de Tailandia y que luego de la Rep\u00fablica Dominicana va a Estados Unidos, es una invitaci\u00f3n a descubrir la riqueza de M\u00e9xico; a sumergirse en la luz, el color, las im\u00e1genes y palabras de un pa\u00eds maravilloso.<\/span><\/p>\n<p><span class=\"text1noticias\"> <\/span><\/p>\n<p><span class=\"text1noticias\">La exposici\u00f3n permanecer\u00e1  abierta hasta el domingo 15 de mayo en el  Museo de Arte Moderno de la Rep\u00fablica Dominicana,  localizado en la Av. Pedro Henr\u00edquez Ure\u00f1a, Plaza de la Cultura Juan Pablo Duarte, detr\u00e1s del Teatro Nacional, abierto todos los d\u00edas  de 9:00 a.m. a 10:00 p.m.<\/span><\/p>\n<p><span class=\"text1noticias\"> <\/span><\/p>\n<p><span class=\"text1noticias\"><strong><em><u>CG.<\/u><\/em><\/strong><\/span><\/p>\n<\/p>\n<h6> 2012-04-26 18:17:24 <\/h6>\n<p><!--\n<link rel=\"stylesheet\" href=\"css\/bootstrap.min.css\">\n\n\n<ul class=\"pagination\">\n\t    \n\t\n\n<li >\n\t<a href='?page_no=17507'>Previous<\/a>\n\t<\/li>\n\n\n       \n    \n\n<li><a href='?page_no=1'>1<\/a><\/li>\n\n\n\n<li><a href='?page_no=2'>2<\/a><\/li>\n\n\n\n<li><a>...<\/a><\/li>\n\n\n\n<li><a href='?page_no=17506'>17506<\/a><\/li>\n\n\n\n<li><a href='?page_no=17507'>17507<\/a><\/li>\n\n\n\n<li class='active'><a>17508<\/a><\/li>\n\n\n\n<li><a href='?page_no=17509'>17509<\/a><\/li>\n\n\n\n<li><a href='?page_no=17510'>17510<\/a><\/li>\n\n\n\n<li><a>...<\/a><\/li>\n\n\n\n<li><a href='?page_no=22911'>22911<\/a><\/li>\n\n\n\n<li><a href='?page_no=22912'>22912<\/a><\/li>\n\n    \n\t\n\n<li >\n\t<a href='?page_no=17509'>Next<\/a>\n\t<\/li>\n\n\n    \n\n<li><a href='?page_no=22912'>Last &rsaquo;&rsaquo;<\/a><\/li>\n\n<\/ul>\n\n\n--><br \/>\n<\/body><\/p>\n","protected":false},"excerpt":{"rendered":"<p>02:25 PM SANTO DOMINGO, RD, 26 Abr 2012.-El Ministerio de Cultura, la Direcci\u00f3n de la XV Feria Internacional del Libro Santo Domingo 2012 y el Museo de Arte Moderno en colaboraci\u00f3n con la Embajada de M\u00e9xico en el pa\u00eds, dejaron inaugurada la exposici\u00f3n \u00abM\u00e9xico, pa\u00eds de colores\u00bb, a cargo de Ricardo Espinosa, quien adem\u00e1s funge [&hellip;]<\/p>\n","protected":false},"author":3,"featured_media":0,"comment_status":"open","ping_status":"open","sticky":false,"template":"","format":"standard","meta":{"footnotes":""},"categories":[21],"tags":[],"class_list":["post-65830","post","type-post","status-publish","format-standard","hentry","category-cultura"],"_links":{"self":[{"href":"https:\/\/diariodominicano.com\/index.php?rest_route=\/wp\/v2\/posts\/65830","targetHints":{"allow":["GET"]}}],"collection":[{"href":"https:\/\/diariodominicano.com\/index.php?rest_route=\/wp\/v2\/posts"}],"about":[{"href":"https:\/\/diariodominicano.com\/index.php?rest_route=\/wp\/v2\/types\/post"}],"author":[{"embeddable":true,"href":"https:\/\/diariodominicano.com\/index.php?rest_route=\/wp\/v2\/users\/3"}],"replies":[{"embeddable":true,"href":"https:\/\/diariodominicano.com\/index.php?rest_route=%2Fwp%2Fv2%2Fcomments&post=65830"}],"version-history":[{"count":0,"href":"https:\/\/diariodominicano.com\/index.php?rest_route=\/wp\/v2\/posts\/65830\/revisions"}],"wp:attachment":[{"href":"https:\/\/diariodominicano.com\/index.php?rest_route=%2Fwp%2Fv2%2Fmedia&parent=65830"}],"wp:term":[{"taxonomy":"category","embeddable":true,"href":"https:\/\/diariodominicano.com\/index.php?rest_route=%2Fwp%2Fv2%2Fcategories&post=65830"},{"taxonomy":"post_tag","embeddable":true,"href":"https:\/\/diariodominicano.com\/index.php?rest_route=%2Fwp%2Fv2%2Ftags&post=65830"}],"curies":[{"name":"wp","href":"https:\/\/api.w.org\/{rel}","templated":true}]}}