{"id":65829,"date":"2012-04-26T19:02:43","date_gmt":"2012-04-26T19:02:43","guid":{"rendered":"http:\/\/diariodominicano.ddns.net\/?p=65829"},"modified":"2012-04-26T19:02:43","modified_gmt":"2012-04-26T19:02:43","slug":"el-carmj-realiza-conferencia-la-mujer-en-la-constitucion","status":"publish","type":"post","link":"https:\/\/diariodominicano.com\/?p=65829","title":{"rendered":"&#13;El CARMJ realiza conferencia la mujer en la Constituci\u00f3n &#13;"},"content":{"rendered":"<p><body><\/p>\n<p><img decoding=\"async\" src=\"img3\/MUJERES CONSTITUCION RD.JPG\" \/>  <\/p>\n<p><span class=\"text1noticias\">03:15 PM SANTO DOMINGO, RD, 26 Abr 2012.-doctora Awilda  Reyes consider\u00f3 que con  la  \u00faltima  reforma, nuestra Constituci\u00f3n es m\u00e1s  democr\u00e1tica y abierta, donde se incluye una serie de Derechos no solo para la  mujer sino tambi\u00e9n para la  sociedad en general.<\/span><\/p>\n<\/p>\n<p><span class=\"text1noticias\">La juez de  Paz de la 4ta. Circunscripci\u00f3n del Distrito Nacional dijo que  a  pesar de  ser un  modelo patriarcal, donde el hombre es considerado como un ente que dirige tanto en  las Artes como las Ciencias  y todas las actividades de la sociedad, que considera al hombre como figura que tiene poder,  tenemos  una Constituci\u00f3n que reafirma y reconoce a la mujer como un  sujeto del derecho.<\/span><\/p>\n<\/p>\n<p><span class=\"text1noticias\">En  su  exposici\u00f3n  llevada a cabo en el  stand  del  Comisionado de Apoyo a la  Reforma y Modernizaci\u00f3n de la Justicia ( CARMJ),  en el marco de la XV  Feria Internacional  del  libro Santo Domingo 2012,  la magistrada Reyes afirm\u00f3 que la mujer tiene una presencia como representaci\u00f3n del  Estado tanto en los organismo de direcci\u00f3n como en los organismos populares, de manera que tiene  derecho de participar en las acciones pol\u00edticas.<\/span><\/p>\n<\/p>\n<p><span class=\"text1noticias\">Dijo que el Art\u00edculo 28 de la Constituci\u00f3n establece claramente que para ser representante ante los parlamentos internacionales se requiere ser dominicano o dominicana; as\u00ed tambi\u00e9n el Art\u00edculo 122 estipula que el Poder Ejecutivo es ejercido en nombre del pueblo por la Presidenta o el Presidente de la Rep\u00fablica, en su condici\u00f3n de jefe de Estado.<\/span><\/p>\n<\/p>\n<p><span class=\"text1noticias\">El programa del CARMJ durante la XV Feria Internacional del Libro, incluye diversas  charlas,  talleres y exposiciones sobre los aspectos jur\u00eddicos  y  las leyes  en la  Rep\u00fablica Dominicana, a los eventos est\u00e1n  invitados  abogados,  jueces,  consultores  jur\u00eddicos, estudiantes de Derecho,  as\u00ed  como  p\u00fablico  en  general. <\/span><\/p>\n<p><span class=\"text1noticias\">                                                                                      <\/span><\/p>\n<p><span class=\"text1noticias\"><strong><em><u>CG.<\/u><\/em><\/strong><\/span><\/p>\n<\/p>\n<h6> 2012-04-26 19:02:43 <\/h6>\n<p><!--\n<link rel=\"stylesheet\" href=\"css\/bootstrap.min.css\">\n\n\n<ul class=\"pagination\">\n\t    \n\t\n\n<li >\n\t<a href='?page_no=17506'>Previous<\/a>\n\t<\/li>\n\n\n       \n    \n\n<li><a href='?page_no=1'>1<\/a><\/li>\n\n\n\n<li><a href='?page_no=2'>2<\/a><\/li>\n\n\n\n<li><a>...<\/a><\/li>\n\n\n\n<li><a href='?page_no=17505'>17505<\/a><\/li>\n\n\n\n<li><a href='?page_no=17506'>17506<\/a><\/li>\n\n\n\n<li class='active'><a>17507<\/a><\/li>\n\n\n\n<li><a href='?page_no=17508'>17508<\/a><\/li>\n\n\n\n<li><a href='?page_no=17509'>17509<\/a><\/li>\n\n\n\n<li><a>...<\/a><\/li>\n\n\n\n<li><a href='?page_no=22911'>22911<\/a><\/li>\n\n\n\n<li><a href='?page_no=22912'>22912<\/a><\/li>\n\n    \n\t\n\n<li >\n\t<a href='?page_no=17508'>Next<\/a>\n\t<\/li>\n\n\n    \n\n<li><a href='?page_no=22912'>Last &rsaquo;&rsaquo;<\/a><\/li>\n\n<\/ul>\n\n\n--><br \/>\n<\/body><\/p>\n","protected":false},"excerpt":{"rendered":"<p>03:15 PM SANTO DOMINGO, RD, 26 Abr 2012.-doctora Awilda Reyes consider\u00f3 que con la \u00faltima reforma, nuestra Constituci\u00f3n es m\u00e1s democr\u00e1tica y abierta, donde se incluye una serie de Derechos no solo para la mujer sino tambi\u00e9n para la sociedad en general. La juez de Paz de la 4ta. Circunscripci\u00f3n del Distrito Nacional dijo que [&hellip;]<\/p>\n","protected":false},"author":3,"featured_media":0,"comment_status":"open","ping_status":"open","sticky":false,"template":"","format":"standard","meta":{"footnotes":""},"categories":[21],"tags":[],"class_list":["post-65829","post","type-post","status-publish","format-standard","hentry","category-cultura"],"_links":{"self":[{"href":"https:\/\/diariodominicano.com\/index.php?rest_route=\/wp\/v2\/posts\/65829","targetHints":{"allow":["GET"]}}],"collection":[{"href":"https:\/\/diariodominicano.com\/index.php?rest_route=\/wp\/v2\/posts"}],"about":[{"href":"https:\/\/diariodominicano.com\/index.php?rest_route=\/wp\/v2\/types\/post"}],"author":[{"embeddable":true,"href":"https:\/\/diariodominicano.com\/index.php?rest_route=\/wp\/v2\/users\/3"}],"replies":[{"embeddable":true,"href":"https:\/\/diariodominicano.com\/index.php?rest_route=%2Fwp%2Fv2%2Fcomments&post=65829"}],"version-history":[{"count":0,"href":"https:\/\/diariodominicano.com\/index.php?rest_route=\/wp\/v2\/posts\/65829\/revisions"}],"wp:attachment":[{"href":"https:\/\/diariodominicano.com\/index.php?rest_route=%2Fwp%2Fv2%2Fmedia&parent=65829"}],"wp:term":[{"taxonomy":"category","embeddable":true,"href":"https:\/\/diariodominicano.com\/index.php?rest_route=%2Fwp%2Fv2%2Fcategories&post=65829"},{"taxonomy":"post_tag","embeddable":true,"href":"https:\/\/diariodominicano.com\/index.php?rest_route=%2Fwp%2Fv2%2Ftags&post=65829"}],"curies":[{"name":"wp","href":"https:\/\/api.w.org\/{rel}","templated":true}]}}