{"id":658283,"date":"2026-01-03T03:12:12","date_gmt":"2026-01-03T07:12:12","guid":{"rendered":"https:\/\/diariodominicano.com\/?p=658283"},"modified":"2026-01-04T02:39:13","modified_gmt":"2026-01-04T06:39:13","slug":"educacion-recuerda-segundo-periodo-ano-escolar-2025-2026-inicia-el-martes-6-de-enero","status":"publish","type":"post","link":"https:\/\/diariodominicano.com\/?p=658283","title":{"rendered":"Educaci\u00f3n recuerda segundo per\u00edodo del a\u00f1o escolar 2025-2026 inicia el martes 6 de enero"},"content":{"rendered":"\n<p>2 de Enero 2026 |<\/p>\n\n\n\n<p>Santo Domingo, RD.- El Ministerio de Educaci\u00f3n de la Rep\u00fablica Dominicana\u00a0<strong>(Minerd)<\/strong>\u00a0record\u00f3 a la comunidad educativa que el\u00a0<strong>segundo per\u00edodo de clases del A\u00f1o Escolar 2025-2026<\/strong>\u00a0inicia el\u00a0<strong>martes 6 de enero<\/strong>\u00a0en todos los centros educativos del pa\u00eds, conforme al\u00a0<strong>calendario escolar vigente.<\/strong><\/p>\n\n\n\n<p>La cartera educativa reiter\u00f3 el llamado a&nbsp;<strong>padres, madres y tutores<\/strong>&nbsp;a garantizar la&nbsp;<strong>asistencia y puntualidad<\/strong>&nbsp;de los estudiantes del&nbsp;<strong>sector p\u00fablico y privado<\/strong>, el primer d\u00eda de reinicio, como parte del esfuerzo conjunto para asegurar el&nbsp;<strong>aprovechamiento pleno&nbsp;<\/strong>del tiempo de clase.<\/p>\n\n\n\n<p>La instituci\u00f3n record\u00f3 que cada hora de docencia es fundamental para fortalecer los aprendizajes, reducir brechas educativas y avanzar hacia&nbsp;<strong>una educaci\u00f3n de mayor calidad para todos.<\/strong><\/p>\n\n\n\n<p>Con informaci\u00f3n de la Presidencia de la Rep\u00fablica Dominicana.<\/p>\n","protected":false},"excerpt":{"rendered":"<p>2 de Enero 2026 | Santo Domingo, RD.- El Ministerio de Educaci\u00f3n de la Rep\u00fablica Dominicana\u00a0(Minerd)\u00a0record\u00f3 a la comunidad educativa que el\u00a0segundo per\u00edodo de clases del A\u00f1o Escolar 2025-2026\u00a0inicia el\u00a0martes 6 de enero\u00a0en todos los centros educativos del pa\u00eds, conforme al\u00a0calendario escolar vigente. La cartera educativa reiter\u00f3 el llamado a&nbsp;padres, madres y tutores&nbsp;a garantizar la&nbsp;asistencia [&hellip;]<\/p>\n","protected":false},"author":2,"featured_media":563008,"comment_status":"closed","ping_status":"closed","sticky":false,"template":"","format":"standard","meta":{"footnotes":""},"categories":[20,27],"tags":[615],"class_list":["post-658283","post","type-post","status-publish","format-standard","has-post-thumbnail","hentry","category-dominicana-hoy","category-portada","tag-ministerio-de-educacion"],"_links":{"self":[{"href":"https:\/\/diariodominicano.com\/index.php?rest_route=\/wp\/v2\/posts\/658283","targetHints":{"allow":["GET"]}}],"collection":[{"href":"https:\/\/diariodominicano.com\/index.php?rest_route=\/wp\/v2\/posts"}],"about":[{"href":"https:\/\/diariodominicano.com\/index.php?rest_route=\/wp\/v2\/types\/post"}],"author":[{"embeddable":true,"href":"https:\/\/diariodominicano.com\/index.php?rest_route=\/wp\/v2\/users\/2"}],"replies":[{"embeddable":true,"href":"https:\/\/diariodominicano.com\/index.php?rest_route=%2Fwp%2Fv2%2Fcomments&post=658283"}],"version-history":[{"count":2,"href":"https:\/\/diariodominicano.com\/index.php?rest_route=\/wp\/v2\/posts\/658283\/revisions"}],"predecessor-version":[{"id":658286,"href":"https:\/\/diariodominicano.com\/index.php?rest_route=\/wp\/v2\/posts\/658283\/revisions\/658286"}],"wp:featuredmedia":[{"embeddable":true,"href":"https:\/\/diariodominicano.com\/index.php?rest_route=\/wp\/v2\/media\/563008"}],"wp:attachment":[{"href":"https:\/\/diariodominicano.com\/index.php?rest_route=%2Fwp%2Fv2%2Fmedia&parent=658283"}],"wp:term":[{"taxonomy":"category","embeddable":true,"href":"https:\/\/diariodominicano.com\/index.php?rest_route=%2Fwp%2Fv2%2Fcategories&post=658283"},{"taxonomy":"post_tag","embeddable":true,"href":"https:\/\/diariodominicano.com\/index.php?rest_route=%2Fwp%2Fv2%2Ftags&post=658283"}],"curies":[{"name":"wp","href":"https:\/\/api.w.org\/{rel}","templated":true}]}}