{"id":65827,"date":"2012-04-26T19:19:14","date_gmt":"2012-04-26T19:19:14","guid":{"rendered":"http:\/\/diariodominicano.ddns.net\/?p=65827"},"modified":"2012-04-26T19:19:14","modified_gmt":"2012-04-26T19:19:14","slug":"unicaribe-exhorta-poblacion-afianzar-conocimientos-a-traves-de-la-lectura","status":"publish","type":"post","link":"https:\/\/diariodominicano.com\/?p=65827","title":{"rendered":"&#13;&#13;UNICARIBE exhorta poblaci\u00f3n afianzar conocimientos a trav\u00e9s de la lectura&#13;"},"content":{"rendered":"<p><body><\/p>\n<p><img decoding=\"async\" src=\"img3\/Stand Unicaribe.JPG\" \/>  <\/p>\n<p><span class=\"text1noticias\">03:25 PM SANTO DOMINGO, RD, 26 Abr 2012.-La Universidad del Caribe (UNICARIBE) exhort\u00f3 al pueblo dominicano a motivarse a la lectura de libros, revistas, peri\u00f3dicos y cualquier publicaci\u00f3n impresa o digital que contribuya a profundizar sus conocimientos y ampliar su acervo cultural.<\/span><\/p>\n<p><span class=\"text1noticias\"> <\/span><\/p>\n<p><span class=\"text1noticias\">UNICARIBE hizo la exhortaci\u00f3n a prop\u00f3sito de la conmemoraci\u00f3n el lunes de esta semana del D\u00eda Internacional del Libro, fecha memorable elegida por la coincidencia del fallecimiento en abril de 1616 de los escritores Miguel de Cervantes y William Shakespeare.<\/span><\/p>\n<p><span class=\"text1noticias\"> <\/span><\/p>\n<p><span class=\"text1noticias\">La academia considera que es importante para el desarrollo de un pueblo hacer de la lectura su modus vivendi, en raz\u00f3n de que en el conocimiento y en la educaci\u00f3n radica el bienestar de una naci\u00f3n.<\/span><\/p>\n<p><span class=\"text1noticias\"> <\/span><\/p>\n<p><span class=\"text1noticias\">A modo de contribuir a incentivar la lectura, UNICARIBE present\u00f3 al pa\u00eds el libro \u00abComunicaci\u00f3n, Emergencias y Desastres\u00bb, de la  autor\u00eda de la periodista Ceinet S\u00e1nchez, en el marco de la celebraci\u00f3n de la XV Feria Internacional de Libro.<\/span><\/p>\n<p><span class=\"text1noticias\"> <\/span><\/p>\n<p><span class=\"text1noticias\">El libro de S\u00e1nchez fue presentado en el Pabell\u00f3n de Autores Dominicanos, durante un conversatorio que cont\u00f3 con la introducci\u00f3n del Mayor General Paracaidista \u00ae, Luis Antonio Luna Paulino,  director de la Defensa Civil ypresidente del Centro de Operaciones de Emergencia (COE). Al acto asistieron periodistas, intelectuales y personas amantes de lectura.<\/span><\/p>\n<p><span class=\"text1noticias\"> <\/span><\/p>\n<p><span class=\"text1noticias\">Stand de UNICARIBE<\/span><\/p>\n<p><span class=\"text1noticias\"> <\/span><\/p>\n<p><span class=\"text1noticias\">Reafirmando su compromiso con la cultura, la Universidad del Caribe puso a disposici\u00f3n del p\u00fablico un Stand en el Pabell\u00f3n de Educaci\u00f3n Superior de la XV Feria Internacional del Libro, a trav\u00e9s del cual orienta a la poblaci\u00f3n sobre su oferta acad\u00e9mica en el grado de licenciatura y en educaci\u00f3n en sus diferentes menciones.<\/span><\/p>\n<p><span class=\"text1noticias\"> <\/span><\/p>\n<p><span class=\"text1noticias\">\u00abBienvenidos (@) al Stand de UNICARIBE, \u00abinstituci\u00f3n de educaci\u00f3n superior abierta y a distancia, reconocida por la pertinencia de su modelo semipresencial, donde el estudiante tiene un rol responsable de estudio independiente o autogestionario, el cual le permite desarrollar las asignaturas con \u00e9xito durante su aprendizaje\u00bb, explica  la academia en material de orientaci\u00f3n impreso.<\/span><\/p>\n<p><span class=\"text1noticias\"> <\/span><\/p>\n<p><span class=\"text1noticias\">La modalidad de estudio de UNICARIBE brinda a los estudiantes la oportunidad de realizar sus actividades laborales y a la vez estudiar.<\/span><\/p>\n<p><span class=\"text1noticias\"> <\/span><\/p>\n<p><span class=\"text1noticias\">Como oferta acad\u00e9mica imparte el grado de licenciatura en Administraci\u00f3n de Empresas, Administraci\u00f3n Hotelera, en Relaciones Internacionales, Inform\u00e1tica, en Derecho, Contabilidad, Mercadeo y licenciatura en Educaci\u00f3n en sus diferentes menciones.<\/span><\/p>\n<p><span class=\"text1noticias\"><strong><em><u> CG<\/u><\/em><\/strong><\/span><\/p>\n<\/p>\n<h6> 2012-04-26 19:19:14 <\/h6>\n<p><!--\n<link rel=\"stylesheet\" href=\"css\/bootstrap.min.css\">\n\n\n<ul class=\"pagination\">\n\t    \n\t\n\n<li >\n\t<a href='?page_no=17504'>Previous<\/a>\n\t<\/li>\n\n\n       \n    \n\n<li><a href='?page_no=1'>1<\/a><\/li>\n\n\n\n<li><a href='?page_no=2'>2<\/a><\/li>\n\n\n\n<li><a>...<\/a><\/li>\n\n\n\n<li><a href='?page_no=17503'>17503<\/a><\/li>\n\n\n\n<li><a href='?page_no=17504'>17504<\/a><\/li>\n\n\n\n<li class='active'><a>17505<\/a><\/li>\n\n\n\n<li><a href='?page_no=17506'>17506<\/a><\/li>\n\n\n\n<li><a href='?page_no=17507'>17507<\/a><\/li>\n\n\n\n<li><a>...<\/a><\/li>\n\n\n\n<li><a href='?page_no=22911'>22911<\/a><\/li>\n\n\n\n<li><a href='?page_no=22912'>22912<\/a><\/li>\n\n    \n\t\n\n<li >\n\t<a href='?page_no=17506'>Next<\/a>\n\t<\/li>\n\n\n    \n\n<li><a href='?page_no=22912'>Last &rsaquo;&rsaquo;<\/a><\/li>\n\n<\/ul>\n\n\n--><br \/>\n<\/body><\/p>\n","protected":false},"excerpt":{"rendered":"<p>03:25 PM SANTO DOMINGO, RD, 26 Abr 2012.-La Universidad del Caribe (UNICARIBE) exhort\u00f3 al pueblo dominicano a motivarse a la lectura de libros, revistas, peri\u00f3dicos y cualquier publicaci\u00f3n impresa o digital que contribuya a profundizar sus conocimientos y ampliar su acervo cultural. UNICARIBE hizo la exhortaci\u00f3n a prop\u00f3sito de la conmemoraci\u00f3n el lunes de esta [&hellip;]<\/p>\n","protected":false},"author":3,"featured_media":0,"comment_status":"open","ping_status":"open","sticky":false,"template":"","format":"standard","meta":{"footnotes":""},"categories":[21],"tags":[],"class_list":["post-65827","post","type-post","status-publish","format-standard","hentry","category-cultura"],"_links":{"self":[{"href":"https:\/\/diariodominicano.com\/index.php?rest_route=\/wp\/v2\/posts\/65827","targetHints":{"allow":["GET"]}}],"collection":[{"href":"https:\/\/diariodominicano.com\/index.php?rest_route=\/wp\/v2\/posts"}],"about":[{"href":"https:\/\/diariodominicano.com\/index.php?rest_route=\/wp\/v2\/types\/post"}],"author":[{"embeddable":true,"href":"https:\/\/diariodominicano.com\/index.php?rest_route=\/wp\/v2\/users\/3"}],"replies":[{"embeddable":true,"href":"https:\/\/diariodominicano.com\/index.php?rest_route=%2Fwp%2Fv2%2Fcomments&post=65827"}],"version-history":[{"count":0,"href":"https:\/\/diariodominicano.com\/index.php?rest_route=\/wp\/v2\/posts\/65827\/revisions"}],"wp:attachment":[{"href":"https:\/\/diariodominicano.com\/index.php?rest_route=%2Fwp%2Fv2%2Fmedia&parent=65827"}],"wp:term":[{"taxonomy":"category","embeddable":true,"href":"https:\/\/diariodominicano.com\/index.php?rest_route=%2Fwp%2Fv2%2Fcategories&post=65827"},{"taxonomy":"post_tag","embeddable":true,"href":"https:\/\/diariodominicano.com\/index.php?rest_route=%2Fwp%2Fv2%2Ftags&post=65827"}],"curies":[{"name":"wp","href":"https:\/\/api.w.org\/{rel}","templated":true}]}}