{"id":65826,"date":"2012-04-26T19:32:50","date_gmt":"2012-04-26T19:32:50","guid":{"rendered":"http:\/\/diariodominicano.ddns.net\/?p=65826"},"modified":"2012-04-26T19:32:50","modified_gmt":"2012-04-26T19:32:50","slug":"dominican-soul-nueva-exposicion-de-arte-en-blue-mall-santo-domingo","status":"publish","type":"post","link":"https:\/\/diariodominicano.com\/?p=65826","title":{"rendered":"\u00abDominican Soul\u00bb, nueva exposici\u00f3n de arte en Blue Mall Santo Domingo"},"content":{"rendered":"<p><body><\/p>\n<p><img decoding=\"async\" src=\"img3\/Jean-Pierre FREY  pintando.jpg\" \/><br \/><img decoding=\"async\" src=\"img3\/Jean-Pierre FREY trabjando.jpg\" \/><br \/><img decoding=\"async\" src=\"img3\/Table by JPFREY workshop.jpg\" \/>  <\/p>\n<p><span class=\"text1noticias\">03:40 PM SANTO DOMINGO, RD, 26 Abr 2012.-Blue Mall Santo Domingo contin\u00faa desarrollando su agitado itinerario de actividades art\u00edsticas. Este fin de semana, y hasta el 9 de mayo, el centro comercial presenta en su primer nivel la muestra \u00abDominican soul\u00bb, del franc\u00e9s Jean Pierre Frey.<\/span><\/p>\n<p><span class=\"text1noticias\"> <\/span><\/p>\n<p><span class=\"text1noticias\">Se trata de una colecci\u00f3n de piezas, que incluyen pinturas, esculturas y mobiliario funcional, con la particularidad de que todas fueron creadas utilizando elementos reciclados (puertas, marcos, herrajes y madera), provenientes de viejas casa del campo dominicano, algunas de las d\u00e9cadas veinte y treinta. En fin, elementos \u00fanicos cargados de creatividad y color.<\/span><\/p>\n<p><span class=\"text1noticias\"> <\/span><\/p>\n<p><span class=\"text1noticias\">De esta manera, \u00abDominican soul\u00bb invita a los visitantes de Blue Mall Santo Domingo a redescubrir la Rep\u00fablica Dominicana a trav\u00e9s de los ojos de Jean Pierre Frey, considerado como el quinto pintor franc\u00e9s contempor\u00e1neo mejor vendido.<\/span><\/p>\n<p><span class=\"text1noticias\"> <\/span><\/p>\n<p><span class=\"text1noticias\">Pierre Frey incursion\u00f3 en el mundo de las artes en la famosa \u00abPlace du Tertre\u00bb en Montmatre, Par\u00eds, cuna de varios artistas celebres del siglo XX. En 2005 llega Rep\u00fablica Dominicana y, encantado por su pueblo y sorprendido por las posibilidades del pa\u00eds, encuentra una nueva fuente de inspiraci\u00f3n. Poco tiempo despu\u00e9s, cre\u00f3 una l\u00ednea de mobiliario fabricado por \u00e9l mismo y exhibido en su galer\u00eda de La Marina de Casa de Campo, llamada \u00abElementos\u00bb.<\/span><\/p>\n<p><span class=\"text1noticias\"> <\/span><\/p>\n<p><span class=\"text1noticias\">Su pasi\u00f3n por reutilizar materiales reciclados comenz\u00f3 cuando una amiga le inform\u00f3 que una antigua casa de La Romana estaba siendo demolida. Por coincidencia, se trataba de la vivienda de la cual Jean-Pierre se hab\u00eda enamorado a\u00f1os atr\u00e1s, en su primera visita a la provincia: \u00abEsta construcci\u00f3n en madera de un estilo victoriano, con un eternal anciano sentado bajo su galler\u00eda en una mecedora, su pintura azul decolorada por sus a\u00f1os de sumisi\u00f3n al sol y el salitre caribe\u00f1os, constitu\u00eda el perfecto retrato de un mundo en desaparici\u00f3n\u00bb, cuenta el artista. Decidi\u00f3 en el instante comprar su madera.<\/span><\/p>\n<p><span class=\"text1noticias\"> <\/span><\/p>\n<p><span class=\"text1noticias\">Este s\u00e1bado 28, as\u00ed como el viernes 4 y s\u00e1bado 5 de mayo, el artista estar\u00e1 pintando en vivo en las instalaciones de Blue Mall Santo Domingo.<\/span><\/p>\n<p><span class=\"text1noticias\"> <\/span><\/p>\n<p><span class=\"text1noticias\">Para m\u00e1s detalles y fotos de esta actividad en particular, as\u00ed como de ofertas y toda la actualidad relativa a Blue Mall Shopping Center, los interesados pueden visitar la p\u00e1gina http:\/\/www.facebook.com\/BlueMallSantoDomingo o seguir la cuenta en Twitter @BlueMallSD.<\/span><\/p>\n<\/p>\n<p><strong><em><u><span class=\"text1noticias\">CG.<\/span><\/u><\/em><\/strong><\/p>\n<\/p>\n<h6> 2012-04-26 19:32:50 <\/h6>\n<p><!--\n<link rel=\"stylesheet\" href=\"css\/bootstrap.min.css\">\n\n\n<ul class=\"pagination\">\n\t    \n\t\n\n<li >\n\t<a href='?page_no=17503'>Previous<\/a>\n\t<\/li>\n\n\n       \n    \n\n<li><a href='?page_no=1'>1<\/a><\/li>\n\n\n\n<li><a href='?page_no=2'>2<\/a><\/li>\n\n\n\n<li><a>...<\/a><\/li>\n\n\n\n<li><a href='?page_no=17502'>17502<\/a><\/li>\n\n\n\n<li><a href='?page_no=17503'>17503<\/a><\/li>\n\n\n\n<li class='active'><a>17504<\/a><\/li>\n\n\n\n<li><a href='?page_no=17505'>17505<\/a><\/li>\n\n\n\n<li><a href='?page_no=17506'>17506<\/a><\/li>\n\n\n\n<li><a>...<\/a><\/li>\n\n\n\n<li><a href='?page_no=22911'>22911<\/a><\/li>\n\n\n\n<li><a href='?page_no=22912'>22912<\/a><\/li>\n\n    \n\t\n\n<li >\n\t<a href='?page_no=17505'>Next<\/a>\n\t<\/li>\n\n\n    \n\n<li><a href='?page_no=22912'>Last &rsaquo;&rsaquo;<\/a><\/li>\n\n<\/ul>\n\n\n--><br \/>\n<\/body><\/p>\n","protected":false},"excerpt":{"rendered":"<p>03:40 PM SANTO DOMINGO, RD, 26 Abr 2012.-Blue Mall Santo Domingo contin\u00faa desarrollando su agitado itinerario de actividades art\u00edsticas. Este fin de semana, y hasta el 9 de mayo, el centro comercial presenta en su primer nivel la muestra \u00abDominican soul\u00bb, del franc\u00e9s Jean Pierre Frey. Se trata de una colecci\u00f3n de piezas, que incluyen [&hellip;]<\/p>\n","protected":false},"author":3,"featured_media":0,"comment_status":"open","ping_status":"open","sticky":false,"template":"","format":"standard","meta":{"footnotes":""},"categories":[21],"tags":[],"class_list":["post-65826","post","type-post","status-publish","format-standard","hentry","category-cultura"],"_links":{"self":[{"href":"https:\/\/diariodominicano.com\/index.php?rest_route=\/wp\/v2\/posts\/65826","targetHints":{"allow":["GET"]}}],"collection":[{"href":"https:\/\/diariodominicano.com\/index.php?rest_route=\/wp\/v2\/posts"}],"about":[{"href":"https:\/\/diariodominicano.com\/index.php?rest_route=\/wp\/v2\/types\/post"}],"author":[{"embeddable":true,"href":"https:\/\/diariodominicano.com\/index.php?rest_route=\/wp\/v2\/users\/3"}],"replies":[{"embeddable":true,"href":"https:\/\/diariodominicano.com\/index.php?rest_route=%2Fwp%2Fv2%2Fcomments&post=65826"}],"version-history":[{"count":0,"href":"https:\/\/diariodominicano.com\/index.php?rest_route=\/wp\/v2\/posts\/65826\/revisions"}],"wp:attachment":[{"href":"https:\/\/diariodominicano.com\/index.php?rest_route=%2Fwp%2Fv2%2Fmedia&parent=65826"}],"wp:term":[{"taxonomy":"category","embeddable":true,"href":"https:\/\/diariodominicano.com\/index.php?rest_route=%2Fwp%2Fv2%2Fcategories&post=65826"},{"taxonomy":"post_tag","embeddable":true,"href":"https:\/\/diariodominicano.com\/index.php?rest_route=%2Fwp%2Fv2%2Ftags&post=65826"}],"curies":[{"name":"wp","href":"https:\/\/api.w.org\/{rel}","templated":true}]}}