{"id":65825,"date":"2012-04-26T19:41:33","date_gmt":"2012-04-26T19:41:33","guid":{"rendered":"http:\/\/diariodominicano.ddns.net\/?p=65825"},"modified":"2012-04-26T19:41:33","modified_gmt":"2012-04-26T19:41:33","slug":"fundacion-quiereme-como-soy-lanza-programa","status":"publish","type":"post","link":"https:\/\/diariodominicano.com\/?p=65825","title":{"rendered":"Fundaci\u00f3n Qui\u00e9reme como soy lanza programa"},"content":{"rendered":"<p><body><\/p>\n<p><img decoding=\"async\" src=\"img3\/QUIEREME COMO SOY 1.JPG\" \/><br \/><img decoding=\"async\" src=\"img3\/QUIEREME COMO SOY 2.JPG\" \/>  <\/p>\n<p><span class=\"text1noticias\">03:48 PM SANTO DOMINGO, RD, 26 Abr 2012.-La Fundaci\u00f3n \u00abQui\u00e9reme como soy\u00bb, anunci\u00f3 el inicio del primer programa de capacitaci\u00f3n dirigidos a j\u00f3venes especiales, con el fin de promover su inclusi\u00f3n laboral en las empresas. <\/span><\/p>\n<\/p>\n<p><span class=\"text1noticias\">La iniciativa es parte de la misi\u00f3n de la Fundaci\u00f3n, de apadrinar instituciones que se dedican a proveer herramientas de integraci\u00f3n para personas con necesidades especiales y de fomentar la cultura de aceptaci\u00f3n y humanizaci\u00f3n. Como parte de sus estrategias es la de integrar las personas especiales en las empresas.<\/span><\/p>\n<\/p>\n<p><span class=\"text1noticias\">La noticia fue dada a conocer durante un encuentro entre relacionados, empresarios, funcionarios gubernamentales  y amigos de la prensa, en las instalaciones del Grupo Viamar. <\/span><\/p>\n<\/p>\n<p><span class=\"text1noticias\">Las palabras centrales estuvo a cargo del se\u00f1or Ryan Larrauri, miembro del Comit\u00e9 Gestor de la Fundaci\u00f3n Qui\u00e9reme como soy,  qui\u00e9n expres\u00f3:  \u00abNos sentimos felices con los resultados que  nuestra fundaci\u00f3n han alcanzado en estos casi dos a\u00f1os; ahora con el inicio de este programa damos un gran paso a lo que ser\u00e1 nuestro mayor aporte a la sociedad, y es lograr la inclusi\u00f3n de todas las personas especiales al mundo laboral\u00bb.<\/span><\/p>\n<\/p>\n<p><span class=\"text1noticias\">Al explicar las etapas que tendr\u00e1 este programa, el se\u00f1or Larrauri indic\u00f3: \u00abLa primera fase es la identificaci\u00f3n de personas especiales que tienen el deseo de iniciar una  vida laboral, la segunda fase es la capacitaci\u00f3n que le estaremos ofreciendo a trav\u00e9s de nuestro programa y la tercera es la firma de acuerdo con empresas que est\u00e9n dispuestas a contratarlos una vez concluida la capacitaci\u00f3n de estos j\u00f3venes\u00bb.<\/span><\/p>\n<\/p>\n<p><span class=\"text1noticias\">En esta semana iniciamos el programa con el primer grupo de j\u00f3venes especiales, los cuales estar\u00e1n recibiendo un entrenamiento para la posici\u00f3n de \u00abAuxiliar de tienda\u00bb,  por un per\u00edodo de tres meses.  Esta capacitaci\u00f3n los preparar\u00e1 mediante pr\u00e1cticas de tareas similares, a las que estar\u00e1n realizando  en una empresa o centro laboral.<\/span><\/p>\n<\/p>\n<p><span class=\"text1noticias\">Durante el entrenamiento los j\u00f3venes demostrar\u00e1n su desempe\u00f1o en una pasant\u00eda de dos meses aproximadamente, en un \u00e1rea determinada de una reconocida empresa, as\u00ed como tambi\u00e9n, en tiendas por departamentos y\/o supermercados. <\/span><\/p>\n<\/p>\n<p><span class=\"text1noticias\">Las personas interesadas en participar en el programa de inclusi\u00f3n laboral para j\u00f3venes con discapacidad cognitiva, que sean mayores de edad, sepan leer y escribir, pueden enviar sus datos a quieremecomosoy@gmail.com<\/span><\/p>\n<\/p>\n<p><span class=\"text1noticias\">Para m\u00e1s detalles, la Fundaci\u00f3n Qui\u00e9reme como soy,  cuenta con la l\u00ednea de contacto 809-565-3111, extensi\u00f3n AMAR(2627), tambi\u00e9n accediendo a www.quieremecomosoy.com y a las redes sociales twitter @mequierecomosoy y Facebook quieremecomosoy.<\/span><\/p>\n<\/p>\n<p><strong><em><u><span class=\"text1noticias\">CG.<\/span><\/u><\/em><\/strong><\/p>\n<\/p>\n<\/p>\n<h6> 2012-04-26 19:41:33 <\/h6>\n<p><!--\n<link rel=\"stylesheet\" href=\"css\/bootstrap.min.css\">\n\n\n<ul class=\"pagination\">\n\t    \n\t\n\n<li >\n\t<a href='?page_no=17502'>Previous<\/a>\n\t<\/li>\n\n\n       \n    \n\n<li><a href='?page_no=1'>1<\/a><\/li>\n\n\n\n<li><a href='?page_no=2'>2<\/a><\/li>\n\n\n\n<li><a>...<\/a><\/li>\n\n\n\n<li><a href='?page_no=17501'>17501<\/a><\/li>\n\n\n\n<li><a href='?page_no=17502'>17502<\/a><\/li>\n\n\n\n<li class='active'><a>17503<\/a><\/li>\n\n\n\n<li><a href='?page_no=17504'>17504<\/a><\/li>\n\n\n\n<li><a href='?page_no=17505'>17505<\/a><\/li>\n\n\n\n<li><a>...<\/a><\/li>\n\n\n\n<li><a href='?page_no=22911'>22911<\/a><\/li>\n\n\n\n<li><a href='?page_no=22912'>22912<\/a><\/li>\n\n    \n\t\n\n<li >\n\t<a href='?page_no=17504'>Next<\/a>\n\t<\/li>\n\n\n    \n\n<li><a href='?page_no=22912'>Last &rsaquo;&rsaquo;<\/a><\/li>\n\n<\/ul>\n\n\n--><br \/>\n<\/body><\/p>\n","protected":false},"excerpt":{"rendered":"<p>03:48 PM SANTO DOMINGO, RD, 26 Abr 2012.-La Fundaci\u00f3n \u00abQui\u00e9reme como soy\u00bb, anunci\u00f3 el inicio del primer programa de capacitaci\u00f3n dirigidos a j\u00f3venes especiales, con el fin de promover su inclusi\u00f3n laboral en las empresas. La iniciativa es parte de la misi\u00f3n de la Fundaci\u00f3n, de apadrinar instituciones que se dedican a proveer herramientas de [&hellip;]<\/p>\n","protected":false},"author":3,"featured_media":0,"comment_status":"open","ping_status":"open","sticky":false,"template":"","format":"standard","meta":{"footnotes":""},"categories":[21],"tags":[],"class_list":["post-65825","post","type-post","status-publish","format-standard","hentry","category-cultura"],"_links":{"self":[{"href":"https:\/\/diariodominicano.com\/index.php?rest_route=\/wp\/v2\/posts\/65825","targetHints":{"allow":["GET"]}}],"collection":[{"href":"https:\/\/diariodominicano.com\/index.php?rest_route=\/wp\/v2\/posts"}],"about":[{"href":"https:\/\/diariodominicano.com\/index.php?rest_route=\/wp\/v2\/types\/post"}],"author":[{"embeddable":true,"href":"https:\/\/diariodominicano.com\/index.php?rest_route=\/wp\/v2\/users\/3"}],"replies":[{"embeddable":true,"href":"https:\/\/diariodominicano.com\/index.php?rest_route=%2Fwp%2Fv2%2Fcomments&post=65825"}],"version-history":[{"count":0,"href":"https:\/\/diariodominicano.com\/index.php?rest_route=\/wp\/v2\/posts\/65825\/revisions"}],"wp:attachment":[{"href":"https:\/\/diariodominicano.com\/index.php?rest_route=%2Fwp%2Fv2%2Fmedia&parent=65825"}],"wp:term":[{"taxonomy":"category","embeddable":true,"href":"https:\/\/diariodominicano.com\/index.php?rest_route=%2Fwp%2Fv2%2Fcategories&post=65825"},{"taxonomy":"post_tag","embeddable":true,"href":"https:\/\/diariodominicano.com\/index.php?rest_route=%2Fwp%2Fv2%2Ftags&post=65825"}],"curies":[{"name":"wp","href":"https:\/\/api.w.org\/{rel}","templated":true}]}}