{"id":65824,"date":"2012-04-26T20:24:30","date_gmt":"2012-04-26T20:24:30","guid":{"rendered":"http:\/\/diariodominicano.ddns.net\/?p=65824"},"modified":"2012-04-26T20:24:30","modified_gmt":"2012-04-26T20:24:30","slug":"expondran-obras-de-miro-en-estados-unidos","status":"publish","type":"post","link":"https:\/\/diariodominicano.com\/?p=65824","title":{"rendered":"&#13;Expondr\u00e1n obras de Mir\u00f3 en Estados Unidos"},"content":{"rendered":"<p><body><\/p>\n<p><img decoding=\"async\" src=\"img3\/JOAN MIRO.jpg\" \/>  <\/p>\n<p><span class=\"text1noticias\">04:30 PM Washington, 26 Abr 2012.- (PL) Un centenar de obras representativas de tres per\u00edodos diferentes del afamado pintor espa\u00f1ol Joan Mir\u00f3 (1893-1983) ser\u00e1n expuestas en mayo pr\u00f3ximo en la Galer\u00eda Nacional de Arte de Washington, en Estados Unidos.<\/span><\/p>\n<\/p>\n<p><span class=\"text1noticias\">Seg\u00fan Vicen Villatoro, director del Institut Ramon Llull (IRL), promotor de la muestra, para entender mejor a Mir\u00f3 resulta necesario conocer sus ra\u00edces catalanas porque su obra es el producto de esa cultura.<\/span><\/p>\n<\/p>\n<p><span class=\"text1noticias\">La exhibici\u00f3n abarca piezas relacionadas con los per\u00edodos dedicados al paisaje de Catalu\u00f1a y la influencia de los surrealistas, la respuesta a la Guerra Civil Espa\u00f1ola y la ca\u00edda de Francia; y otras referidas a la euforia popular que rode\u00f3 la desaparici\u00f3n del r\u00e9gimen de Francisco Franco (1892-1975).<\/span><\/p>\n<\/p>\n<p><span class=\"text1noticias\">El p\u00fablico estadounidense tambi\u00e9n podr\u00e1 apreciar algunas obras que pertenecen a colecciones privadas no antes expuestas ni en Londres ni en Barcelona, dos ciudades que ya han acogido esta exposici\u00f3n.<\/span><\/p>\n<\/p>\n<p><span class=\"text1noticias\">El director adjunto del IRL, Lex Susanna, anunci\u00f3 que paralelamente se realizar\u00e1n actividades vinculadas con la m\u00fasica, el cine y el \u00e1mbito acad\u00e9mico.<\/span><\/p>\n<\/p>\n<p><span class=\"text1noticias\">The ladder of escape (La escalera de la evasi\u00f3n) es la muestra m\u00e1s importante sobre Mir\u00f3 presentada en Espa\u00f1a en los \u00faltimos 20 a\u00f1os, hecho que avalan las 236 mil personas que acudieron entre el 16 de octubre de 2011 y el 18 de marzo de este a\u00f1o a la Fundaci\u00f3n de igual nombre, en Barcelona, para apreciar las pinturas.<\/span><\/p>\n<\/p>\n<p><span class=\"text1noticias\">Fundada en 1937, la National Gallery of Arte de Washington resulta uno de los centros de arte de referencia en Estados Unidos, y en sus salas exhibe una gran colecci\u00f3n permanente de pintura, escultura y artes decorativas, desde el siglo XIII hasta la actualidad.<\/span><\/p>\n<p><span class=\"text1noticias\"><strong><em><u>CG.<\/u><\/em><\/strong><\/span><\/p>\n<\/p>\n<h6> 2012-04-26 20:24:30 <\/h6>\n<p><!--\n<link rel=\"stylesheet\" href=\"css\/bootstrap.min.css\">\n\n\n<ul class=\"pagination\">\n\t    \n\t\n\n<li >\n\t<a href='?page_no=17501'>Previous<\/a>\n\t<\/li>\n\n\n       \n    \n\n<li><a href='?page_no=1'>1<\/a><\/li>\n\n\n\n<li><a href='?page_no=2'>2<\/a><\/li>\n\n\n\n<li><a>...<\/a><\/li>\n\n\n\n<li><a href='?page_no=17500'>17500<\/a><\/li>\n\n\n\n<li><a href='?page_no=17501'>17501<\/a><\/li>\n\n\n\n<li class='active'><a>17502<\/a><\/li>\n\n\n\n<li><a href='?page_no=17503'>17503<\/a><\/li>\n\n\n\n<li><a href='?page_no=17504'>17504<\/a><\/li>\n\n\n\n<li><a>...<\/a><\/li>\n\n\n\n<li><a href='?page_no=22911'>22911<\/a><\/li>\n\n\n\n<li><a href='?page_no=22912'>22912<\/a><\/li>\n\n    \n\t\n\n<li >\n\t<a href='?page_no=17503'>Next<\/a>\n\t<\/li>\n\n\n    \n\n<li><a href='?page_no=22912'>Last &rsaquo;&rsaquo;<\/a><\/li>\n\n<\/ul>\n\n\n--><br \/>\n<\/body><\/p>\n","protected":false},"excerpt":{"rendered":"<p>04:30 PM Washington, 26 Abr 2012.- (PL) Un centenar de obras representativas de tres per\u00edodos diferentes del afamado pintor espa\u00f1ol Joan Mir\u00f3 (1893-1983) ser\u00e1n expuestas en mayo pr\u00f3ximo en la Galer\u00eda Nacional de Arte de Washington, en Estados Unidos. Seg\u00fan Vicen Villatoro, director del Institut Ramon Llull (IRL), promotor de la muestra, para entender mejor [&hellip;]<\/p>\n","protected":false},"author":3,"featured_media":0,"comment_status":"open","ping_status":"open","sticky":false,"template":"","format":"standard","meta":{"footnotes":""},"categories":[21],"tags":[],"class_list":["post-65824","post","type-post","status-publish","format-standard","hentry","category-cultura"],"_links":{"self":[{"href":"https:\/\/diariodominicano.com\/index.php?rest_route=\/wp\/v2\/posts\/65824","targetHints":{"allow":["GET"]}}],"collection":[{"href":"https:\/\/diariodominicano.com\/index.php?rest_route=\/wp\/v2\/posts"}],"about":[{"href":"https:\/\/diariodominicano.com\/index.php?rest_route=\/wp\/v2\/types\/post"}],"author":[{"embeddable":true,"href":"https:\/\/diariodominicano.com\/index.php?rest_route=\/wp\/v2\/users\/3"}],"replies":[{"embeddable":true,"href":"https:\/\/diariodominicano.com\/index.php?rest_route=%2Fwp%2Fv2%2Fcomments&post=65824"}],"version-history":[{"count":0,"href":"https:\/\/diariodominicano.com\/index.php?rest_route=\/wp\/v2\/posts\/65824\/revisions"}],"wp:attachment":[{"href":"https:\/\/diariodominicano.com\/index.php?rest_route=%2Fwp%2Fv2%2Fmedia&parent=65824"}],"wp:term":[{"taxonomy":"category","embeddable":true,"href":"https:\/\/diariodominicano.com\/index.php?rest_route=%2Fwp%2Fv2%2Fcategories&post=65824"},{"taxonomy":"post_tag","embeddable":true,"href":"https:\/\/diariodominicano.com\/index.php?rest_route=%2Fwp%2Fv2%2Ftags&post=65824"}],"curies":[{"name":"wp","href":"https:\/\/api.w.org\/{rel}","templated":true}]}}