{"id":65823,"date":"2012-04-26T21:32:38","date_gmt":"2012-04-26T21:32:38","guid":{"rendered":"http:\/\/diariodominicano.ddns.net\/?p=65823"},"modified":"2012-04-26T21:32:38","modified_gmt":"2012-04-26T21:32:38","slug":"conversatorio-virtual-el-periodismo-de-investigacion-y-la-libertad-de-prensa","status":"publish","type":"post","link":"https:\/\/diariodominicano.com\/?p=65823","title":{"rendered":"Conversatorio  virtual \u00abEl periodismo de investigaci\u00f3n y la libertad de prensa\u00bb"},"content":{"rendered":"<p><body><\/p>\n<p><span class=\"text1noticias\">Rep.Dom. 26 de Abril 05:31 P.M.-En conmemoraci\u00f3n al D\u00eda Mundial de la Libertad de Prensa, la Embajada de los Estados Unidos realizar\u00e1 una charla virtual titulada  \u00abEl periodismo de investigaci\u00f3n y la libertad de prensa\u00bb que tendr\u00e1 lugar el pr\u00f3ximo lunes 30 de abril de 2012, a la una de la tarde. <\/span><\/p>\n<\/p>\n<p><span class=\"text1noticias\">Con frecuencia se califica al periodismo como el \u00abCuarto Pilar de la democracia\u00bb. De esta manera un reportaje de investigaci\u00f3n de buena calidad es esencial para mantener informados a los ciudadanos y servir como ente de vigilancia para el gobierno y los l\u00edderes empresariales. Por lo tanto, la libertad de prensa y la seguridad del periodista son tambi\u00e9n parte integral de la sociedad civil. <\/span><\/p>\n<\/p>\n<p><span class=\"text1noticias\">Los se\u00f1ores Luis Botello, director principal de Proyectos Especiales del Centro Internacional para Periodistas, con sede en Washington, D.C.;  y Javier Sierra, consultor de Libertad de Expresi\u00f3n del  Comit\u00e9 Mundial de Libertad de Prensa,  participar\u00e1n en esta charla virtual, en vivo y en espa\u00f1ol, sobre la libertad de prensa en Am\u00e9rica Latina.   <\/span><\/p>\n<\/p>\n<p><span class=\"text1noticias\">La sede diplomatica solicita enviar las  preguntas con antelaci\u00f3n (a partir del 27 de abril) entrando al URL http:\/\/goo.gl\/hj3WD y escribirlas en la cajita del chat. Por favor incluya su nombre y a la organizaci\u00f3n a que pertenece.<\/span><\/p>\n<\/p>\n<p><span class=\"text1noticias\">El d\u00eda de la charla, el lunes 30 de abril, podr\u00e1 conversar e interactuar con otros interesados en el tema del periodismo de investigaci\u00f3n y la seguridad de la prensa en la regi\u00f3n. <\/span><\/p>\n<\/p>\n<p><span class=\"text1noticias\">Formato: Esta charla virtual con v\u00eddeo, ser\u00e1 en espa\u00f1ol, con la capacidad de interacci\u00f3n a trav\u00e9s del chat. Para  participar, por favor, seleccione en siguiente enlace en la fecha y hora indicada: http:\/\/goo.gl\/hj3WD<\/span><\/p>\n<\/p>\n<p><span class=\"text1noticias\">Javier Sierra: fue periodista en CNN, Prensa Asociada, Noticias de Univisi\u00f3n y United Press International. Como consultor, Sierra ha trabajado durante 11 a\u00f1os como director de proyectos del Comit\u00e9 Mundial de Libertad de Prensa (WPFC, por sus siglas en ingl\u00e9s), una organizaci\u00f3n internacional de derechos humanos que a\u00fana a 45 grupos de libertad de prensa de todo el mundo.<\/span><\/p>\n<\/p>\n<p><span class=\"text1noticias\">Sierra dirige los esfuerzos del Comit\u00e9 dirigidos a erradicar el insulto represivo y las leyes de difamaci\u00f3n penal en muchas regiones del mundo, especialmente en Am\u00e9rica Latina. Como resultado de las campa\u00f1as dirigidas por \u00e9l en Espa\u00f1a y otras partes del mundo, en 2006 y 2009 el WPFC fue designado para el Premio Pr\u00edncipe de Asturias de Cooperaci\u00f3n Internacional, considerado como el Premio Nobel del mundo hispano.<\/span><\/p>\n<\/p>\n<p><span class=\"text1noticias\">Luis Botello: es responsable de desarrollar las estrategias de  trabajo del Centro Internacional para Periodistas (ICFJ, por sus siglas en ingl\u00e9s), con sede en Washington, D.C., en \u00e1reas claves del desarrollo de los medios de comunicaci\u00f3n. En el ICFJ se realizan una variedad de programas de capacitaci\u00f3n y conferencias sobre los medios de comunicaci\u00f3n digitales, la tecnolog\u00eda m\u00f3vil, \u00e9tica, libertad de prensa y los medios de desarrollo a nivel mundial. Botello tambi\u00e9n trabaj\u00f3 en los programas de ICFJ de aprendizaje a distancia y las estrategias de desarrollo de nuevos medios de comunicaci\u00f3n.(HG)<\/span>.<\/p>\n<h6> 2012-04-26 21:32:38 <\/h6>\n<p><!--\n<link rel=\"stylesheet\" href=\"css\/bootstrap.min.css\">\n\n\n<ul class=\"pagination\">\n\t    \n\t\n\n<li >\n\t<a href='?page_no=17500'>Previous<\/a>\n\t<\/li>\n\n\n       \n    \n\n<li><a href='?page_no=1'>1<\/a><\/li>\n\n\n\n<li><a href='?page_no=2'>2<\/a><\/li>\n\n\n\n<li><a>...<\/a><\/li>\n\n\n\n<li><a href='?page_no=17499'>17499<\/a><\/li>\n\n\n\n<li><a href='?page_no=17500'>17500<\/a><\/li>\n\n\n\n<li class='active'><a>17501<\/a><\/li>\n\n\n\n<li><a href='?page_no=17502'>17502<\/a><\/li>\n\n\n\n<li><a href='?page_no=17503'>17503<\/a><\/li>\n\n\n\n<li><a>...<\/a><\/li>\n\n\n\n<li><a href='?page_no=22911'>22911<\/a><\/li>\n\n\n\n<li><a href='?page_no=22912'>22912<\/a><\/li>\n\n    \n\t\n\n<li >\n\t<a href='?page_no=17502'>Next<\/a>\n\t<\/li>\n\n\n    \n\n<li><a href='?page_no=22912'>Last &rsaquo;&rsaquo;<\/a><\/li>\n\n<\/ul>\n\n\n--><br \/>\n<\/body><\/p>\n","protected":false},"excerpt":{"rendered":"<p>Rep.Dom. 26 de Abril 05:31 P.M.-En conmemoraci\u00f3n al D\u00eda Mundial de la Libertad de Prensa, la Embajada de los Estados Unidos realizar\u00e1 una charla virtual titulada \u00abEl periodismo de investigaci\u00f3n y la libertad de prensa\u00bb que tendr\u00e1 lugar el pr\u00f3ximo lunes 30 de abril de 2012, a la una de la tarde. Con frecuencia se [&hellip;]<\/p>\n","protected":false},"author":3,"featured_media":0,"comment_status":"open","ping_status":"open","sticky":false,"template":"","format":"standard","meta":{"footnotes":""},"categories":[21],"tags":[],"class_list":["post-65823","post","type-post","status-publish","format-standard","hentry","category-cultura"],"_links":{"self":[{"href":"https:\/\/diariodominicano.com\/index.php?rest_route=\/wp\/v2\/posts\/65823","targetHints":{"allow":["GET"]}}],"collection":[{"href":"https:\/\/diariodominicano.com\/index.php?rest_route=\/wp\/v2\/posts"}],"about":[{"href":"https:\/\/diariodominicano.com\/index.php?rest_route=\/wp\/v2\/types\/post"}],"author":[{"embeddable":true,"href":"https:\/\/diariodominicano.com\/index.php?rest_route=\/wp\/v2\/users\/3"}],"replies":[{"embeddable":true,"href":"https:\/\/diariodominicano.com\/index.php?rest_route=%2Fwp%2Fv2%2Fcomments&post=65823"}],"version-history":[{"count":0,"href":"https:\/\/diariodominicano.com\/index.php?rest_route=\/wp\/v2\/posts\/65823\/revisions"}],"wp:attachment":[{"href":"https:\/\/diariodominicano.com\/index.php?rest_route=%2Fwp%2Fv2%2Fmedia&parent=65823"}],"wp:term":[{"taxonomy":"category","embeddable":true,"href":"https:\/\/diariodominicano.com\/index.php?rest_route=%2Fwp%2Fv2%2Fcategories&post=65823"},{"taxonomy":"post_tag","embeddable":true,"href":"https:\/\/diariodominicano.com\/index.php?rest_route=%2Fwp%2Fv2%2Ftags&post=65823"}],"curies":[{"name":"wp","href":"https:\/\/api.w.org\/{rel}","templated":true}]}}