{"id":65822,"date":"2012-04-26T22:46:32","date_gmt":"2012-04-26T22:46:32","guid":{"rendered":"http:\/\/diariodominicano.ddns.net\/?p=65822"},"modified":"2012-04-26T22:46:32","modified_gmt":"2012-04-26T22:46:32","slug":"santillana-presente-en-la-xv-feria-internacional-del-libro-2012","status":"publish","type":"post","link":"https:\/\/diariodominicano.com\/?p=65822","title":{"rendered":"Santillana presente en la XV Feria Internacional del Libro 2012"},"content":{"rendered":"<p><body><\/p>\n<p><img decoding=\"async\" src=\"img3\/santillana.JPG\" \/>  <\/p>\n<p><span class=\"text1noticias\">Rep.Dom. 26 de Abril 06:50 P.M.-Como cada a\u00f1o, el Grupo Santillana (Prisa Ediciones Rep\u00fablica Dominicana) vuelve a participar en la Feria Internacional del Libro, con una extensa variedad de libros en oferta y la presencia de sus autores, nacionales e internacionales, quienes participar\u00e1n en un atractivo programa de actividades.<\/span><\/p>\n<\/p>\n<p><span class=\"text1noticias\">La casa editorial tiene disponible para todos los visitantes un amplio y elegante stand, que invita a zambullirse entre las letras con una incre\u00edble colecci\u00f3n de m\u00e1s de 500 t\u00edtulos ?y a la espera de otras novedades?, pertenecientes a los sellos Alfaguara, Taurus, Alfaguara Infantil, Alfaguara Juvenil, Aguilar, Suma y Punto de Lectura.<\/span><\/p>\n<\/p>\n<p><span class=\"text1noticias\">\u00abUna vez m\u00e1s venimos a la FIL confiados en la respuesta de los lectores dominicanos a las variadas ofertas que estamos brindando\u00bb, comenta Ruth Herrera, directora de Prisa Ediciones en Rep\u00fablica Dominicana. \u00abHay libros para todos los gustos y al alcance de todos los bolsillos, desde 100 pesos en adelante. Las novedades van con un 20% de descuento, pero nuestra oferta llega hasta 65% de descuento\u00bb, agreg\u00f3. <\/span><\/p>\n<\/p>\n<p><span class=\"text1noticias\">En el stand Prisa Ediciones Rep\u00fablica Dominicana encontrar\u00e1n lo nuevo de Robert T. Kiyosaki, Marcela Serrano, Deepak Chopra y la novela p\u00f3stuma y \u00abperdida\u00bb en su juventud del Nobel Jos\u00e9 Saramago. Tambi\u00e9n, el libro de recetas Socorro Castellanos, titulado \u00abEl sabor de nuestra tierra\u00bb.<\/span><\/p>\n<\/p>\n<p><span class=\"text1noticias\">Algunos de sus autores ?como Rey And\u00fajar, Emelda Ramos y Giovanny Cruz? han sido y ser\u00e1n destacados con reconocimientos especiales al dedicarse calles del recinto con su nombre. Mientras, otros compartir\u00e1n con el p\u00fablico en conferencias, encuentros y coloquios. Tal es el caso de Dulce Elvira de los Santos, Reynaldo Disla, Cesar S\u00e1nchez Beras, Geraldine de Santis, Pavel Corniel y Margarita Luciano, quienes leer\u00e1n sus obras a los m\u00e1s peque\u00f1os en el Pabell\u00f3n Infantil.<\/span><\/p>\n<\/p>\n<p><span class=\"text1noticias\">Del plano internacional, vienen a dar conferencias magistrales el nicarag\u00fcense Sergio Ram\u00edrez, premio Alfaguara, la costarricense Ana Cristina Rossi y la paname\u00f1a Rosa Mar\u00eda Britton, quien repite su visita.(HG)<\/span>.   <\/p>\n<\/p>\n<h6> 2012-04-26 22:46:32 <\/h6>\n<p><!--\n<link rel=\"stylesheet\" href=\"css\/bootstrap.min.css\">\n\n\n<ul class=\"pagination\">\n\t    \n\t\n\n<li >\n\t<a href='?page_no=17499'>Previous<\/a>\n\t<\/li>\n\n\n       \n    \n\n<li><a href='?page_no=1'>1<\/a><\/li>\n\n\n\n<li><a href='?page_no=2'>2<\/a><\/li>\n\n\n\n<li><a>...<\/a><\/li>\n\n\n\n<li><a href='?page_no=17498'>17498<\/a><\/li>\n\n\n\n<li><a href='?page_no=17499'>17499<\/a><\/li>\n\n\n\n<li class='active'><a>17500<\/a><\/li>\n\n\n\n<li><a href='?page_no=17501'>17501<\/a><\/li>\n\n\n\n<li><a href='?page_no=17502'>17502<\/a><\/li>\n\n\n\n<li><a>...<\/a><\/li>\n\n\n\n<li><a href='?page_no=22911'>22911<\/a><\/li>\n\n\n\n<li><a href='?page_no=22912'>22912<\/a><\/li>\n\n    \n\t\n\n<li >\n\t<a href='?page_no=17501'>Next<\/a>\n\t<\/li>\n\n\n    \n\n<li><a href='?page_no=22912'>Last &rsaquo;&rsaquo;<\/a><\/li>\n\n<\/ul>\n\n\n--><br \/>\n<\/body><\/p>\n","protected":false},"excerpt":{"rendered":"<p>Rep.Dom. 26 de Abril 06:50 P.M.-Como cada a\u00f1o, el Grupo Santillana (Prisa Ediciones Rep\u00fablica Dominicana) vuelve a participar en la Feria Internacional del Libro, con una extensa variedad de libros en oferta y la presencia de sus autores, nacionales e internacionales, quienes participar\u00e1n en un atractivo programa de actividades. La casa editorial tiene disponible para [&hellip;]<\/p>\n","protected":false},"author":3,"featured_media":0,"comment_status":"open","ping_status":"open","sticky":false,"template":"","format":"standard","meta":{"footnotes":""},"categories":[21],"tags":[],"class_list":["post-65822","post","type-post","status-publish","format-standard","hentry","category-cultura"],"_links":{"self":[{"href":"https:\/\/diariodominicano.com\/index.php?rest_route=\/wp\/v2\/posts\/65822","targetHints":{"allow":["GET"]}}],"collection":[{"href":"https:\/\/diariodominicano.com\/index.php?rest_route=\/wp\/v2\/posts"}],"about":[{"href":"https:\/\/diariodominicano.com\/index.php?rest_route=\/wp\/v2\/types\/post"}],"author":[{"embeddable":true,"href":"https:\/\/diariodominicano.com\/index.php?rest_route=\/wp\/v2\/users\/3"}],"replies":[{"embeddable":true,"href":"https:\/\/diariodominicano.com\/index.php?rest_route=%2Fwp%2Fv2%2Fcomments&post=65822"}],"version-history":[{"count":0,"href":"https:\/\/diariodominicano.com\/index.php?rest_route=\/wp\/v2\/posts\/65822\/revisions"}],"wp:attachment":[{"href":"https:\/\/diariodominicano.com\/index.php?rest_route=%2Fwp%2Fv2%2Fmedia&parent=65822"}],"wp:term":[{"taxonomy":"category","embeddable":true,"href":"https:\/\/diariodominicano.com\/index.php?rest_route=%2Fwp%2Fv2%2Fcategories&post=65822"},{"taxonomy":"post_tag","embeddable":true,"href":"https:\/\/diariodominicano.com\/index.php?rest_route=%2Fwp%2Fv2%2Ftags&post=65822"}],"curies":[{"name":"wp","href":"https:\/\/api.w.org\/{rel}","templated":true}]}}