{"id":65821,"date":"2012-04-26T23:51:03","date_gmt":"2012-04-26T23:51:03","guid":{"rendered":"http:\/\/diariodominicano.ddns.net\/?p=65821"},"modified":"2012-04-26T23:51:03","modified_gmt":"2012-04-26T23:51:03","slug":"rector-uasd-recibe-delegacion-universidad-de-rhode-island","status":"publish","type":"post","link":"https:\/\/diariodominicano.com\/?p=65821","title":{"rendered":"Rector UASD recibe delegaci\u00f3n Universidad de Rhode Island&#13;&#13;"},"content":{"rendered":"<p><body><\/p>\n<p><img decoding=\"async\" src=\"http:\/\/localhost:8080\/img3\/uasd.JPG\" \/>  <\/p>\n<p><span class=\"text1noticias\">Rep.Dom. 26 de Abril 07:55 P.M.-El rector de la Universidad Aut\u00f3noma de Santo Domingo, maestro Mateo Aquino Febrillet, recibi\u00f3 una de legaci\u00f3n de la Universidad de Rhode Island de la ciudad de Nueva York, con la finalidad de coordinar la firma de un convenio entre ambas instituciones.<\/span><\/p>\n<\/p>\n<p><span class=\"text1noticias\">El encuentro tuvo lugar en el antedespacho y durante el mismo Aquino Febrillet destac\u00f3 la importancia de que ambas instancias mantengan intercambios en diferentes \u00e1reas del saber para beneficio de profesores y estudiantes.<\/span><\/p>\n<\/p>\n<p><span class=\"text1noticias\">La delegaci\u00f3n estuvo encabezada por John H. McCray, Garrett A. Bozylinsky y Nasser H. Zawia, quienes mostraron inter\u00e9s de concertar un acuerdo en futuro inmediato con  la universidad m\u00e1s antig\u00fca del nuevo mundo en las \u00e1reas de la cultura, la salud y las ciencias.<\/span><\/p>\n<\/p>\n<p><span class=\"text1noticias\">En ese sentido, el rector de la UASD deleg\u00f3 a un grupo de funcionarios universitarios para que junto a los visitantes coordinen las disciplinas o puntos  que ser\u00e1n incluidos en el convenio.<\/span><\/p>\n<\/p>\n<p><span class=\"text1noticias\">El grupo lo integran, entre otros, el decano de la facultad de Ciencias de la Salud, maestro Mauro Canario; Silvio Rodr\u00edguez, director de la Escuela de Qu\u00edmica y Francisco Soc\u00edas, director de Cooperaci\u00f3n Nacional e Internacional.<\/span><\/p>\n<\/p>\n<p><span class=\"text1noticias\">En el encuentro estuvieron presente adem\u00e1s, el vicerrector de Investigaci\u00f3n y postgrado, maestro Francisco Vegazo.<\/span><\/p>\n<\/p>\n<p><span class=\"text1noticias\">Al finalizar la reuni\u00f3n el rector Aquino Febrillet y los integrantes de  delegaci\u00f3n de la universidad norteamericana intercambiaron obsequios.(HG)<\/span>.<\/p>\n<\/p>\n<p>PIE DE FOTO<\/p>\n<h6> 2012-04-26 23:51:03 <\/h6>\n<p><!--\n<link rel=\"stylesheet\" href=\"css\/bootstrap.min.css\">\n\n\n<ul class=\"pagination\">\n\t    \n\t\n\n<li >\n\t<a href='?page_no=17498'>Previous<\/a>\n\t<\/li>\n\n\n       \n    \n\n<li><a href='?page_no=1'>1<\/a><\/li>\n\n\n\n<li><a href='?page_no=2'>2<\/a><\/li>\n\n\n\n<li><a>...<\/a><\/li>\n\n\n\n<li><a href='?page_no=17497'>17497<\/a><\/li>\n\n\n\n<li><a href='?page_no=17498'>17498<\/a><\/li>\n\n\n\n<li class='active'><a>17499<\/a><\/li>\n\n\n\n<li><a href='?page_no=17500'>17500<\/a><\/li>\n\n\n\n<li><a href='?page_no=17501'>17501<\/a><\/li>\n\n\n\n<li><a>...<\/a><\/li>\n\n\n\n<li><a href='?page_no=22911'>22911<\/a><\/li>\n\n\n\n<li><a href='?page_no=22912'>22912<\/a><\/li>\n\n    \n\t\n\n<li >\n\t<a href='?page_no=17500'>Next<\/a>\n\t<\/li>\n\n\n    \n\n<li><a href='?page_no=22912'>Last &rsaquo;&rsaquo;<\/a><\/li>\n\n<\/ul>\n\n\n--><br \/>\n<\/body><\/p>\n","protected":false},"excerpt":{"rendered":"<p>Rep.Dom. 26 de Abril 07:55 P.M.-El rector de la Universidad Aut\u00f3noma de Santo Domingo, maestro Mateo Aquino Febrillet, recibi\u00f3 una de legaci\u00f3n de la Universidad de Rhode Island de la ciudad de Nueva York, con la finalidad de coordinar la firma de un convenio entre ambas instituciones. El encuentro tuvo lugar en el antedespacho y [&hellip;]<\/p>\n","protected":false},"author":3,"featured_media":0,"comment_status":"open","ping_status":"open","sticky":false,"template":"","format":"standard","meta":{"footnotes":""},"categories":[21],"tags":[],"class_list":["post-65821","post","type-post","status-publish","format-standard","hentry","category-cultura"],"_links":{"self":[{"href":"https:\/\/diariodominicano.com\/index.php?rest_route=\/wp\/v2\/posts\/65821","targetHints":{"allow":["GET"]}}],"collection":[{"href":"https:\/\/diariodominicano.com\/index.php?rest_route=\/wp\/v2\/posts"}],"about":[{"href":"https:\/\/diariodominicano.com\/index.php?rest_route=\/wp\/v2\/types\/post"}],"author":[{"embeddable":true,"href":"https:\/\/diariodominicano.com\/index.php?rest_route=\/wp\/v2\/users\/3"}],"replies":[{"embeddable":true,"href":"https:\/\/diariodominicano.com\/index.php?rest_route=%2Fwp%2Fv2%2Fcomments&post=65821"}],"version-history":[{"count":0,"href":"https:\/\/diariodominicano.com\/index.php?rest_route=\/wp\/v2\/posts\/65821\/revisions"}],"wp:attachment":[{"href":"https:\/\/diariodominicano.com\/index.php?rest_route=%2Fwp%2Fv2%2Fmedia&parent=65821"}],"wp:term":[{"taxonomy":"category","embeddable":true,"href":"https:\/\/diariodominicano.com\/index.php?rest_route=%2Fwp%2Fv2%2Fcategories&post=65821"},{"taxonomy":"post_tag","embeddable":true,"href":"https:\/\/diariodominicano.com\/index.php?rest_route=%2Fwp%2Fv2%2Ftags&post=65821"}],"curies":[{"name":"wp","href":"https:\/\/api.w.org\/{rel}","templated":true}]}}