{"id":65820,"date":"2012-04-27T13:15:31","date_gmt":"2012-04-27T13:15:31","guid":{"rendered":"http:\/\/diariodominicano.ddns.net\/?p=65820"},"modified":"2012-04-27T13:15:31","modified_gmt":"2012-04-27T13:15:31","slug":"ramon-saba-ensena-las-tecnicas-del-soneto","status":"publish","type":"post","link":"https:\/\/diariodominicano.com\/?p=65820","title":{"rendered":"Ram\u00f3n Saba ense\u00f1a las t\u00e9cnicas del Soneto"},"content":{"rendered":"<p><body><\/p>\n<p><img decoding=\"async\" src=\"img3\/Ramon Saba soneto.JPG\" \/>  <\/p>\n<p>Santo Domingo, 27 abril, 8:58 am.- El poeta Ram\u00f3n Saba disert\u00f3 recientemente en la Feria Internacional del Libro acerca de \u00abC\u00f3mo hacer un soneto perfecto\u00bb.<\/p>\n<p>      Esta actividad cont\u00f3 con la presencia de muchos escritores y otras personas interesadas en aprender el dif\u00edcil arte de crear este g\u00e9nero de poemas.\t<\/p>\n<p>\t Al finalizar el taller, los asistentes quedaron tan complacidos que le pidieron a los organizadores de la feria hacer una segunda parte de este en el que los participantes intentar\u00e1n crear sonetos.\t<\/p>\n<p>\tValent\u00edn Amaro, Coordinador del Pabell\u00f3n de Escritores Dominicanos prometi\u00f3 hacer realidad esa demanda en el menor lapso posible y tom\u00f3 datos de los interesados para avisarles. Adem\u00e1s prometi\u00f3 publicitarlo con tiempo para los que no asistieron lo hicieran en una pr\u00f3xima ocasi\u00f3n.<\/p>\n<\/p>\n<h6> 2012-04-27 13:15:31 <\/h6>\n<p><!--\n<link rel=\"stylesheet\" href=\"css\/bootstrap.min.css\">\n\n\n<ul class=\"pagination\">\n\t    \n\t\n\n<li >\n\t<a href='?page_no=17497'>Previous<\/a>\n\t<\/li>\n\n\n       \n    \n\n<li><a href='?page_no=1'>1<\/a><\/li>\n\n\n\n<li><a href='?page_no=2'>2<\/a><\/li>\n\n\n\n<li><a>...<\/a><\/li>\n\n\n\n<li><a href='?page_no=17496'>17496<\/a><\/li>\n\n\n\n<li><a href='?page_no=17497'>17497<\/a><\/li>\n\n\n\n<li class='active'><a>17498<\/a><\/li>\n\n\n\n<li><a href='?page_no=17499'>17499<\/a><\/li>\n\n\n\n<li><a href='?page_no=17500'>17500<\/a><\/li>\n\n\n\n<li><a>...<\/a><\/li>\n\n\n\n<li><a href='?page_no=22911'>22911<\/a><\/li>\n\n\n\n<li><a href='?page_no=22912'>22912<\/a><\/li>\n\n    \n\t\n\n<li >\n\t<a href='?page_no=17499'>Next<\/a>\n\t<\/li>\n\n\n    \n\n<li><a href='?page_no=22912'>Last &rsaquo;&rsaquo;<\/a><\/li>\n\n<\/ul>\n\n\n--><br \/>\n<\/body><\/p>\n","protected":false},"excerpt":{"rendered":"<p>Santo Domingo, 27 abril, 8:58 am.- El poeta Ram\u00f3n Saba disert\u00f3 recientemente en la Feria Internacional del Libro acerca de \u00abC\u00f3mo hacer un soneto perfecto\u00bb. Esta actividad cont\u00f3 con la presencia de muchos escritores y otras personas interesadas en aprender el dif\u00edcil arte de crear este g\u00e9nero de poemas. Al finalizar el taller, los asistentes [&hellip;]<\/p>\n","protected":false},"author":3,"featured_media":0,"comment_status":"open","ping_status":"open","sticky":false,"template":"","format":"standard","meta":{"footnotes":""},"categories":[21],"tags":[],"class_list":["post-65820","post","type-post","status-publish","format-standard","hentry","category-cultura"],"_links":{"self":[{"href":"https:\/\/diariodominicano.com\/index.php?rest_route=\/wp\/v2\/posts\/65820","targetHints":{"allow":["GET"]}}],"collection":[{"href":"https:\/\/diariodominicano.com\/index.php?rest_route=\/wp\/v2\/posts"}],"about":[{"href":"https:\/\/diariodominicano.com\/index.php?rest_route=\/wp\/v2\/types\/post"}],"author":[{"embeddable":true,"href":"https:\/\/diariodominicano.com\/index.php?rest_route=\/wp\/v2\/users\/3"}],"replies":[{"embeddable":true,"href":"https:\/\/diariodominicano.com\/index.php?rest_route=%2Fwp%2Fv2%2Fcomments&post=65820"}],"version-history":[{"count":0,"href":"https:\/\/diariodominicano.com\/index.php?rest_route=\/wp\/v2\/posts\/65820\/revisions"}],"wp:attachment":[{"href":"https:\/\/diariodominicano.com\/index.php?rest_route=%2Fwp%2Fv2%2Fmedia&parent=65820"}],"wp:term":[{"taxonomy":"category","embeddable":true,"href":"https:\/\/diariodominicano.com\/index.php?rest_route=%2Fwp%2Fv2%2Fcategories&post=65820"},{"taxonomy":"post_tag","embeddable":true,"href":"https:\/\/diariodominicano.com\/index.php?rest_route=%2Fwp%2Fv2%2Ftags&post=65820"}],"curies":[{"name":"wp","href":"https:\/\/api.w.org\/{rel}","templated":true}]}}