{"id":658190,"date":"2026-01-03T00:22:34","date_gmt":"2026-01-03T04:22:34","guid":{"rendered":"https:\/\/diariodominicano.com\/?p=658190"},"modified":"2026-01-03T02:30:43","modified_gmt":"2026-01-03T06:30:43","slug":"restablecen-electricidad-en-zonas-afectadas-por-sismo-en-mexico","status":"publish","type":"post","link":"https:\/\/diariodominicano.com\/?p=658190","title":{"rendered":"Restablecen electricidad en zonas afectadas por sismo en M\u00e9xico"},"content":{"rendered":"\n<p>Ciudad de M\u00e9xico, 2 ene (Prensa Latina) La Comisi\u00f3n Federal de Electricidad inform\u00f3 hoy sobre el total restablecimiento del servicio en las zonas afectadas, tras el sismo de magnitud 6,5 en la escala de Richter con epicentro en el suroeste de M\u00e9xico.<\/p>\n\n\n\n<p><a href=\"https:\/\/www.prensa-latina.cu\/2026\/01\/02\/\"><time>enero 2, 2026 | 20:41<\/time><\/a> <\/p>\n\n\n\n<p>A trav\u00e9s de un mensaje en su cuenta de la red social X, la instituci\u00f3n afirm\u00f3 que contin\u00faa atenta a los reportes ciudadanos.<\/p>\n\n\n\n<p>El fuerte movimiento tel\u00farico ocurri\u00f3 a las 07:58 hora local de este viernes, en las cercan\u00edas de San Marcos, estado de Guerrero, a una profundidad de cinco kil\u00f3metros, y gener\u00f3 desde entonces m\u00e1s de 850 r\u00e9plicas, seg\u00fan el Servicio Sismol\u00f3gico Nacional.<\/p>\n\n\n\n<p>La gobernadora de Guerrero, Evelyn Salgado, dijo a medios de comunicaci\u00f3n que una mujer falleci\u00f3 en la localidad de Las Minas tras el colapso de su vivienda y asegur\u00f3 que su administraci\u00f3n brindar\u00e1 acompa\u00f1amiento integral a los familiares.<\/p>\n\n\n\n<p>Mencion\u00f3, adem\u00e1s, la existencia de otras personas con lesiones menores, quienes ya reciben atenci\u00f3n m\u00e9dica.<\/p>\n\n\n\n<p>Previamente, el Gobierno de la Ciudad de M\u00e9xico refiri\u00f3 el fallecimiento de otro ciudadano en la alcald\u00eda Benito Ju\u00e1rez debido a un posible paro cardiorrespiratorio y posterior ca\u00edda mientras se evacuaba el inmueble, as\u00ed como la existencia de 12 lesionados.<\/p>\n\n\n\n<p>Como parte del Protocolo del Plan de Emergencia S\u00edsmica de la Ciudad de M\u00e9xico, la administraci\u00f3n local activ\u00f3 la alerta para este tipo de fen\u00f3menos, difundida a trav\u00e9s de altavoces instalados en toda la urbe, con una efectividad del 98 por ciento.<\/p>\n\n\n\n<p>Tras activarse tambi\u00e9n las alarmas en los tel\u00e9fonos celulares, los habitantes de esta capital salieron de los edificios hacia las calles, donde se detuvo el tr\u00e1fico, mientras el habitual encuentro de la presidenta Claudia Sheinbaum con periodistas fue interrumpido moment\u00e1neamente.<\/p>\n\n\n\n<p>En la red social X, la Coordinaci\u00f3n Nacional de Protecci\u00f3n Civil se\u00f1al\u00f3 que el temblor se sinti\u00f3 con fuerza en la Ciudad de M\u00e9xico y en Guerrero, y de forma moderada o ligera en otras entidades federativas como Morelos, Jalisco, Oaxaca, Tabasco y Colima.<\/p>\n\n\n\n<p>oda\/las<\/p>\n\n\n\n<ul class=\"wp-block-list\">\n<li>#<a href=\"https:\/\/www.prensa-latina.cu\/etiqueta\/electricidad\/\">electricidad<\/a>&nbsp;#<a href=\"https:\/\/www.prensa-latina.cu\/etiqueta\/guerrero\/\">guerrero<\/a>&nbsp;#<a href=\"https:\/\/www.prensa-latina.cu\/etiqueta\/mexico\/\">M\u00e9xico<\/a>&nbsp;#<a href=\"https:\/\/www.prensa-latina.cu\/etiqueta\/sismo\/\">sismo<\/a><\/li>\n<\/ul>\n","protected":false},"excerpt":{"rendered":"<p>Ciudad de M\u00e9xico, 2 ene (Prensa Latina) La Comisi\u00f3n Federal de Electricidad inform\u00f3 hoy sobre el total restablecimiento del servicio en las zonas afectadas, tras el sismo de magnitud 6,5 en la escala de Richter con epicentro en el suroeste de M\u00e9xico. enero 2, 2026 | 20:41 A trav\u00e9s de un mensaje en su cuenta [&hellip;]<\/p>\n","protected":false},"author":2,"featured_media":658191,"comment_status":"closed","ping_status":"closed","sticky":false,"template":"","format":"standard","meta":{"footnotes":""},"categories":[23,27],"tags":[246],"class_list":["post-658190","post","type-post","status-publish","format-standard","has-post-thumbnail","hentry","category-internacional","category-portada","tag-mexico"],"_links":{"self":[{"href":"https:\/\/diariodominicano.com\/index.php?rest_route=\/wp\/v2\/posts\/658190","targetHints":{"allow":["GET"]}}],"collection":[{"href":"https:\/\/diariodominicano.com\/index.php?rest_route=\/wp\/v2\/posts"}],"about":[{"href":"https:\/\/diariodominicano.com\/index.php?rest_route=\/wp\/v2\/types\/post"}],"author":[{"embeddable":true,"href":"https:\/\/diariodominicano.com\/index.php?rest_route=\/wp\/v2\/users\/2"}],"replies":[{"embeddable":true,"href":"https:\/\/diariodominicano.com\/index.php?rest_route=%2Fwp%2Fv2%2Fcomments&post=658190"}],"version-history":[{"count":2,"href":"https:\/\/diariodominicano.com\/index.php?rest_route=\/wp\/v2\/posts\/658190\/revisions"}],"predecessor-version":[{"id":658253,"href":"https:\/\/diariodominicano.com\/index.php?rest_route=\/wp\/v2\/posts\/658190\/revisions\/658253"}],"wp:featuredmedia":[{"embeddable":true,"href":"https:\/\/diariodominicano.com\/index.php?rest_route=\/wp\/v2\/media\/658191"}],"wp:attachment":[{"href":"https:\/\/diariodominicano.com\/index.php?rest_route=%2Fwp%2Fv2%2Fmedia&parent=658190"}],"wp:term":[{"taxonomy":"category","embeddable":true,"href":"https:\/\/diariodominicano.com\/index.php?rest_route=%2Fwp%2Fv2%2Fcategories&post=658190"},{"taxonomy":"post_tag","embeddable":true,"href":"https:\/\/diariodominicano.com\/index.php?rest_route=%2Fwp%2Fv2%2Ftags&post=658190"}],"curies":[{"name":"wp","href":"https:\/\/api.w.org\/{rel}","templated":true}]}}