{"id":658187,"date":"2026-01-03T00:19:52","date_gmt":"2026-01-03T04:19:52","guid":{"rendered":"https:\/\/diariodominicano.com\/?p=658187"},"modified":"2026-01-03T02:29:27","modified_gmt":"2026-01-03T06:29:27","slug":"sheinbaum-gobiernos-progresistas-defienden-bienestar-del-pueblo","status":"publish","type":"post","link":"https:\/\/diariodominicano.com\/?p=658187","title":{"rendered":"Sheinbaum: Gobiernos progresistas defienden bienestar del pueblo"},"content":{"rendered":"\n<p>Ciudad de M\u00e9xico, 2 ene (Prensa Latina) La presidenta de M\u00e9xico, Claudia Sheinbaum, destac\u00f3 hoy que los gobiernos progresistas defienden la democracia y el bienestar del pueblo y consider\u00f3 que el Estado tiene un papel muy importante en resguardar los derechos de la poblaci\u00f3n.<\/p>\n\n\n\n<p><a href=\"https:\/\/www.prensa-latina.cu\/2026\/01\/02\/\"><time>enero 2, 2026 | 12:32<\/time><\/a> <\/p>\n\n\n\n<p>Al responder a una pregunta en torno a las administraciones de izquierda y de derecha en el continente, la mandataria aludi\u00f3 a la apreciaci\u00f3n frente al d\u00f3lar en 2025 de la moneda local en Colombia (14,3 por ciento) y M\u00e9xico (13,8), en contraste con el desplome en Argentina (-40,8).<\/p>\n\n\n\n<p>\u201cHay una diferencia mayor, y es el bienestar\u201d, agreg\u00f3 la jefa del Ejecutivo durante su habitual encuentro con medios de comunicaci\u00f3n, al catalogar como muy cuestionable el concepto de libertad de la derecha, pues se refiere a la libertad del mercado.<\/p>\n\n\n\n<p>\u201cPero la libertad del mercado con salarios que no permiten ni comprar lo m\u00e1s b\u00e1sico, pues \u00bfqu\u00e9 libertad es esa? Eso no es libertad, y nosotros defendemos todas las libertades (\u2026) y estamos convencidos de que el Estado tiene un papel muy importante\u201d en la garant\u00eda de los derechos, dijo.<\/p>\n\n\n\n<p>Seg\u00fan asever\u00f3, la derecha piensa que ni la educaci\u00f3n, ni la salud, ni el salario digno, ni el acceso a la vivienda son derechos, y que el mercado lo resolver\u00e1 todo, pero M\u00e9xico vivi\u00f3 muchos a\u00f1os de neoliberalismo que llevaron a m\u00e1s pobreza y desigualdad y no fortalecieron las garant\u00edas fundamentales.<\/p>\n\n\n\n<p>\u201cTodo lo contrario. Dej\u00f3 a los j\u00f3venes abandonados, a que no tuvieran ni escuela ni trabajo. Nuestra visi\u00f3n es muy distinta. El Estado tiene un papel que cumplir, y es la defensa y la garant\u00eda de los derechos y, adem\u00e1s, la conducci\u00f3n de un papel estrat\u00e9gico que se debe jugar\u201d, afirm\u00f3.<\/p>\n\n\n\n<p>Sheinbaum reiter\u00f3 que su Gobierno no est\u00e1 en contra ni del mercado, ni de la propiedad privada, pero mantiene la visi\u00f3n anteriormente mencionada, la cual \u2013recalc\u00f3- ha dado mejores resultados.<\/p>\n\n\n\n<p>Medios locales destacan que la apreciaci\u00f3n del peso mexicano en 2025 represent\u00f3 su mejor resultado frente a la moneda estadounidense en 30 a\u00f1os, a lo cual se suman otros indicadores, como el hecho de que esta naci\u00f3n latinoamericana result\u00f3 el segundo pa\u00eds con menos desempleo en el mundo.<\/p>\n\n\n\n<p>ro\/las<\/p>\n\n\n\n<ul class=\"wp-block-list\">\n<li>#<a href=\"https:\/\/www.prensa-latina.cu\/etiqueta\/derecha\/\">derecha<\/a>&nbsp;#<a href=\"https:\/\/www.prensa-latina.cu\/etiqueta\/gobiernos\/\">gobiernos<\/a>&nbsp;#<a href=\"https:\/\/www.prensa-latina.cu\/etiqueta\/izquierda\/\">izquierda<\/a>&nbsp;#<a href=\"https:\/\/www.prensa-latina.cu\/etiqueta\/mercado\/\">mercado<\/a>&nbsp;#<a href=\"https:\/\/www.prensa-latina.cu\/etiqueta\/mexico\/\">M\u00e9xico<\/a>&nbsp;#<a href=\"https:\/\/www.prensa-latina.cu\/etiqueta\/progresistas\/\">progresistas<\/a><\/li>\n<\/ul>\n","protected":false},"excerpt":{"rendered":"<p>Ciudad de M\u00e9xico, 2 ene (Prensa Latina) La presidenta de M\u00e9xico, Claudia Sheinbaum, destac\u00f3 hoy que los gobiernos progresistas defienden la democracia y el bienestar del pueblo y consider\u00f3 que el Estado tiene un papel muy importante en resguardar los derechos de la poblaci\u00f3n. enero 2, 2026 | 12:32 Al responder a una pregunta en [&hellip;]<\/p>\n","protected":false},"author":2,"featured_media":658188,"comment_status":"closed","ping_status":"closed","sticky":false,"template":"","format":"standard","meta":{"footnotes":""},"categories":[23,22,27],"tags":[246],"class_list":["post-658187","post","type-post","status-publish","format-standard","has-post-thumbnail","hentry","category-internacional","category-politica","category-portada","tag-mexico"],"_links":{"self":[{"href":"https:\/\/diariodominicano.com\/index.php?rest_route=\/wp\/v2\/posts\/658187","targetHints":{"allow":["GET"]}}],"collection":[{"href":"https:\/\/diariodominicano.com\/index.php?rest_route=\/wp\/v2\/posts"}],"about":[{"href":"https:\/\/diariodominicano.com\/index.php?rest_route=\/wp\/v2\/types\/post"}],"author":[{"embeddable":true,"href":"https:\/\/diariodominicano.com\/index.php?rest_route=\/wp\/v2\/users\/2"}],"replies":[{"embeddable":true,"href":"https:\/\/diariodominicano.com\/index.php?rest_route=%2Fwp%2Fv2%2Fcomments&post=658187"}],"version-history":[{"count":4,"href":"https:\/\/diariodominicano.com\/index.php?rest_route=\/wp\/v2\/posts\/658187\/revisions"}],"predecessor-version":[{"id":658248,"href":"https:\/\/diariodominicano.com\/index.php?rest_route=\/wp\/v2\/posts\/658187\/revisions\/658248"}],"wp:featuredmedia":[{"embeddable":true,"href":"https:\/\/diariodominicano.com\/index.php?rest_route=\/wp\/v2\/media\/658188"}],"wp:attachment":[{"href":"https:\/\/diariodominicano.com\/index.php?rest_route=%2Fwp%2Fv2%2Fmedia&parent=658187"}],"wp:term":[{"taxonomy":"category","embeddable":true,"href":"https:\/\/diariodominicano.com\/index.php?rest_route=%2Fwp%2Fv2%2Fcategories&post=658187"},{"taxonomy":"post_tag","embeddable":true,"href":"https:\/\/diariodominicano.com\/index.php?rest_route=%2Fwp%2Fv2%2Ftags&post=658187"}],"curies":[{"name":"wp","href":"https:\/\/api.w.org\/{rel}","templated":true}]}}