{"id":65818,"date":"2012-04-27T19:19:30","date_gmt":"2012-04-27T19:19:30","guid":{"rendered":"http:\/\/diariodominicano.ddns.net\/?p=65818"},"modified":"2012-04-27T19:19:30","modified_gmt":"2012-04-27T19:19:30","slug":"juan-ramon-jimenez-y-lezama-lima-el-encuentro-de-dos-grandes-en-cuba","status":"publish","type":"post","link":"https:\/\/diariodominicano.com\/?p=65818","title":{"rendered":"&#13;&#13;Juan Ram\u00f3n Jim\u00e9nez y Lezama Lima, el encuentro de dos grandes en Cuba&#13;"},"content":{"rendered":"<p><body><\/p>\n<p><img decoding=\"async\" src=\"img3\/FERIA DEL LIBRO RD 2012 13.JPG\" \/>  <\/p>\n<p><span class=\"text1noticias\">Por: Yaniry Mej\u00eda<\/span><\/p>\n<\/p>\n<p><span class=\"text1noticias\">03:25 PM SANTO DOMINGO, RD, 27 Abr 2012.-\u00abJuan Ram\u00f3n Jim\u00e9nez y el grupo Or\u00edgenes\u00bb fue el t\u00edtulo de la ponencia dictada por la catedr\u00e1tica espa\u00f1ola Carmen Ruiz Barrionuevo, en el auditorio del Museo de Arte Moderno, en el marco del Ciclo de Conferencias Magistrales de la FIL.<\/span><\/p>\n<\/p>\n<p><span class=\"text1noticias\">Ruiz Barrionuevo inici\u00f3 explicando el contexto y las circunstancias de la llegada de Juan Ram\u00f3n Jim\u00e9nez a La Habana y la relaci\u00f3n de mutua admiraci\u00f3n entre \u00e9l y Jos\u00e9 Lezama Lima.<\/span><\/p>\n<\/p>\n<p><span class=\"text1noticias\">La conferencista analiz\u00f3 el v\u00ednculo entre el premio Nobel de Literatura y el grupo de la revista cubana \u00abOr\u00edgenes\u00bb, bas\u00e1ndose en algunos textos y testimonios de Lezama Lima, recogidos en \u00abRecuerdos de Juan Ram\u00f3n Jim\u00e9nez\u00bb, \u00abColoquio con Juan Ram\u00f3n Jim\u00e9nez\u00bb y \u00abLa poes\u00eda cubana en 1936\u00bb, entre otros.<\/span><\/p>\n<\/p>\n<p><span class=\"text1noticias\">La especialista en Literatura Hispanoamericana manifest\u00f3 que, a la llegada de Jim\u00e9nez a la Habana, la poes\u00eda \u00abno hab\u00eda salido a la superficie\u00bb y que \u00e9l fue el gu\u00eda que hizo fraguar el milagro de lo po\u00e9tico culto en la imagen de la isla, \u00abpor lo que enseguida los j\u00f3venes cubanos se ilusionaron y empezaron a trabajar po\u00e9ticamente\u00bb. <\/span><\/p>\n<\/p>\n<p><span class=\"text1noticias\">Subray\u00f3 el gran respeto y la admiraci\u00f3n que sent\u00eda Lezama Lima hacia el poeta espa\u00f1ol. Tambi\u00e9n, present\u00f3 varios art\u00edculos de las colaboraciones que realiz\u00f3 en las revistas de Lezama Lima, entre ellas \u00abVerbum\u00bb, que fue la primera, y luego en \u00abEspuela de Plata\u00bb, \u00abNadie Parec\u00eda\u00bb y \u00abOr\u00edgenes\u00bb. <\/span><\/p>\n<\/p>\n<p><span class=\"text1noticias\">Asimismo, record\u00f3 que Juan Ram\u00f3n Jim\u00e9nez era una persona totalmente c\u00e1ustica con sus valoraciones,  y que no era un poeta bien visto en Espa\u00f1a, ya que ten\u00eda problemas con otros poetas contempor\u00e1neos, por sus ataques e insultos a los escritores de la llamada Generaci\u00f3n del 27.<\/span><\/p>\n<\/p>\n<p><span class=\"text1noticias\">Concluy\u00f3 explicando la importancia singular de Juan Ram\u00f3n Jim\u00e9nez en la desaparici\u00f3n de \u00abOr\u00edgenes\u00bb, que clausura por la publicaci\u00f3n de un texto donde \u00e9l insulta, de una manera muy grave, a Vicente Aleixandre. \u00abLos insultos de Jim\u00e9nez en la revista van a despertar una serie de sucesos y problemas que llevan al rompimiento de Jos\u00e9 Lezama Lima y Jos\u00e9 Rodr\u00edguez Feo, que era el editor de Or\u00edgenes, por lo que esta desaparece\u00bb.<\/span><\/p>\n<\/p>\n<p><span class=\"text1noticias\">Tambi\u00e9n resalt\u00f3 que la revista \u00abOr\u00edgenes\u00bb, para el momento de su desaparici\u00f3n, hab\u00eda cumplido sus objetivos: convertirse en la revista m\u00e1s importante del idioma, con una dimensi\u00f3n realmente continental; y elevar la poes\u00eda cubana. <\/span><\/p>\n<\/p>\n<p><span class=\"text1noticias\">Al finalizar, se refiri\u00f3 a la FIL, se\u00f1alando que \u00abel nivel de esta feria y de todas las actividades que veo aqu\u00ed es muy alto, me parece un acierto la combinaci\u00f3n de los libros, la lectura, la comunicaci\u00f3n y las charlas, adem\u00e1s de la participaci\u00f3n de la gente en las conferencias y con su atenci\u00f3n y preguntas, eso es muy importante\u00bb. <\/span><\/p>\n<\/p>\n<p><span class=\"text1noticias\">La XV edici\u00f3n de la Feria Internacional del Libro ha resaltado la figura de Juan Ram\u00f3n Jim\u00e9nez, acogiendo la exposici\u00f3n colectiva \u00abJuan Ram\u00f3n sobre el papel\u00bb y el panel \u00abLa influencia de Juan Ram\u00f3n Jim\u00e9nez en la literatura dominicana\u00bb, que estuvo a cargo de \u00c1ngela Hern\u00e1ndez, Manuel N\u00fa\u00f1ez y Mateo Morrison, en el Museo de Arte Moderno, entre otras actividades que muestran distintas perspectivas del autor espa\u00f1ol.<\/span><\/p>\n<\/p>\n<p><span class=\"text1noticias\"> <strong><em><u>CG.<\/u><\/em><\/strong><\/span><\/p>\n<\/p>\n<h6> 2012-04-27 19:19:30 <\/h6>\n<p><!--\n<link rel=\"stylesheet\" href=\"css\/bootstrap.min.css\">\n\n\n<ul class=\"pagination\">\n\t    \n\t\n\n<li >\n\t<a href='?page_no=17495'>Previous<\/a>\n\t<\/li>\n\n\n       \n    \n\n<li><a href='?page_no=1'>1<\/a><\/li>\n\n\n\n<li><a href='?page_no=2'>2<\/a><\/li>\n\n\n\n<li><a>...<\/a><\/li>\n\n\n\n<li><a href='?page_no=17494'>17494<\/a><\/li>\n\n\n\n<li><a href='?page_no=17495'>17495<\/a><\/li>\n\n\n\n<li class='active'><a>17496<\/a><\/li>\n\n\n\n<li><a href='?page_no=17497'>17497<\/a><\/li>\n\n\n\n<li><a href='?page_no=17498'>17498<\/a><\/li>\n\n\n\n<li><a>...<\/a><\/li>\n\n\n\n<li><a href='?page_no=22911'>22911<\/a><\/li>\n\n\n\n<li><a href='?page_no=22912'>22912<\/a><\/li>\n\n    \n\t\n\n<li >\n\t<a href='?page_no=17497'>Next<\/a>\n\t<\/li>\n\n\n    \n\n<li><a href='?page_no=22912'>Last &rsaquo;&rsaquo;<\/a><\/li>\n\n<\/ul>\n\n\n--><br \/>\n<\/body><\/p>\n","protected":false},"excerpt":{"rendered":"<p>Por: Yaniry Mej\u00eda 03:25 PM SANTO DOMINGO, RD, 27 Abr 2012.-\u00abJuan Ram\u00f3n Jim\u00e9nez y el grupo Or\u00edgenes\u00bb fue el t\u00edtulo de la ponencia dictada por la catedr\u00e1tica espa\u00f1ola Carmen Ruiz Barrionuevo, en el auditorio del Museo de Arte Moderno, en el marco del Ciclo de Conferencias Magistrales de la FIL. Ruiz Barrionuevo inici\u00f3 explicando el [&hellip;]<\/p>\n","protected":false},"author":3,"featured_media":0,"comment_status":"open","ping_status":"open","sticky":false,"template":"","format":"standard","meta":{"footnotes":""},"categories":[21],"tags":[],"class_list":["post-65818","post","type-post","status-publish","format-standard","hentry","category-cultura"],"_links":{"self":[{"href":"https:\/\/diariodominicano.com\/index.php?rest_route=\/wp\/v2\/posts\/65818","targetHints":{"allow":["GET"]}}],"collection":[{"href":"https:\/\/diariodominicano.com\/index.php?rest_route=\/wp\/v2\/posts"}],"about":[{"href":"https:\/\/diariodominicano.com\/index.php?rest_route=\/wp\/v2\/types\/post"}],"author":[{"embeddable":true,"href":"https:\/\/diariodominicano.com\/index.php?rest_route=\/wp\/v2\/users\/3"}],"replies":[{"embeddable":true,"href":"https:\/\/diariodominicano.com\/index.php?rest_route=%2Fwp%2Fv2%2Fcomments&post=65818"}],"version-history":[{"count":0,"href":"https:\/\/diariodominicano.com\/index.php?rest_route=\/wp\/v2\/posts\/65818\/revisions"}],"wp:attachment":[{"href":"https:\/\/diariodominicano.com\/index.php?rest_route=%2Fwp%2Fv2%2Fmedia&parent=65818"}],"wp:term":[{"taxonomy":"category","embeddable":true,"href":"https:\/\/diariodominicano.com\/index.php?rest_route=%2Fwp%2Fv2%2Fcategories&post=65818"},{"taxonomy":"post_tag","embeddable":true,"href":"https:\/\/diariodominicano.com\/index.php?rest_route=%2Fwp%2Fv2%2Ftags&post=65818"}],"curies":[{"name":"wp","href":"https:\/\/api.w.org\/{rel}","templated":true}]}}