{"id":65816,"date":"2012-04-27T19:40:50","date_gmt":"2012-04-27T19:40:50","guid":{"rendered":"http:\/\/diariodominicano.ddns.net\/?p=65816"},"modified":"2012-04-27T19:40:50","modified_gmt":"2012-04-27T19:40:50","slug":"rando-camasta-anuncia-produccion-discografica-santo-dominogo-de-fiesta","status":"publish","type":"post","link":"https:\/\/diariodominicano.com\/?p=65816","title":{"rendered":"&#13;Rando Camasta anuncia producci\u00f3n discogr\u00e1fica \u00abSanto Dominogo de Fiesta\u00bb&#13;"},"content":{"rendered":"<p><body><\/p>\n<p><img decoding=\"async\" src=\"img3\/Rando Camasta 240.JPG\" \/>  <\/p>\n<p><span class=\"text1noticias\">03:45 PM SANTO DOMINGO, RD, 27 Abr 2012.-Dentro del marco de la celebraci\u00f3n de la XV Feria Internacional del Libro Santo Domingo 2012, el cantautor Rando Camasta hijo, lanzar\u00e1 su m\u00e1s reciente producci\u00f3n discogr\u00e1fica \u00abSanto Domingo de Fiesta\u00bb.<\/span><\/p>\n<\/p>\n<p><span class=\"text1noticias\">Este nuevo \u00e1lbum contiene fusiones de soul, Acid-Jazz, hip-hop, funk, merengue y salsa, entre otros ritmos tropicales. Rando interpretara en vivo junto a su banda este material producido por Joel Berrido AKA \u00abMacrofunk\u00bb. La cita es el domingo 29 de abril a las 9:00 pm en el Teatro Arena, de la Feria del Libro. <\/span><\/p>\n<\/p>\n<p><strong><em><u><span class=\"text1noticias\">Sobre RandoCamasta <\/span><\/u><\/em><\/strong><\/p>\n<\/p>\n<p><span class=\"text1noticias\">En el a\u00f1o 2003 form\u00f3 parte de la primera alineaci\u00f3n de la banda llamada \u00abZoom\u00bb, integrada por Jes\u00fas Valenzuela, Isaak Torres y Alfred Spin.<\/span><\/p>\n<\/p>\n<p><span class=\"text1noticias\">Para el a\u00f1o 2007 fue escogido por MTV entre 2,500 bandas de toda Latinoam\u00e9rica para presentarse en la Fiesta Pre-premios de MTV y Smirnoff.<\/span><\/p>\n<\/p>\n<p><span class=\"text1noticias\">Rando estuvo como invitado en el espect\u00e1culo \u00abEl Rocksario\u00bb, tributo que le brindaron los rockeros dominicanos a Los Hermanos Rosario en el 2010.<\/span><\/p>\n<\/p>\n<p><span class=\"text1noticias\">En Noviembre del 2011 particip\u00f3 en el DR Jazz Festival  en Cabarete, recibiendo muy buenas cr\u00edticas de los especializados del Jazz latino y la prensa dominicana que se dieron cita en este importante evento.<\/span><\/p>\n<\/p>\n<p><strong><em><u><span class=\"text1noticias\">CG.<\/span><\/u><\/em><\/strong><\/p>\n<\/p>\n<h6> 2012-04-27 19:40:50 <\/h6>\n<p><!--\n<link rel=\"stylesheet\" href=\"css\/bootstrap.min.css\">\n\n\n<ul class=\"pagination\">\n\t    \n\t\n\n<li >\n\t<a href='?page_no=17493'>Previous<\/a>\n\t<\/li>\n\n\n       \n    \n\n<li><a href='?page_no=1'>1<\/a><\/li>\n\n\n\n<li><a href='?page_no=2'>2<\/a><\/li>\n\n\n\n<li><a>...<\/a><\/li>\n\n\n\n<li><a href='?page_no=17492'>17492<\/a><\/li>\n\n\n\n<li><a href='?page_no=17493'>17493<\/a><\/li>\n\n\n\n<li class='active'><a>17494<\/a><\/li>\n\n\n\n<li><a href='?page_no=17495'>17495<\/a><\/li>\n\n\n\n<li><a href='?page_no=17496'>17496<\/a><\/li>\n\n\n\n<li><a>...<\/a><\/li>\n\n\n\n<li><a href='?page_no=22911'>22911<\/a><\/li>\n\n\n\n<li><a href='?page_no=22912'>22912<\/a><\/li>\n\n    \n\t\n\n<li >\n\t<a href='?page_no=17495'>Next<\/a>\n\t<\/li>\n\n\n    \n\n<li><a href='?page_no=22912'>Last &rsaquo;&rsaquo;<\/a><\/li>\n\n<\/ul>\n\n\n--><br \/>\n<\/body><\/p>\n","protected":false},"excerpt":{"rendered":"<p>03:45 PM SANTO DOMINGO, RD, 27 Abr 2012.-Dentro del marco de la celebraci\u00f3n de la XV Feria Internacional del Libro Santo Domingo 2012, el cantautor Rando Camasta hijo, lanzar\u00e1 su m\u00e1s reciente producci\u00f3n discogr\u00e1fica \u00abSanto Domingo de Fiesta\u00bb. Este nuevo \u00e1lbum contiene fusiones de soul, Acid-Jazz, hip-hop, funk, merengue y salsa, entre otros ritmos tropicales. [&hellip;]<\/p>\n","protected":false},"author":3,"featured_media":0,"comment_status":"open","ping_status":"open","sticky":false,"template":"","format":"standard","meta":{"footnotes":""},"categories":[21],"tags":[],"class_list":["post-65816","post","type-post","status-publish","format-standard","hentry","category-cultura"],"_links":{"self":[{"href":"https:\/\/diariodominicano.com\/index.php?rest_route=\/wp\/v2\/posts\/65816","targetHints":{"allow":["GET"]}}],"collection":[{"href":"https:\/\/diariodominicano.com\/index.php?rest_route=\/wp\/v2\/posts"}],"about":[{"href":"https:\/\/diariodominicano.com\/index.php?rest_route=\/wp\/v2\/types\/post"}],"author":[{"embeddable":true,"href":"https:\/\/diariodominicano.com\/index.php?rest_route=\/wp\/v2\/users\/3"}],"replies":[{"embeddable":true,"href":"https:\/\/diariodominicano.com\/index.php?rest_route=%2Fwp%2Fv2%2Fcomments&post=65816"}],"version-history":[{"count":0,"href":"https:\/\/diariodominicano.com\/index.php?rest_route=\/wp\/v2\/posts\/65816\/revisions"}],"wp:attachment":[{"href":"https:\/\/diariodominicano.com\/index.php?rest_route=%2Fwp%2Fv2%2Fmedia&parent=65816"}],"wp:term":[{"taxonomy":"category","embeddable":true,"href":"https:\/\/diariodominicano.com\/index.php?rest_route=%2Fwp%2Fv2%2Fcategories&post=65816"},{"taxonomy":"post_tag","embeddable":true,"href":"https:\/\/diariodominicano.com\/index.php?rest_route=%2Fwp%2Fv2%2Ftags&post=65816"}],"curies":[{"name":"wp","href":"https:\/\/api.w.org\/{rel}","templated":true}]}}