{"id":65814,"date":"2012-04-27T20:04:29","date_gmt":"2012-04-27T20:04:29","guid":{"rendered":"http:\/\/diariodominicano.ddns.net\/?p=65814"},"modified":"2012-04-27T20:04:29","modified_gmt":"2012-04-27T20:04:29","slug":"inicio-en-bolivia-festival-de-musica-renacentista-y-barroca-americana","status":"publish","type":"post","link":"https:\/\/diariodominicano.com\/?p=65814","title":{"rendered":"&#13;Inici\u00f3 en Bolivia Festival de M\u00fasica Renacentista y Barroca Americana"},"content":{"rendered":"<p><body><\/p>\n<p><img decoding=\"async\" src=\"img3\/FESTIVAL DE MUSICA RENACENTISTA.jpg\" \/>  <\/p>\n<p><span class=\"text1noticias\">04:10 PM La Paz, 27 Abr 2012.- (PL) La ciudad de Santa Cruz de la Sierra vibra bajo acordes mel\u00f3dicos con el inicio hoy del IX Festival Internacional de M\u00fasica Renacentista y Barroca Americana \u00abMisiones de Chiquitos\u00bb, el evento musical m\u00e1s importante de Bolivia.<\/span><\/p>\n<\/p>\n<p><span class=\"text1noticias\">Con la participaci\u00f3n del ministro de Culturas, Pablo Groux, y autoridades del departamento de Santa Cruz se inaugur\u00f3 este encuentro en la iglesia de San Roque, con la congregaci\u00f3n de artistas de m\u00e1s de 20 pa\u00edses, entre ellos el grupo argentino \u00abLa Barroca del Suqu\u00eda\u00bb, dirigido por el maestro Manfred Kraemer.<\/span><\/p>\n<\/p>\n<p><span class=\"text1noticias\">En este Festival, que se desarrollar\u00e1 hasta el 6 de mayo, actuar\u00e1n 47 agrupaciones en 120 espect\u00e1culos, colocados en tres escenarios simult\u00e1neos de la ciudad de Santa Cruz y 11 poblaciones rurales del propio departamento oriental.<\/span><\/p>\n<\/p>\n<p><span class=\"text1noticias\">Recientemente, el Ministerio de Culturas de Bolivia firm\u00f3 en esta capital un convenio para promocionar y difundir la diversidad cultural del Patrimonio Inmaterial de las Misiones de Chiquitos, con el prop\u00f3sito de recuperar la riqueza que representa la m\u00fasica barroca renacentista americana.<\/span><\/p>\n<\/p>\n<p><span class=\"text1noticias\">\u00abEl objetivo del festival es recuperar una memoria hist\u00f3rica y cultural que se estaba perdiendo en Bolivia. Se trata de un encuentro de inmenso valor para el pa\u00eds\u00bb, se\u00f1al\u00f3 Groux durante la firma del convenio.<\/span><\/p>\n<p><span class=\"text1noticias\"><strong><em><u>CG.<\/u><\/em><\/strong><\/span><\/p>\n<\/p>\n<h6> 2012-04-27 20:04:29 <\/h6>\n<p><!--\n<link rel=\"stylesheet\" href=\"css\/bootstrap.min.css\">\n\n\n<ul class=\"pagination\">\n\t    \n\t\n\n<li >\n\t<a href='?page_no=17491'>Previous<\/a>\n\t<\/li>\n\n\n       \n    \n\n<li><a href='?page_no=1'>1<\/a><\/li>\n\n\n\n<li><a href='?page_no=2'>2<\/a><\/li>\n\n\n\n<li><a>...<\/a><\/li>\n\n\n\n<li><a href='?page_no=17490'>17490<\/a><\/li>\n\n\n\n<li><a href='?page_no=17491'>17491<\/a><\/li>\n\n\n\n<li class='active'><a>17492<\/a><\/li>\n\n\n\n<li><a href='?page_no=17493'>17493<\/a><\/li>\n\n\n\n<li><a href='?page_no=17494'>17494<\/a><\/li>\n\n\n\n<li><a>...<\/a><\/li>\n\n\n\n<li><a href='?page_no=22911'>22911<\/a><\/li>\n\n\n\n<li><a href='?page_no=22912'>22912<\/a><\/li>\n\n    \n\t\n\n<li >\n\t<a href='?page_no=17493'>Next<\/a>\n\t<\/li>\n\n\n    \n\n<li><a href='?page_no=22912'>Last &rsaquo;&rsaquo;<\/a><\/li>\n\n<\/ul>\n\n\n--><br \/>\n<\/body><\/p>\n","protected":false},"excerpt":{"rendered":"<p>04:10 PM La Paz, 27 Abr 2012.- (PL) La ciudad de Santa Cruz de la Sierra vibra bajo acordes mel\u00f3dicos con el inicio hoy del IX Festival Internacional de M\u00fasica Renacentista y Barroca Americana \u00abMisiones de Chiquitos\u00bb, el evento musical m\u00e1s importante de Bolivia. Con la participaci\u00f3n del ministro de Culturas, Pablo Groux, y autoridades [&hellip;]<\/p>\n","protected":false},"author":3,"featured_media":0,"comment_status":"open","ping_status":"open","sticky":false,"template":"","format":"standard","meta":{"footnotes":""},"categories":[21],"tags":[],"class_list":["post-65814","post","type-post","status-publish","format-standard","hentry","category-cultura"],"_links":{"self":[{"href":"https:\/\/diariodominicano.com\/index.php?rest_route=\/wp\/v2\/posts\/65814","targetHints":{"allow":["GET"]}}],"collection":[{"href":"https:\/\/diariodominicano.com\/index.php?rest_route=\/wp\/v2\/posts"}],"about":[{"href":"https:\/\/diariodominicano.com\/index.php?rest_route=\/wp\/v2\/types\/post"}],"author":[{"embeddable":true,"href":"https:\/\/diariodominicano.com\/index.php?rest_route=\/wp\/v2\/users\/3"}],"replies":[{"embeddable":true,"href":"https:\/\/diariodominicano.com\/index.php?rest_route=%2Fwp%2Fv2%2Fcomments&post=65814"}],"version-history":[{"count":0,"href":"https:\/\/diariodominicano.com\/index.php?rest_route=\/wp\/v2\/posts\/65814\/revisions"}],"wp:attachment":[{"href":"https:\/\/diariodominicano.com\/index.php?rest_route=%2Fwp%2Fv2%2Fmedia&parent=65814"}],"wp:term":[{"taxonomy":"category","embeddable":true,"href":"https:\/\/diariodominicano.com\/index.php?rest_route=%2Fwp%2Fv2%2Fcategories&post=65814"},{"taxonomy":"post_tag","embeddable":true,"href":"https:\/\/diariodominicano.com\/index.php?rest_route=%2Fwp%2Fv2%2Ftags&post=65814"}],"curies":[{"name":"wp","href":"https:\/\/api.w.org\/{rel}","templated":true}]}}