{"id":658129,"date":"2026-01-02T14:20:45","date_gmt":"2026-01-02T18:20:45","guid":{"rendered":"https:\/\/diariodominicano.com\/?p=658129"},"modified":"2026-01-03T00:12:23","modified_gmt":"2026-01-03T04:12:23","slug":"tres-meses-de-prision-preventiva-contra-mayor-del-ejercito-imputado-por-muerte-de-joven","status":"publish","type":"post","link":"https:\/\/diariodominicano.com\/?p=658129","title":{"rendered":"Oficina Judicial de Servicios de Atenci\u00f3n Permanente del Distrito Nacional impuso 3 meses de prisi\u00f3n preventiva a un mayor del Ej\u00e9rcito imputado por muerte de joven"},"content":{"rendered":"\n<p><strong>SANTO DOMINGO (Rep\u00fablica Dominicana).-<\/strong>&nbsp;A solicitud del Ministerio P\u00fablico, la Oficina Judicial de Servicios de Atenci\u00f3n Permanente del Distrito Nacional impuso tres meses de prisi\u00f3n preventiva, como medida de coerci\u00f3n, contra el mayor del Ej\u00e9rcito Diego Geraldo Mesa Arismendy, imputado por la muerte de la joven Perla Jokasta Santos Pacheco, ocurrida en el sector Los Guandules la madrugada del pasado d\u00eda 26 de diciembre.<\/p>\n\n\n\n<p>En la audiencia, el Ministerio P\u00fablico, estuvo representado por el director t\u00e9cnico de la Fiscal\u00eda del Distrito Nacional, Kelvyn Col\u00f3n. El \u00f3rgano persecutor le imputa a Mesa Arismendy la violaci\u00f3n a las disposiciones de los art\u00edculos 295 y 304 p\u00e1rrafo II del C\u00f3digo Penal Dominicano.<\/p>\n\n\n\n<p>El hecho ocurri\u00f3 siendo aproximadamente las 2:40 de la madrugada, en la Av. Francisco del Rosario S\u00e1nchez, del sector Los Guandules, Distrito Nacional, cuando el imputado Mesa Arismendy ultim\u00f3 a Santos Pacheco de un disparo con su arma de reglamento.<\/p>\n\n\n\n<p>La v\u00edctima se desplazaba por la referida avenida a bordo de una motocicleta, junto a su prima adolescente y el joven Merlin Rodr\u00edguez Jim\u00e9nez (quien conduc\u00eda), en direcci\u00f3n a la estaci\u00f3n del combustible de la Av. Padre Castellanos del Ensanche Luper\u00f3n, Distrito Nacional. M\u00e1s adelante se desplazaban el joven F\u00e9lix Manuel F\u00e9liz Cornel y un adolescente de 17 a\u00f1os, a bordo de otra motocicleta.<\/p>\n\n\n\n<p>Durante el trayecto, los acompa\u00f1antes de la v\u00edctima escucharon un disparo, el cual fue hecho por el imputado Mesa Arismendy, sin raz\u00f3n aparente y haciendo uso para ello de su arma de reglamento, marca Colt, cal. 45, serie N\u00fam. 230457; el proyectil impact\u00f3 a Santos Pacheco en la cabeza. Luego el imputado sigui\u00f3 caminando, siendo visto por un testigo en la zona.<\/p>\n\n\n\n<p>El Ministerio P\u00fablico, que inici\u00f3 de inmediato las investigaciones, levant\u00f3 varios videos donde se puede observar al imputado, Mesa Arismendy, caminando por la direcci\u00f3n indicada con su arma de reglamento en la mano.<\/p>\n\n\n\n<p>El Ministerio P\u00fablico obtuvo, mediante entrega voluntaria, el arma de reglamento, marca Colt, calibre 45 mm, serie N\u00fam. 230457, con su cargador y cinco (5) c\u00e1psulas.<\/p>\n\n\n\n<p>Dicha arma fue analizada, pudi\u00e9ndose concluir que el casquillo levantado en la escena donde falleci\u00f3 Santos Pacheco corresponde en todas sus caracter\u00edsticas con el obtenido al disparar el arma de fuego del imputado Mesa Arismendy.<\/p>\n\n\n\n<p>Posteriormente, un hijo del imputado entreg\u00f3 de manera voluntaria el veh\u00edculo marca Kia, modelo Sorento, Placa N\u00fam. G359414, propiedad de su padre, en cuyo interior se ocuparon las vestimentas y calzados que vest\u00eda el militar al momento de cometer el hecho.<\/p>\n\n\n\n<p>El d\u00eda 27 de diciembre del a\u00f1o 2025, Mesa Arismendy fue arrestado en virtud de una orden judicial gestionada por el Ministerio P\u00fablico ante la Oficina Judicial de Servicios de Atenci\u00f3n Permanente del Distrito Nacional.<\/p>\n\n\n\n<p>El juez Rigoberto Sena determin\u00f3 que el imputado cumpla la medida cautelar en el Centro de Correcci\u00f3n y Rehabilitaci\u00f3n (CCR) Las Parras.<\/p>\n\n\n\n<p><strong>Direcci\u00f3n General de Comunicaci\u00f3n, Prensa, y RRPP<\/strong><\/p>\n\n\n\n<p>Ministerio P\u00fablico.&nbsp;R.D.<\/p>\n\n\n\n<p>Comunicaciones PGR <a href=\"mailto:comunicaciones@pgr.gob.do\">comunicaciones@pgr.gob.do<\/a><\/p>\n","protected":false},"excerpt":{"rendered":"<p>SANTO DOMINGO (Rep\u00fablica Dominicana).-&nbsp;A solicitud del Ministerio P\u00fablico, la Oficina Judicial de Servicios de Atenci\u00f3n Permanente del Distrito Nacional impuso tres meses de prisi\u00f3n preventiva, como medida de coerci\u00f3n, contra el mayor del Ej\u00e9rcito Diego Geraldo Mesa Arismendy, imputado por la muerte de la joven Perla Jokasta Santos Pacheco, ocurrida en el sector Los Guandules [&hellip;]<\/p>\n","protected":false},"author":7,"featured_media":501160,"comment_status":"closed","ping_status":"closed","sticky":false,"template":"","format":"standard","meta":{"footnotes":""},"categories":[24,29,27],"tags":[171],"class_list":["post-658129","post","type-post","status-publish","format-standard","has-post-thumbnail","hentry","category-justicia-y-derecho","category-policiasucesos","category-portada","tag-ministerio-publico"],"_links":{"self":[{"href":"https:\/\/diariodominicano.com\/index.php?rest_route=\/wp\/v2\/posts\/658129","targetHints":{"allow":["GET"]}}],"collection":[{"href":"https:\/\/diariodominicano.com\/index.php?rest_route=\/wp\/v2\/posts"}],"about":[{"href":"https:\/\/diariodominicano.com\/index.php?rest_route=\/wp\/v2\/types\/post"}],"author":[{"embeddable":true,"href":"https:\/\/diariodominicano.com\/index.php?rest_route=\/wp\/v2\/users\/7"}],"replies":[{"embeddable":true,"href":"https:\/\/diariodominicano.com\/index.php?rest_route=%2Fwp%2Fv2%2Fcomments&post=658129"}],"version-history":[{"count":2,"href":"https:\/\/diariodominicano.com\/index.php?rest_route=\/wp\/v2\/posts\/658129\/revisions"}],"predecessor-version":[{"id":658183,"href":"https:\/\/diariodominicano.com\/index.php?rest_route=\/wp\/v2\/posts\/658129\/revisions\/658183"}],"wp:featuredmedia":[{"embeddable":true,"href":"https:\/\/diariodominicano.com\/index.php?rest_route=\/wp\/v2\/media\/501160"}],"wp:attachment":[{"href":"https:\/\/diariodominicano.com\/index.php?rest_route=%2Fwp%2Fv2%2Fmedia&parent=658129"}],"wp:term":[{"taxonomy":"category","embeddable":true,"href":"https:\/\/diariodominicano.com\/index.php?rest_route=%2Fwp%2Fv2%2Fcategories&post=658129"},{"taxonomy":"post_tag","embeddable":true,"href":"https:\/\/diariodominicano.com\/index.php?rest_route=%2Fwp%2Fv2%2Ftags&post=658129"}],"curies":[{"name":"wp","href":"https:\/\/api.w.org\/{rel}","templated":true}]}}