{"id":65811,"date":"2012-04-27T20:16:14","date_gmt":"2012-04-27T20:16:14","guid":{"rendered":"http:\/\/diariodominicano.ddns.net\/?p=65811"},"modified":"2012-04-27T20:16:14","modified_gmt":"2012-04-27T20:16:14","slug":"aclaman-a-comediantes-cubanos-en-costa-rica","status":"publish","type":"post","link":"https:\/\/diariodominicano.com\/?p=65811","title":{"rendered":"&#13;Aclaman a comediantes cubanos en Costa Rica"},"content":{"rendered":"<p><body><\/p>\n<p><img decoding=\"async\" src=\"img3\/tatica-carlosrtejera.jpg\" \/>  <\/p>\n<p><span class=\"text1noticias\">04:20 PM San Jos\u00e9, 27 Abr 2012.- (PL)- Prestigiosos centros culturales aclaman aqu\u00ed a los comediantes cubanos Carlos Ru\u00edz de la Tejera y Jes\u00fas del Valle, de gira por Costa Rica con el recital de poemas, canciones y humor Cantos de amor y vida.<\/span><\/p>\n<\/p>\n<p><span class=\"text1noticias\">En esta, su cuarta visita al pa\u00eds centroamericano, los populares artistas se presentaron en varios actos con motivo de la Jornada Mundial por la Liberaci\u00f3n de los Cinco H\u00e9roes Cubanos, injustamente encarcelados en Estados Unidos.<\/span><\/p>\n<\/p>\n<p><span class=\"text1noticias\">Por su parte, el embajador de la isla, Antonio Pardo, agradeci\u00f3 a ambos su presencia en el Encuentro Nacional de Solidaridad con Cuba, al tiempo que reconoci\u00f3 su profesionalismo y dedicaci\u00f3n al entusiasta p\u00fablico que los ovacionan.<\/span><\/p>\n<\/p>\n<p><span class=\"text1noticias\">De la Tejera y Del Valle fueron recibidos en la sede de la Universidad Nacional, en Nicoya, donde actuaron para los residentes de la localidad de Mansi\u00f3n, fundada en el siglo XIX por los patriotas cubanos Antonio Maceo y Flor Crombet.<\/span><\/p>\n<\/p>\n<p><span class=\"text1noticias\">Tras su actuaci\u00f3n, la v\u00edspera, en el poblado monta\u00f1oso de Jaulares (en el norte de Alajuela), ma\u00f1ana estar\u00e1n en la ciudad Atl\u00e1ntica de Guapiles, y el domingo venidero en un reconocido espacio de trova y solidaridad: la Puerta de Alcal\u00e1, en la urbe de Heredia.<\/span><\/p>\n<\/p>\n<p><span class=\"text1noticias\">Diversos medios locales rese\u00f1an la c\u00e1lida acogida a los artistas cubanos, quienes regresar\u00e1n a La Habana el pr\u00f3ximo 30 de abril, para participar en la celebraci\u00f3n masiva por el D\u00eda Internacional de los Trabajadores.<\/span><\/p>\n<\/p>\n<p><em><strong><u><span class=\"text1noticias\">CG.<\/span><\/u><\/strong><\/em><\/p>\n<\/p>\n<h6> 2012-04-27 20:16:14 <\/h6>\n<p><!--\n<link rel=\"stylesheet\" href=\"css\/bootstrap.min.css\">\n\n\n<ul class=\"pagination\">\n\t    \n\t\n\n<li >\n\t<a href='?page_no=17488'>Previous<\/a>\n\t<\/li>\n\n\n       \n    \n\n<li><a href='?page_no=1'>1<\/a><\/li>\n\n\n\n<li><a href='?page_no=2'>2<\/a><\/li>\n\n\n\n<li><a>...<\/a><\/li>\n\n\n\n<li><a href='?page_no=17487'>17487<\/a><\/li>\n\n\n\n<li><a href='?page_no=17488'>17488<\/a><\/li>\n\n\n\n<li class='active'><a>17489<\/a><\/li>\n\n\n\n<li><a href='?page_no=17490'>17490<\/a><\/li>\n\n\n\n<li><a href='?page_no=17491'>17491<\/a><\/li>\n\n\n\n<li><a>...<\/a><\/li>\n\n\n\n<li><a href='?page_no=22911'>22911<\/a><\/li>\n\n\n\n<li><a href='?page_no=22912'>22912<\/a><\/li>\n\n    \n\t\n\n<li >\n\t<a href='?page_no=17490'>Next<\/a>\n\t<\/li>\n\n\n    \n\n<li><a href='?page_no=22912'>Last &rsaquo;&rsaquo;<\/a><\/li>\n\n<\/ul>\n\n\n--><br \/>\n<\/body><\/p>\n","protected":false},"excerpt":{"rendered":"<p>04:20 PM San Jos\u00e9, 27 Abr 2012.- (PL)- Prestigiosos centros culturales aclaman aqu\u00ed a los comediantes cubanos Carlos Ru\u00edz de la Tejera y Jes\u00fas del Valle, de gira por Costa Rica con el recital de poemas, canciones y humor Cantos de amor y vida. En esta, su cuarta visita al pa\u00eds centroamericano, los populares artistas [&hellip;]<\/p>\n","protected":false},"author":3,"featured_media":0,"comment_status":"open","ping_status":"open","sticky":false,"template":"","format":"standard","meta":{"footnotes":""},"categories":[21],"tags":[],"class_list":["post-65811","post","type-post","status-publish","format-standard","hentry","category-cultura"],"_links":{"self":[{"href":"https:\/\/diariodominicano.com\/index.php?rest_route=\/wp\/v2\/posts\/65811","targetHints":{"allow":["GET"]}}],"collection":[{"href":"https:\/\/diariodominicano.com\/index.php?rest_route=\/wp\/v2\/posts"}],"about":[{"href":"https:\/\/diariodominicano.com\/index.php?rest_route=\/wp\/v2\/types\/post"}],"author":[{"embeddable":true,"href":"https:\/\/diariodominicano.com\/index.php?rest_route=\/wp\/v2\/users\/3"}],"replies":[{"embeddable":true,"href":"https:\/\/diariodominicano.com\/index.php?rest_route=%2Fwp%2Fv2%2Fcomments&post=65811"}],"version-history":[{"count":0,"href":"https:\/\/diariodominicano.com\/index.php?rest_route=\/wp\/v2\/posts\/65811\/revisions"}],"wp:attachment":[{"href":"https:\/\/diariodominicano.com\/index.php?rest_route=%2Fwp%2Fv2%2Fmedia&parent=65811"}],"wp:term":[{"taxonomy":"category","embeddable":true,"href":"https:\/\/diariodominicano.com\/index.php?rest_route=%2Fwp%2Fv2%2Fcategories&post=65811"},{"taxonomy":"post_tag","embeddable":true,"href":"https:\/\/diariodominicano.com\/index.php?rest_route=%2Fwp%2Fv2%2Ftags&post=65811"}],"curies":[{"name":"wp","href":"https:\/\/api.w.org\/{rel}","templated":true}]}}