{"id":65809,"date":"2012-04-28T18:32:37","date_gmt":"2012-04-28T18:32:37","guid":{"rendered":"http:\/\/diariodominicano.ddns.net\/?p=65809"},"modified":"2012-04-28T18:32:37","modified_gmt":"2012-04-28T18:32:37","slug":"uasd-gradua-351-nuevos-profesionales-en-areas-de-maestrias-y-especialidades","status":"publish","type":"post","link":"https:\/\/diariodominicano.com\/?p=65809","title":{"rendered":"UASD grad\u00faa 351 nuevos profesionales en \u00e1reas de maestr\u00edas y especialidades"},"content":{"rendered":"<p><body><\/p>\n<p><img decoding=\"async\" src=\"http:\/\/localhost:8080\/img3\/uasd.JPG\" \/>  <\/p>\n<p><span class=\"text1noticias\">Rep.Dom. 28 de Abril 02:35 P.M.-La Universidad Aut\u00f3noma de Santo Domingo (UASD) invisti\u00f3 351 nuevos maestrantes y especialistas, de cuya cantidad el 50 por ciento son mujeres, con lo que la instituci\u00f3n ha entregado a la sociedad en lo que va de a\u00f1o un total de 3,653 nuevos profesionales en las \u00e1reas de cuarto nivel.<\/span><\/p>\n<p><span class=\"text1noticias\"> <\/span><\/p>\n<p><span class=\"text1noticias\">El rector Mateo Aquino Febrillet, quien encabez\u00f3 el acto de investidura que se realiz\u00f3 en el Aula Magna de esta academia, se refiri\u00f3 a que se trata de la graduaci\u00f3n de postgrado n\u00famero 6 en menos de 4 meses e indic\u00f3 que la UASD ocupa el primer lugar en el ranking de las mejores universidades del pa\u00eds.<\/span><\/p>\n<p><span class=\"text1noticias\"> <\/span><\/p>\n<p><span class=\"text1noticias\">Mientras, el vicerrector de Investigaci\u00f3n y Postgrado, maestro Francisco Vegazo, record\u00f3 la conmemoraci\u00f3n de la gesta de la Revoluci\u00f3n de Abril del 1965, \u00abepopeya que contribuy\u00f3 de manera definitoria a la creaci\u00f3n de la academia con las caracter\u00edsticas de abierta, popular y democr\u00e1tica\u00bb.<\/span><\/p>\n<p><span class=\"text1noticias\"> <\/span><\/p>\n<p><span class=\"text1noticias\">Al mismo tiempo, el funcionario universitario critic\u00f3 el exiguo presupuesto que hist\u00f3ricamente se le asigna cada a\u00f1o a esta academia, en violaci\u00f3n a las leyes 5778 y 139-01 que norman esa materia.<\/span><\/p>\n<p><span class=\"text1noticias\"> <\/span><\/p>\n<p><span class=\"text1noticias\">\u00abEs por eso que pedimos a ustedes graduandos y graduandas de esta investidura y al pueblo dominicano, due\u00f1o \u00fanico de este patrimonio que es la Universidad Aut\u00f3noma de Santo Domingo, a mantenerse vigilantes y dar siempre su apoyo a las justas demandas de nuestra quinticentenaria casa de altos estudios, para continuar brindando educaci\u00f3n de calidad a todos los sectores de nuestra sociedad\u00bb, enfatiz\u00f3.<\/span><\/p>\n<p><span class=\"text1noticias\"> <\/span><\/p>\n<p><span class=\"text1noticias\">El estudiante que obtuvo el mayor \u00edndice acad\u00e9mico fue Julio Antonio Manzueta, de la maestr\u00eda de Matem\u00e1tica Pura, con 95 puntos, quien al hablar a nombre de los graduandos, se refiri\u00f3 a los sacrificios que tienen que hacerse para realizar una profesi\u00f3n, al tiempo de asegurar que vale la pena, porque se puede tener mayores oportunidades.<\/span><\/p>\n<p><span class=\"text1noticias\"> <\/span><\/p>\n<p><span class=\"text1noticias\">La mesa de honor estuvo compuesta adem\u00e1s por el ex rector Roberto Reyna; el vicerrector Docente, doctor Jorge Asjana David; la vicerrectora Administrativa, doctora Emma Polanco; el vicerrector de Extensi\u00f3n, Maestro Francisco Terrero Galarza, y el Secretario General, doctor Santo Inocencio Mercedes.<\/span><\/p>\n<p><span class=\"text1noticias\"> <\/span><\/p>\n<p><span class=\"text1noticias\">Tambi\u00e9n, los decanos de las facultades de Humanidades, doctor Rafael Morla; de Ciencias, maestra Miledys Alberto; de Ciencias Econ\u00f3micas y Sociales, maestro Juan Antonio Cerda Luna; de Ciencias Jur\u00eddicas y Pol\u00edticas, maestro Antonio Medina; de Ingenier\u00eda y Arquitectura, ingeniero Jos\u00e9 Joaqu\u00edn Reyes, y de Artes, maestra Mar\u00eda del Pilar; de Ciencias de la Salud, maestro Mauro Canario; los vicedecanos de Ciencias Agron\u00f3micas y Veterinarias, ingeniero agr\u00f3nomo Ra\u00fal M\u00e9ndez y la vicedecana de Ciencias de la Educaci\u00f3n, doctora Clara Joa.<\/span><\/p>\n<p><span class=\"text1noticias\"> <\/span><\/p>\n<p><span class=\"text1noticias\">Dentro de los graduandos estuvo la hija del ex presidente Salvador Jorge Blanco, Dilia Leticia Jorge Mera, quien se gradu\u00f3 en la Maestr\u00eda de Derecho y Relaciones Internacionales.(HG)<\/span>.<\/p>\n<\/p>\n<h6> 2012-04-28 18:32:37 <\/h6>\n<p><!--\n<link rel=\"stylesheet\" href=\"css\/bootstrap.min.css\">\n\n\n<ul class=\"pagination\">\n\t    \n\t\n\n<li >\n\t<a href='?page_no=17486'>Previous<\/a>\n\t<\/li>\n\n\n       \n    \n\n<li><a href='?page_no=1'>1<\/a><\/li>\n\n\n\n<li><a href='?page_no=2'>2<\/a><\/li>\n\n\n\n<li><a>...<\/a><\/li>\n\n\n\n<li><a href='?page_no=17485'>17485<\/a><\/li>\n\n\n\n<li><a href='?page_no=17486'>17486<\/a><\/li>\n\n\n\n<li class='active'><a>17487<\/a><\/li>\n\n\n\n<li><a href='?page_no=17488'>17488<\/a><\/li>\n\n\n\n<li><a href='?page_no=17489'>17489<\/a><\/li>\n\n\n\n<li><a>...<\/a><\/li>\n\n\n\n<li><a href='?page_no=22911'>22911<\/a><\/li>\n\n\n\n<li><a href='?page_no=22912'>22912<\/a><\/li>\n\n    \n\t\n\n<li >\n\t<a href='?page_no=17488'>Next<\/a>\n\t<\/li>\n\n\n    \n\n<li><a href='?page_no=22912'>Last &rsaquo;&rsaquo;<\/a><\/li>\n\n<\/ul>\n\n\n--><br \/>\n<\/body><\/p>\n","protected":false},"excerpt":{"rendered":"<p>Rep.Dom. 28 de Abril 02:35 P.M.-La Universidad Aut\u00f3noma de Santo Domingo (UASD) invisti\u00f3 351 nuevos maestrantes y especialistas, de cuya cantidad el 50 por ciento son mujeres, con lo que la instituci\u00f3n ha entregado a la sociedad en lo que va de a\u00f1o un total de 3,653 nuevos profesionales en las \u00e1reas de cuarto nivel. [&hellip;]<\/p>\n","protected":false},"author":3,"featured_media":0,"comment_status":"open","ping_status":"open","sticky":false,"template":"","format":"standard","meta":{"footnotes":""},"categories":[21],"tags":[],"class_list":["post-65809","post","type-post","status-publish","format-standard","hentry","category-cultura"],"_links":{"self":[{"href":"https:\/\/diariodominicano.com\/index.php?rest_route=\/wp\/v2\/posts\/65809","targetHints":{"allow":["GET"]}}],"collection":[{"href":"https:\/\/diariodominicano.com\/index.php?rest_route=\/wp\/v2\/posts"}],"about":[{"href":"https:\/\/diariodominicano.com\/index.php?rest_route=\/wp\/v2\/types\/post"}],"author":[{"embeddable":true,"href":"https:\/\/diariodominicano.com\/index.php?rest_route=\/wp\/v2\/users\/3"}],"replies":[{"embeddable":true,"href":"https:\/\/diariodominicano.com\/index.php?rest_route=%2Fwp%2Fv2%2Fcomments&post=65809"}],"version-history":[{"count":0,"href":"https:\/\/diariodominicano.com\/index.php?rest_route=\/wp\/v2\/posts\/65809\/revisions"}],"wp:attachment":[{"href":"https:\/\/diariodominicano.com\/index.php?rest_route=%2Fwp%2Fv2%2Fmedia&parent=65809"}],"wp:term":[{"taxonomy":"category","embeddable":true,"href":"https:\/\/diariodominicano.com\/index.php?rest_route=%2Fwp%2Fv2%2Fcategories&post=65809"},{"taxonomy":"post_tag","embeddable":true,"href":"https:\/\/diariodominicano.com\/index.php?rest_route=%2Fwp%2Fv2%2Ftags&post=65809"}],"curies":[{"name":"wp","href":"https:\/\/api.w.org\/{rel}","templated":true}]}}