{"id":65808,"date":"2012-04-28T19:02:55","date_gmt":"2012-04-28T19:02:55","guid":{"rendered":"http:\/\/diariodominicano.ddns.net\/?p=65808"},"modified":"2012-04-28T19:02:55","modified_gmt":"2012-04-28T19:02:55","slug":"ponen-en-circulacion-tres-novelas-cortas-de-armando-almanzar-rodriguez-premio-nacional-de-literatura-2012","status":"publish","type":"post","link":"https:\/\/diariodominicano.com\/?p=65808","title":{"rendered":"Ponen en circulaci\u00f3n  Tres novelas cortas de Armando Alm\u00e1nzar Rodr\u00edguez, premio Nacional de Literatura 2012"},"content":{"rendered":"<p><body><\/p>\n<p><img decoding=\"async\" src=\"img3\/novela.JPG\" \/>  <\/p>\n<p><span class=\"text1noticias\">Rep.Dom. 28 de Abril 03:00 P.M.-En el Museo de Arte Moderno, en el contexto  de la XV  FIL Santo Domingo 2012, fue puesto  en circulaci\u00f3n el libro \u00abTres Novelas Cortas\u00bb, del  cr\u00edtico de cine y escritor Armando Alm\u00e1nzar Rodr\u00edguez, galardonado Premio Nacional de Literatura \u00e9ste a\u00f1o, m\u00e1ximo galard\u00f3n de las letras nacionales.<\/span><\/p>\n<\/p>\n<p><span class=\"text1noticias\">El autor de la obra, editada por el Ministerio de Cultura estuvo acompa\u00f1ado del licenciado Alberto Perdomo Cisneros, quien tuvo a su cargo las palabras de presentaci\u00f3n de la obra.<\/span><\/p>\n<\/p>\n<p><span class=\"text1noticias\">Al pronunciar su discurso, Perdomo Cisneros,  hizo un recuento de los inicios de Alm\u00e1nzar en las lides literarias en el grupo \u00abEl Pu\u00f1o\u00bb, en el que participaron los laureados escritores Marcio Veloz Maggiolo, Rub\u00e9n Echavarr\u00eda, Ren\u00e9 del Risco Berm\u00fadez, Norberto Santana y Enriquillo S\u00e1nchez, a quien se dedica \u00e9sta feria.<\/span><\/p>\n<\/p>\n<p><span class=\"text1noticias\">Dijo que las tres  historias \u00abtienen punch, oficio, cuentan algo concreto con personajes densos, extra\u00eddos de una realidad existencial que no deja dudas, otros son on\u00edricos, historias so\u00f1adas, donde el protagonista se desvanece y pierde el sentido de lo concreto figur\u00e1ndose una realidad que no est\u00e1 ocurriendo sino en su propia cabeza\u00bb.<\/span><\/p>\n<\/p>\n<p><span class=\"text1noticias\">Asimismo, refiri\u00f3  la capacidad de la obra de Alm\u00e1nzar de seducir al lector que, como en toda historia bien contada, lo lleva tomado de la mano al orbe de su creaci\u00f3n, haciendo que la sienta como una experiencia propia.<\/span><\/p>\n<\/p>\n<p><span class=\"text1noticias\">Destaca que en la obra el autor muestra su capacidad estil\u00edstica hilvanando historias que cautivan al lector desde el primer p\u00e1rrafo, cuando no por la contundencia de lo contado, por la destreza con que despliega la trama y acaso un final inesperado, que nos deja pensativos, con el libro en el regazo, recreando al margen de lo le\u00eddo, otros finales posibles.<\/span><\/p>\n<\/p>\n<p><span class=\"text1noticias\">El  volumen contiene las novelas  \u00abFrancisca Flores, Oto\u00f1o y El Para\u00edso\u00bb, cuyos personajes se desenvuelven en un entorno citadino, lleno de peripecias, suspenso amor y odio en la Ciudad de Santo Domingo.<\/span><\/p>\n<\/p>\n<p><span class=\"text1noticias\">El acto concluy\u00f3 con las palabras del autor, quien ofreci\u00f3 sus m\u00e1s expresivas gracias al Ministerio de Cultura por la publicaci\u00f3n de la obra e hizo extensivos sus parabienes a Perdomo Cisneros por sus palabras.(HG)<\/span>.<\/p>\n<h6> 2012-04-28 19:02:55 <\/h6>\n<p><!--\n<link rel=\"stylesheet\" href=\"css\/bootstrap.min.css\">\n\n\n<ul class=\"pagination\">\n\t    \n\t\n\n<li >\n\t<a href='?page_no=17485'>Previous<\/a>\n\t<\/li>\n\n\n       \n    \n\n<li><a href='?page_no=1'>1<\/a><\/li>\n\n\n\n<li><a href='?page_no=2'>2<\/a><\/li>\n\n\n\n<li><a>...<\/a><\/li>\n\n\n\n<li><a href='?page_no=17484'>17484<\/a><\/li>\n\n\n\n<li><a href='?page_no=17485'>17485<\/a><\/li>\n\n\n\n<li class='active'><a>17486<\/a><\/li>\n\n\n\n<li><a href='?page_no=17487'>17487<\/a><\/li>\n\n\n\n<li><a href='?page_no=17488'>17488<\/a><\/li>\n\n\n\n<li><a>...<\/a><\/li>\n\n\n\n<li><a href='?page_no=22911'>22911<\/a><\/li>\n\n\n\n<li><a href='?page_no=22912'>22912<\/a><\/li>\n\n    \n\t\n\n<li >\n\t<a href='?page_no=17487'>Next<\/a>\n\t<\/li>\n\n\n    \n\n<li><a href='?page_no=22912'>Last &rsaquo;&rsaquo;<\/a><\/li>\n\n<\/ul>\n\n\n--><br \/>\n<\/body><\/p>\n","protected":false},"excerpt":{"rendered":"<p>Rep.Dom. 28 de Abril 03:00 P.M.-En el Museo de Arte Moderno, en el contexto de la XV FIL Santo Domingo 2012, fue puesto en circulaci\u00f3n el libro \u00abTres Novelas Cortas\u00bb, del cr\u00edtico de cine y escritor Armando Alm\u00e1nzar Rodr\u00edguez, galardonado Premio Nacional de Literatura \u00e9ste a\u00f1o, m\u00e1ximo galard\u00f3n de las letras nacionales. El autor de [&hellip;]<\/p>\n","protected":false},"author":3,"featured_media":0,"comment_status":"open","ping_status":"open","sticky":false,"template":"","format":"standard","meta":{"footnotes":""},"categories":[21],"tags":[],"class_list":["post-65808","post","type-post","status-publish","format-standard","hentry","category-cultura"],"_links":{"self":[{"href":"https:\/\/diariodominicano.com\/index.php?rest_route=\/wp\/v2\/posts\/65808","targetHints":{"allow":["GET"]}}],"collection":[{"href":"https:\/\/diariodominicano.com\/index.php?rest_route=\/wp\/v2\/posts"}],"about":[{"href":"https:\/\/diariodominicano.com\/index.php?rest_route=\/wp\/v2\/types\/post"}],"author":[{"embeddable":true,"href":"https:\/\/diariodominicano.com\/index.php?rest_route=\/wp\/v2\/users\/3"}],"replies":[{"embeddable":true,"href":"https:\/\/diariodominicano.com\/index.php?rest_route=%2Fwp%2Fv2%2Fcomments&post=65808"}],"version-history":[{"count":0,"href":"https:\/\/diariodominicano.com\/index.php?rest_route=\/wp\/v2\/posts\/65808\/revisions"}],"wp:attachment":[{"href":"https:\/\/diariodominicano.com\/index.php?rest_route=%2Fwp%2Fv2%2Fmedia&parent=65808"}],"wp:term":[{"taxonomy":"category","embeddable":true,"href":"https:\/\/diariodominicano.com\/index.php?rest_route=%2Fwp%2Fv2%2Fcategories&post=65808"},{"taxonomy":"post_tag","embeddable":true,"href":"https:\/\/diariodominicano.com\/index.php?rest_route=%2Fwp%2Fv2%2Ftags&post=65808"}],"curies":[{"name":"wp","href":"https:\/\/api.w.org\/{rel}","templated":true}]}}