{"id":65807,"date":"2012-04-28T19:31:38","date_gmt":"2012-04-28T19:31:38","guid":{"rendered":"http:\/\/diariodominicano.ddns.net\/?p=65807"},"modified":"2012-04-28T19:31:38","modified_gmt":"2012-04-28T19:31:38","slug":"carmj-apoya-lanzamiento-del-instituto-dominicano-de-derecho-procesal-constitucional","status":"publish","type":"post","link":"https:\/\/diariodominicano.com\/?p=65807","title":{"rendered":"CARMJ apoya lanzamiento del Instituto Dominicano de Derecho Procesal Constitucional&#13;"},"content":{"rendered":"<p><body><\/p>\n<p><img decoding=\"async\" src=\"img3\/juristas.JPG\" \/>  <\/p>\n<p><span class=\"text1noticias\">Rep.Dom. 28 de Abril 03:35 P.M.-  Con el objetivo de promover la investigaci\u00f3n y formaci\u00f3n en las ramas del derecho constitucional y procesal constitucional  as\u00ed como, estimular el an\u00e1lisis doctrinario y jurisprudencial del derecho Constitucional y Procesal Constitucional, desde las perspectivas filos\u00f3fica, econ\u00f3mica, sociol\u00f3gica y pol\u00edtica; fue creado el Instituto Dominicano de Derecho Procesal Constitucional (IDPC). <\/span><\/p>\n<\/p>\n<p><span class=\"text1noticias\">La directiva del IDPC la integran Herm\u00f3genes Acosta de los Santos, juez del Tribunal Constitucional, presidente; Alejandro Moscoso Segarra, juez de la Suprema Corte de Justicia, 1er vicepresidente; Bernab\u00e9 Moricette, juez de Corte de Apelaci\u00f3n de Ni\u00f1os, Ni\u00f1as y Adolescentes de La Vega, 2do. Vicepresidente; la jurista docente Yildalina Tatem, secretaria general, y el abogado Boris de Le\u00f3n, tesorero.<\/span><\/p>\n<\/p>\n<p><span class=\"text1noticias\">Asimismo, la jurista Rosal\u00eda Sosa, secretaria de Actas; el abogado docente Luis Miguel Pereyra, encargado de Investigaci\u00f3n y Formaci\u00f3n; Justo Pedro Castellanos, juez del Tribunal Constitucional, encargado de Relaciones Internacionales, Institucionales y Estrat\u00e9gicas; Manuel Ram\u00edrez Suza\u00f1a, juez Presidente de la Corte de Apelaci\u00f3n del departamento Judicial de San Juan de la Maguana, encargado de Comunicaciones; C\u00e9sar Pina Toribio, Ministro de la presidencia, y Francisco Jerez Mena, juez de la Suprema Corte de Justicia, vocales-asesores.<\/span><\/p>\n<\/p>\n<p><span class=\"text1noticias\">El acto de lanzamiento, adem\u00e1s, del Instituto Dominicano de Derecho Procesal Constitucional y la Universidad APEC cont\u00f3 con  la colaboraci\u00f3n del Comisionado de Apoyo a la Reforma y Modernizaci\u00f3n de la Justicia (CARMJ),  quienes ofrecieron la conferencia magistral \u00abOrigen, desarrollo y futuro del Derecho Procesal Constitucional, a cargo del doctor Gerardo Eto Cruz, magistrado del Tribunal Constitucional Peruano y director del Centro de Estudios Constitucionales.<\/span><\/p>\n<\/p>\n<p><span class=\"text1noticias\">El Profesor Eto Cruz es abogado por la Universidad Nacional de Trujillo y doctor por la Universidad de Santiago de Compostela (Galicia, Espa\u00f1a), con la tesis \u00abEl Proceso Constitucional de Amparo en el Per\u00fa\u00bb, calificada con la distinci\u00f3n cum laude. Cuenta igualmente con una Diplomatura en Defensa Nacional por el Ministerio de Guerra en Espa\u00f1a. Y ha efectuado estudios de posgrado en el Centro de Estudios Pol\u00edticos y Constitucionales de Madrid.<\/span><\/p>\n<p><span class=\"text1noticias\">Ha sido profesor desde 1983 en la Universidad Nacional de Trujillo e imparte hasta la actualidad las c\u00e1tedras de Derecho Constitucional General y Teor\u00eda del Estado, Derecho Constitucional Peruano, Teor\u00eda General de los Derechos Humanos, Derecho Procesal Constitucional, Derecho Penal Militar, Historia de las Ideas Pol\u00edticas, Ciencia Pol\u00edtica y T\u00f3picos Jur\u00eddicos Constitucionales.<\/span><\/p>\n<\/p>\n<p><span class=\"text1noticias\">Adem\u00e1s, es Profesor Investigador visitante en la Universidad Cat\u00f3lica de Lisboa, en el Centro de Estudios Constitucionales de Madrid, en la Universidad Aut\u00f3noma de Barcelona, en la Universidad de Bologna, en la Universidad Aut\u00f3noma de M\u00e9xico; as\u00ed como de la propia Universidad de Santiago de Compostela.<\/span><\/p>\n<\/p>\n<p><span class=\"text1noticias\">A la fecha tiene publicadas 15 obras; adem\u00e1s de libros colectivos o cap\u00edtulos espec\u00edficos,  m\u00e1s de medio centenar de ensayos y art\u00edculos publicados no s\u00f3lo en el Per\u00fa, sino en diversos pa\u00edses como Argentina, M\u00e9xico, Espa\u00f1a, Italia, entre otros.<\/span><\/p>\n<p><span class=\"text1noticias\">El acto de lanzamiento tuvo lugar en el auditorio de la Universidad APEC, campus principal, en la M\u00e1ximo G\u00f3mez.(HG)<\/span>.<\/p>\n<\/p>\n<h6> 2012-04-28 19:31:38 <\/h6>\n<p><!--\n<link rel=\"stylesheet\" href=\"css\/bootstrap.min.css\">\n\n\n<ul class=\"pagination\">\n\t    \n\t\n\n<li >\n\t<a href='?page_no=17484'>Previous<\/a>\n\t<\/li>\n\n\n       \n    \n\n<li><a href='?page_no=1'>1<\/a><\/li>\n\n\n\n<li><a href='?page_no=2'>2<\/a><\/li>\n\n\n\n<li><a>...<\/a><\/li>\n\n\n\n<li><a href='?page_no=17483'>17483<\/a><\/li>\n\n\n\n<li><a href='?page_no=17484'>17484<\/a><\/li>\n\n\n\n<li class='active'><a>17485<\/a><\/li>\n\n\n\n<li><a href='?page_no=17486'>17486<\/a><\/li>\n\n\n\n<li><a href='?page_no=17487'>17487<\/a><\/li>\n\n\n\n<li><a>...<\/a><\/li>\n\n\n\n<li><a href='?page_no=22911'>22911<\/a><\/li>\n\n\n\n<li><a href='?page_no=22912'>22912<\/a><\/li>\n\n    \n\t\n\n<li >\n\t<a href='?page_no=17486'>Next<\/a>\n\t<\/li>\n\n\n    \n\n<li><a href='?page_no=22912'>Last &rsaquo;&rsaquo;<\/a><\/li>\n\n<\/ul>\n\n\n--><br \/>\n<\/body><\/p>\n","protected":false},"excerpt":{"rendered":"<p>Rep.Dom. 28 de Abril 03:35 P.M.- Con el objetivo de promover la investigaci\u00f3n y formaci\u00f3n en las ramas del derecho constitucional y procesal constitucional as\u00ed como, estimular el an\u00e1lisis doctrinario y jurisprudencial del derecho Constitucional y Procesal Constitucional, desde las perspectivas filos\u00f3fica, econ\u00f3mica, sociol\u00f3gica y pol\u00edtica; fue creado el Instituto Dominicano de Derecho Procesal Constitucional [&hellip;]<\/p>\n","protected":false},"author":3,"featured_media":0,"comment_status":"open","ping_status":"open","sticky":false,"template":"","format":"standard","meta":{"footnotes":""},"categories":[21],"tags":[],"class_list":["post-65807","post","type-post","status-publish","format-standard","hentry","category-cultura"],"_links":{"self":[{"href":"https:\/\/diariodominicano.com\/index.php?rest_route=\/wp\/v2\/posts\/65807","targetHints":{"allow":["GET"]}}],"collection":[{"href":"https:\/\/diariodominicano.com\/index.php?rest_route=\/wp\/v2\/posts"}],"about":[{"href":"https:\/\/diariodominicano.com\/index.php?rest_route=\/wp\/v2\/types\/post"}],"author":[{"embeddable":true,"href":"https:\/\/diariodominicano.com\/index.php?rest_route=\/wp\/v2\/users\/3"}],"replies":[{"embeddable":true,"href":"https:\/\/diariodominicano.com\/index.php?rest_route=%2Fwp%2Fv2%2Fcomments&post=65807"}],"version-history":[{"count":0,"href":"https:\/\/diariodominicano.com\/index.php?rest_route=\/wp\/v2\/posts\/65807\/revisions"}],"wp:attachment":[{"href":"https:\/\/diariodominicano.com\/index.php?rest_route=%2Fwp%2Fv2%2Fmedia&parent=65807"}],"wp:term":[{"taxonomy":"category","embeddable":true,"href":"https:\/\/diariodominicano.com\/index.php?rest_route=%2Fwp%2Fv2%2Fcategories&post=65807"},{"taxonomy":"post_tag","embeddable":true,"href":"https:\/\/diariodominicano.com\/index.php?rest_route=%2Fwp%2Fv2%2Ftags&post=65807"}],"curies":[{"name":"wp","href":"https:\/\/api.w.org\/{rel}","templated":true}]}}