{"id":65806,"date":"2012-04-28T19:44:24","date_gmt":"2012-04-28T19:44:24","guid":{"rendered":"http:\/\/diariodominicano.ddns.net\/?p=65806"},"modified":"2012-04-28T19:44:24","modified_gmt":"2012-04-28T19:44:24","slug":"villas-del-mar-internacional-school-obtiene-premio-en-destrezas-academicas-en-ingles","status":"publish","type":"post","link":"https:\/\/diariodominicano.com\/?p=65806","title":{"rendered":"Villas del Mar Internacional School obtiene premio en destrezas acad\u00e9micas en ingl\u00e9s"},"content":{"rendered":"<p><body><\/p>\n<p><img decoding=\"async\" src=\"img3\/villa.JPG\" \/>  <\/p>\n<p><span class=\"text1noticias\">Rep.Dom. 28 de Abril 03:47 P.M.-El colegio Villas Del Mar International School de Juan Dolio, fue seleccionado con el primer lugar y segundo lugar como el Colegio que tuvo m\u00e1s estudiantes finalistas y ganadores, durante la celebraci\u00f3n del \u00abNational Academic English Skills Tournament\u00bb, llevado a cabo por la editora \u00abRichmond\u00bb de Estados Unidos y la Editorial Santillana, junto a la instituci\u00f3n \u00abVoices for a Better World\u00bb.<\/span><\/p>\n<\/p>\n<p><span class=\"text1noticias\">Instituciones educativas de todo el pa\u00eds fueron evaluadas en cuatro destrezas del lenguaje y \u00e1reas de contenidos de Arte, Historia y Cultura del Mundo, Literatura y Canto.<\/span><\/p>\n<\/p>\n<p><span class=\"text1noticias\">Un jurado examin\u00f3 durante tres semanas en historia, arte, gram\u00e1tica, literatura, spelling (deletreo) a los colegios participantes, a la final llegaron m\u00e1s de 30 estudiantes de los centros.<\/span><\/p>\n<\/p>\n<p><span class=\"text1noticias\">La estudiante Jumarlin Echavarr\u00eda obtuvo el primer lugar en gram\u00e1tica en ingl\u00e9s, Gavriella Hardoon logr\u00f3 el primer lugar en \u00abSpelling\u00bb (deletreo), en ese mismo orden, Nallely Santos alcanz\u00f3 el primer lugar en  historia y literatura tambi\u00e9n en ingl\u00e9s. <\/span><\/p>\n<\/p>\n<p><span class=\"text1noticias\">Otros estudiantes que participaron y que tuvieron un excelente desempe\u00f1o en las finales fueron: Siri-Jacob Ram\u00edrez, Charlotte Balaban, Caroline Garant, Orel Zipper, Patricia Gonz\u00e1lez, Diana Liberata, Kristina Jones, Franklin Mills, Lara Madrid, Melanie Molina y Dulce Idalia Mota.<\/span><\/p>\n<\/p>\n<p><span class=\"text1noticias\">La estudiante Diana Liberata fue seleccionada para abrir el evento con una canci\u00f3n, que con su dulce voz deleit\u00f3 a todos los asistentes.  La coordinaci\u00f3n de los participantes del VMIS por parte del colegio estuvo a cargo del profesor \u00c1ngel Ventura, y las coordinadoras de \u00e1reas Rosmery D\u00edaz y Cristina Santillana.<\/span><\/p>\n<\/p>\n<p><span class=\"text1noticias\">La Directora general del centro educativo, Mar\u00eda Elena O?Rourke, dijo que estos lauros obtenidos son una muestra de la preparaci\u00f3n que reciben los estudiantes del VMIS de los cuales muchos de los egresados est\u00e1n becados en universidades nacionales y extranjeras por el alto \u00edndice acad\u00e9mico con el cual terminaron su formaci\u00f3n acad\u00e9mica.<\/span><\/p>\n<p><span class=\"text1noticias\">\u00b4\u00b4Para nosotros es una satisfacci\u00f3n ver como nuestros estudiantes est\u00e1n listos para competir y sobresalir tanto a nivel nacional como internacional, siendo excelentes profesionales al t\u00e9rmino de toda su trayectoria educativa\u00bb.<\/span><\/p>\n<\/p>\n<p><span class=\"text1noticias\">Sobre VMIS<\/span><\/p>\n<\/p>\n<p><span class=\"text1noticias\">Desde el 1995, Villas del Mar International School ha estado entregada a una excelencia acad\u00e9mica, actualizando constantemente el curr\u00edculo, y siempre manteniendo sus est\u00e1ndares internacionales para un mundo en proceso de cambios, todo esto a trav\u00e9s del curr\u00edculo de los Estados Unidos de Am\u00e9rica del Pensacola Christian College, junto a las Sociales dominicana, Espa\u00f1ol y otras clases Electivas. <\/span><\/p>\n<\/p>\n<p><span class=\"text1noticias\">Ofrece los grados desde el Pre-Escolar de dos a\u00f1os hasta el \u00faltimo a\u00f1o del bachillerato. El centro educativo se encuentra ubicado en la calle del Sol No.1 en Villas del Mar ? Juan Dolio, San Pedro de Macor\u00eds.<\/span><\/p>\n<\/p>\n<p><span class=\"text1noticias\">Para este a\u00f1o escolar el VMIS seguir\u00e1 con el compromiso que tiene desde sus inicios, de preparar a ni\u00f1os y j\u00f3venes sensibles a las necesidades de nuestra humanidad, que exhiban sus valores y compitan acad\u00e9micamente en cualquier \u00e1mbito mundial.(HG).<\/span><\/p>\n<\/p>\n<\/p>\n<h6> 2012-04-28 19:44:24 <\/h6>\n<p><!--\n<link rel=\"stylesheet\" href=\"css\/bootstrap.min.css\">\n\n\n<ul class=\"pagination\">\n\t    \n\t\n\n<li >\n\t<a href='?page_no=17483'>Previous<\/a>\n\t<\/li>\n\n\n       \n    \n\n<li><a href='?page_no=1'>1<\/a><\/li>\n\n\n\n<li><a href='?page_no=2'>2<\/a><\/li>\n\n\n\n<li><a>...<\/a><\/li>\n\n\n\n<li><a href='?page_no=17482'>17482<\/a><\/li>\n\n\n\n<li><a href='?page_no=17483'>17483<\/a><\/li>\n\n\n\n<li class='active'><a>17484<\/a><\/li>\n\n\n\n<li><a href='?page_no=17485'>17485<\/a><\/li>\n\n\n\n<li><a href='?page_no=17486'>17486<\/a><\/li>\n\n\n\n<li><a>...<\/a><\/li>\n\n\n\n<li><a href='?page_no=22911'>22911<\/a><\/li>\n\n\n\n<li><a href='?page_no=22912'>22912<\/a><\/li>\n\n    \n\t\n\n<li >\n\t<a href='?page_no=17485'>Next<\/a>\n\t<\/li>\n\n\n    \n\n<li><a href='?page_no=22912'>Last &rsaquo;&rsaquo;<\/a><\/li>\n\n<\/ul>\n\n\n--><br \/>\n<\/body><\/p>\n","protected":false},"excerpt":{"rendered":"<p>Rep.Dom. 28 de Abril 03:47 P.M.-El colegio Villas Del Mar International School de Juan Dolio, fue seleccionado con el primer lugar y segundo lugar como el Colegio que tuvo m\u00e1s estudiantes finalistas y ganadores, durante la celebraci\u00f3n del \u00abNational Academic English Skills Tournament\u00bb, llevado a cabo por la editora \u00abRichmond\u00bb de Estados Unidos y la [&hellip;]<\/p>\n","protected":false},"author":3,"featured_media":0,"comment_status":"open","ping_status":"open","sticky":false,"template":"","format":"standard","meta":{"footnotes":""},"categories":[21],"tags":[],"class_list":["post-65806","post","type-post","status-publish","format-standard","hentry","category-cultura"],"_links":{"self":[{"href":"https:\/\/diariodominicano.com\/index.php?rest_route=\/wp\/v2\/posts\/65806","targetHints":{"allow":["GET"]}}],"collection":[{"href":"https:\/\/diariodominicano.com\/index.php?rest_route=\/wp\/v2\/posts"}],"about":[{"href":"https:\/\/diariodominicano.com\/index.php?rest_route=\/wp\/v2\/types\/post"}],"author":[{"embeddable":true,"href":"https:\/\/diariodominicano.com\/index.php?rest_route=\/wp\/v2\/users\/3"}],"replies":[{"embeddable":true,"href":"https:\/\/diariodominicano.com\/index.php?rest_route=%2Fwp%2Fv2%2Fcomments&post=65806"}],"version-history":[{"count":0,"href":"https:\/\/diariodominicano.com\/index.php?rest_route=\/wp\/v2\/posts\/65806\/revisions"}],"wp:attachment":[{"href":"https:\/\/diariodominicano.com\/index.php?rest_route=%2Fwp%2Fv2%2Fmedia&parent=65806"}],"wp:term":[{"taxonomy":"category","embeddable":true,"href":"https:\/\/diariodominicano.com\/index.php?rest_route=%2Fwp%2Fv2%2Fcategories&post=65806"},{"taxonomy":"post_tag","embeddable":true,"href":"https:\/\/diariodominicano.com\/index.php?rest_route=%2Fwp%2Fv2%2Ftags&post=65806"}],"curies":[{"name":"wp","href":"https:\/\/api.w.org\/{rel}","templated":true}]}}