{"id":65805,"date":"2012-04-28T19:52:53","date_gmt":"2012-04-28T19:52:53","guid":{"rendered":"http:\/\/diariodominicano.ddns.net\/?p=65805"},"modified":"2012-04-28T19:52:53","modified_gmt":"2012-04-28T19:52:53","slug":"felabel-realiza-ofrenda-heroes-de-abril","status":"publish","type":"post","link":"https:\/\/diariodominicano.com\/?p=65805","title":{"rendered":"Felabel realiza ofrenda h\u00e9roes de abril"},"content":{"rendered":"<p><body><\/p>\n<p><img decoding=\"async\" src=\"http:\/\/localhost:8080\/img3\/Felabel.JPG\" \/>  <\/p>\n<p><span class=\"text1noticias\">Rep.Dom. 28 de Abril 03:57 P.M.-El Frente Estudiantil de Liberaci\u00f3n Am\u00edn Abel (FELABEL) realiz\u00f3 una ofrenda floral en la \u00abPlaza Patri\u00f3tica H\u00e9roes de Abril\u00bb en la sede central de la UASD en Santo Domingo, al conmemorarse el 47 aniversario de la segunda intervenci\u00f3n norteamericana a Rep\u00fablica Dominicana.<\/span><\/p>\n<\/p>\n<p><span class=\"text1noticias\">La ofrenda estuvo encabezada por Erick Peralta, Karina Corpor\u00e1n, Francisco Morb\u00e1n, Omar Bid\u00f3 y Ricardo Anglada, pertenecientes a la Direcci\u00f3n Universitaria del Felabel ? Sede y fue definida por dichos dirigentes como una actividad antiimperialista dirigida a mantener la memoria hist\u00f3rica del pueblo y de manera particular de los estudiantes.<\/span><\/p>\n<\/p>\n<p><span class=\"text1noticias\">\u00abLos estudiantes estamos llamados a defender la Patria hoy como lo hicieron los heroicos combatientes en la Guerra de Abril de 1965, convertida en Guerra Patria luego de la intervenci\u00f3n militar norteamericana ocurrida el 28 de abril de ese a\u00f1o, cuatro d\u00edas despu\u00e9s cuando las fuerzas democr\u00e1ticas y populares se impon\u00edan a las fuerzas conservadoras\u00bb, expres\u00f3 uno de los dirigentes.<\/span><\/p>\n<\/p>\n<p><span class=\"text1noticias\">Decenas de miembros del Felabel salieron del local central de la organizaci\u00f3n estudiantil en la Facultad de Ciencias de la Salud y caminaron por el Campus Universitario hasta llegar a la \u00abPlaza Patri\u00f3tica H\u00e9roes de Abril\u00bb.<\/span><\/p>\n<\/p>\n<p><span class=\"text1noticias\">Una vez en dicha plaza, realizaron un breve acto frente a los bustos de los h\u00e9roes nacionales Francisco Alberto Caama\u00f1o De\u00f1\u00f3, presidente de la Rep\u00fablica en Armas; del teniente coronel Rafael Tom\u00e1s Fern\u00e1ndez Dom\u00ednguez y del coronel Juan Mar\u00eda Lora Fern\u00e1ndez, estos \u00faltimos ca\u00eddos en combate durante los enfrentamientos producidos por la revuelta c\u00edvico militar por el retorno a la Constituci\u00f3n de 1963.<\/span><\/p>\n<\/p>\n<p><span class=\"text1noticias\">En la actividad hicieron uso de las palabras Ricardo Anglada y Dassio Marte quienes resaltaron el valor hist\u00f3rico y presente la gesta de abril; la firmeza y consecuencia de los combatientes para defender la Patria; y la bravura del pueblo dominicano que se llen\u00f3 de gloria y consecuencia al resistir con bravura al imperialismo Norteamericano, con el ej\u00e9rcito m\u00e1s poderoso del Mundo.<\/span><\/p>\n<\/p>\n<p><span class=\"text1noticias\">\u00abHoy que la Patria no solo es amenazada, sino que su soberan\u00eda es violada; en que un gobierno t\u00edtere como el de Leonel Fern\u00e1ndez y el PLD cede nuestro territorio para que el imperio realice maniobras y establezca bases militares, como en la isla Saona, los dominicanos de conciencia patri\u00f3tica y muy particularmente los estudiantes antiimperialistas, no debemos limitarnos a ofrendar flores a los h\u00e9roes de 28 de abril de 1965, sino que debemos jurar solemnemente seguir el ejemplo de Abril, defender la Patria de las botas de los soldados imperialistas y estar dispuestos a sacrificar hasta nuestras vidas, si es preciso, para preservarla\u00bb, dijo Ricardo Anglada.<\/span><\/p>\n<\/p>\n<p><span class=\"text1noticias\">Llam\u00f3 a los estudiantes a mantener vivo el ideario de Duarte, defender la Patria y luchar para lograr un pa\u00eds como Duarte lo so\u00f1\u00f3 y por el que lucharon Caama\u00f1o, Fern\u00e1ndez Dom\u00ednguez, Amaury Germ\u00e1n, Maximiliano G\u00f3mez y  Am\u00edn Abel, al tiempo que llam\u00f3 a la resistencia contra la construcci\u00f3n de la base militar yanki en La Saona.<\/span><\/p>\n<\/p>\n<p><span class=\"text1noticias\">Para finalizar la ofrenda a los h\u00e9roes de abril de 1965, cual si hiciesen un juramento, fue recitado el siguiente  pensamiento Duarte: \u00abnuestra Patria ha de ser libre e independiente de toda Potencia extranjera o se hunde la isla.  Por desesperada que sea la causa de mi Patria, siempre ser\u00e1 la causa del honor y siempre estar\u00e9 dispuesto a honrar su ense\u00f1a con mi sangre\u00bb, tras lo cual alguien de los presentes exclam\u00f3 \u00ab\u00a1Fuera yankis de Quisqueya!\u00bb, respondiendo todos los dem\u00e1s: \u00a1Fuera!(HG)<\/span>.<\/p>\n<h6> 2012-04-28 19:52:53 <\/h6>\n<p><!--\n<link rel=\"stylesheet\" href=\"css\/bootstrap.min.css\">\n\n\n<ul class=\"pagination\">\n\t    \n\t\n\n<li >\n\t<a href='?page_no=17482'>Previous<\/a>\n\t<\/li>\n\n\n       \n    \n\n<li><a href='?page_no=1'>1<\/a><\/li>\n\n\n\n<li><a href='?page_no=2'>2<\/a><\/li>\n\n\n\n<li><a>...<\/a><\/li>\n\n\n\n<li><a href='?page_no=17481'>17481<\/a><\/li>\n\n\n\n<li><a href='?page_no=17482'>17482<\/a><\/li>\n\n\n\n<li class='active'><a>17483<\/a><\/li>\n\n\n\n<li><a href='?page_no=17484'>17484<\/a><\/li>\n\n\n\n<li><a href='?page_no=17485'>17485<\/a><\/li>\n\n\n\n<li><a>...<\/a><\/li>\n\n\n\n<li><a href='?page_no=22911'>22911<\/a><\/li>\n\n\n\n<li><a href='?page_no=22912'>22912<\/a><\/li>\n\n    \n\t\n\n<li >\n\t<a href='?page_no=17484'>Next<\/a>\n\t<\/li>\n\n\n    \n\n<li><a href='?page_no=22912'>Last &rsaquo;&rsaquo;<\/a><\/li>\n\n<\/ul>\n\n\n--><br \/>\n<\/body><\/p>\n","protected":false},"excerpt":{"rendered":"<p>Rep.Dom. 28 de Abril 03:57 P.M.-El Frente Estudiantil de Liberaci\u00f3n Am\u00edn Abel (FELABEL) realiz\u00f3 una ofrenda floral en la \u00abPlaza Patri\u00f3tica H\u00e9roes de Abril\u00bb en la sede central de la UASD en Santo Domingo, al conmemorarse el 47 aniversario de la segunda intervenci\u00f3n norteamericana a Rep\u00fablica Dominicana. La ofrenda estuvo encabezada por Erick Peralta, Karina [&hellip;]<\/p>\n","protected":false},"author":3,"featured_media":0,"comment_status":"open","ping_status":"open","sticky":false,"template":"","format":"standard","meta":{"footnotes":""},"categories":[21],"tags":[],"class_list":["post-65805","post","type-post","status-publish","format-standard","hentry","category-cultura"],"_links":{"self":[{"href":"https:\/\/diariodominicano.com\/index.php?rest_route=\/wp\/v2\/posts\/65805","targetHints":{"allow":["GET"]}}],"collection":[{"href":"https:\/\/diariodominicano.com\/index.php?rest_route=\/wp\/v2\/posts"}],"about":[{"href":"https:\/\/diariodominicano.com\/index.php?rest_route=\/wp\/v2\/types\/post"}],"author":[{"embeddable":true,"href":"https:\/\/diariodominicano.com\/index.php?rest_route=\/wp\/v2\/users\/3"}],"replies":[{"embeddable":true,"href":"https:\/\/diariodominicano.com\/index.php?rest_route=%2Fwp%2Fv2%2Fcomments&post=65805"}],"version-history":[{"count":0,"href":"https:\/\/diariodominicano.com\/index.php?rest_route=\/wp\/v2\/posts\/65805\/revisions"}],"wp:attachment":[{"href":"https:\/\/diariodominicano.com\/index.php?rest_route=%2Fwp%2Fv2%2Fmedia&parent=65805"}],"wp:term":[{"taxonomy":"category","embeddable":true,"href":"https:\/\/diariodominicano.com\/index.php?rest_route=%2Fwp%2Fv2%2Fcategories&post=65805"},{"taxonomy":"post_tag","embeddable":true,"href":"https:\/\/diariodominicano.com\/index.php?rest_route=%2Fwp%2Fv2%2Ftags&post=65805"}],"curies":[{"name":"wp","href":"https:\/\/api.w.org\/{rel}","templated":true}]}}