{"id":65804,"date":"2012-04-28T20:17:22","date_gmt":"2012-04-28T20:17:22","guid":{"rendered":"http:\/\/diariodominicano.ddns.net\/?p=65804"},"modified":"2012-04-28T20:17:22","modified_gmt":"2012-04-28T20:17:22","slug":"feria-del-libro-dedica-calle-2012-a-escritora-emelda-ramos","status":"publish","type":"post","link":"https:\/\/diariodominicano.com\/?p=65804","title":{"rendered":"Feria del Libro dedica calle 2012 a escritora Emelda Ramos"},"content":{"rendered":"<p><body><\/p>\n<p><img decoding=\"async\" src=\"img3\/feria.JPG\" \/>  <\/p>\n<p><span class=\"text1noticias\">Rep.Dom. 28 de Abril 04:20 P.M.-  La XV edici\u00f3n de  Feria Internacional del Libro Santo Domingo 2012 rindi\u00f3 honor en su d\u00e9cimo d\u00eda  a la destacada Poeta, narradora, ensayista y educadora salcedense Emelda Ramos, designando con su nombre una de las calles que componen el recinto ferial.<\/span><\/p>\n<\/p>\n<p><span class=\"text1noticias\">El acto de homenaje fue presidido por el Ministro de Cultura, Jos\u00e9 Rafael Lantigua, quien estuvo acompa\u00f1ado por el Director General de la Feria del Libro, Alejandro Arvelo, Mateo Morrison viceministro de Desarrollo Institucional, Luis de Le\u00f3n viceministro de Educaci\u00f3n, Fernando Zapata director del CERLAC, Josefina Alvares subdirectora del Comisionado de Cultura en Nueva York  y  Te\u00f3filo Terrero, coordinador de la actividad.<\/span><\/p>\n<\/p>\n<p><span class=\"text1noticias\">La Tallerista Yuniris  Ram\u00edrez, del Sistema de Taller Literario del Ministerio de Cultura, ley\u00f3 la semblanza de la homenajeada del d\u00eda, en las que destac\u00f3 su contribuci\u00f3n en \u00e1rea de la literatura dominicana.<\/span><\/p>\n<\/p>\n<p><span class=\"text1noticias\">Mateo Morrison tuvo a su cargo las palabras centrales del acto. Resalt\u00f3 la formaci\u00f3n de la escritora y sus capacidades literarias \u00abpero cuando yo  me refiero a Emelda Ramos como hero\u00edna, palabra y libertad es porque ella se dio cuenta de que no solo bastaba con hacer el aporte indiscutible que ha hecho a la literatura  de este pa\u00eds, sino porque tambi\u00e9n ella deb\u00eda transmitir esos conocimientos a las nuevas generaciones\u00bb.<\/span><\/p>\n<\/p>\n<p><span class=\"text1noticias\"> Adem\u00e1s de sus dotes de escritora el  poeta Mateo Morrison, se\u00f1al\u00f3 sus cualidades de oradora \u00abEmelda Ramos adem\u00e1s de hacerle este reconocimiento por su excelente obra, por su profunda calidad humana y por sus aportes en el  plano acad\u00e9mico y de formaci\u00f3n, al o\u00edrla hablar  te das cuentas no solo que escribe bien, sino que es una hero\u00edna de Salcedo hacia el mundo, atreves de la palabras\u00bb.<\/span><\/p>\n<\/p>\n<p><span class=\"text1noticias\"> La  autora del \u00abEl despojo o por los trillos de la leyenda\u00bb, en sus palabras de agradecimiento, rese\u00f1\u00f3 la labor de Enriquillo S\u00e1nchez escritor a quien se le dedica la Feria \u00abque esta humilde persona que hoy tributan atenci\u00f3n tan inmerecida, se siente aun mas conmovida por el hecho de recibir tal tributo bajo el halo de un ser humano como Enriquillo\u00bb.<\/span><\/p>\n<\/p>\n<p><span class=\"text1noticias\"> La escritora tambi\u00e9n expres\u00f3 el amor que desde siempre ha sentido por la Feria del Libro de Santo Domingo y cont\u00f3 como desde siempre la ha visitado.<\/span><\/p>\n<\/p>\n<p><span class=\"text1noticias\">Acompa\u00f1aron a la literata en esta ocasi\u00f3n especial, su hija Ana Lorna Regalado Ramos, su  hermana Mery Ramos, el c\u00edrculo literario de la Monta\u00f1a de Jarabacoa,  el taller literario Juan Felix Pepen de Hig\u00fcey,  escritores y amigos de la homenajeada.(HG)<\/span>.<\/p>\n<\/p>\n<h6> 2012-04-28 20:17:22 <\/h6>\n<p><!--\n<link rel=\"stylesheet\" href=\"css\/bootstrap.min.css\">\n\n\n<ul class=\"pagination\">\n\t    \n\t\n\n<li >\n\t<a href='?page_no=17481'>Previous<\/a>\n\t<\/li>\n\n\n       \n    \n\n<li><a href='?page_no=1'>1<\/a><\/li>\n\n\n\n<li><a href='?page_no=2'>2<\/a><\/li>\n\n\n\n<li><a>...<\/a><\/li>\n\n\n\n<li><a href='?page_no=17480'>17480<\/a><\/li>\n\n\n\n<li><a href='?page_no=17481'>17481<\/a><\/li>\n\n\n\n<li class='active'><a>17482<\/a><\/li>\n\n\n\n<li><a href='?page_no=17483'>17483<\/a><\/li>\n\n\n\n<li><a href='?page_no=17484'>17484<\/a><\/li>\n\n\n\n<li><a>...<\/a><\/li>\n\n\n\n<li><a href='?page_no=22911'>22911<\/a><\/li>\n\n\n\n<li><a href='?page_no=22912'>22912<\/a><\/li>\n\n    \n\t\n\n<li >\n\t<a href='?page_no=17483'>Next<\/a>\n\t<\/li>\n\n\n    \n\n<li><a href='?page_no=22912'>Last &rsaquo;&rsaquo;<\/a><\/li>\n\n<\/ul>\n\n\n--><br \/>\n<\/body><\/p>\n","protected":false},"excerpt":{"rendered":"<p>Rep.Dom. 28 de Abril 04:20 P.M.- La XV edici\u00f3n de Feria Internacional del Libro Santo Domingo 2012 rindi\u00f3 honor en su d\u00e9cimo d\u00eda a la destacada Poeta, narradora, ensayista y educadora salcedense Emelda Ramos, designando con su nombre una de las calles que componen el recinto ferial. El acto de homenaje fue presidido por el [&hellip;]<\/p>\n","protected":false},"author":3,"featured_media":0,"comment_status":"open","ping_status":"open","sticky":false,"template":"","format":"standard","meta":{"footnotes":""},"categories":[21],"tags":[],"class_list":["post-65804","post","type-post","status-publish","format-standard","hentry","category-cultura"],"_links":{"self":[{"href":"https:\/\/diariodominicano.com\/index.php?rest_route=\/wp\/v2\/posts\/65804","targetHints":{"allow":["GET"]}}],"collection":[{"href":"https:\/\/diariodominicano.com\/index.php?rest_route=\/wp\/v2\/posts"}],"about":[{"href":"https:\/\/diariodominicano.com\/index.php?rest_route=\/wp\/v2\/types\/post"}],"author":[{"embeddable":true,"href":"https:\/\/diariodominicano.com\/index.php?rest_route=\/wp\/v2\/users\/3"}],"replies":[{"embeddable":true,"href":"https:\/\/diariodominicano.com\/index.php?rest_route=%2Fwp%2Fv2%2Fcomments&post=65804"}],"version-history":[{"count":0,"href":"https:\/\/diariodominicano.com\/index.php?rest_route=\/wp\/v2\/posts\/65804\/revisions"}],"wp:attachment":[{"href":"https:\/\/diariodominicano.com\/index.php?rest_route=%2Fwp%2Fv2%2Fmedia&parent=65804"}],"wp:term":[{"taxonomy":"category","embeddable":true,"href":"https:\/\/diariodominicano.com\/index.php?rest_route=%2Fwp%2Fv2%2Fcategories&post=65804"},{"taxonomy":"post_tag","embeddable":true,"href":"https:\/\/diariodominicano.com\/index.php?rest_route=%2Fwp%2Fv2%2Ftags&post=65804"}],"curies":[{"name":"wp","href":"https:\/\/api.w.org\/{rel}","templated":true}]}}