{"id":65803,"date":"2012-04-28T20:40:57","date_gmt":"2012-04-28T20:40:57","guid":{"rendered":"http:\/\/diariodominicano.ddns.net\/?p=65803"},"modified":"2012-04-28T20:40:57","modified_gmt":"2012-04-28T20:40:57","slug":"uasd-coloca-su-bandera-a-media-asta-por-aniversario-intervencion-norteamericana-del-1965","status":"publish","type":"post","link":"https:\/\/diariodominicano.com\/?p=65803","title":{"rendered":"UASD coloca su bandera a media asta por aniversario intervenci\u00f3n norteamericana del 1965&#13;"},"content":{"rendered":"<p><body><\/p>\n<p><img decoding=\"async\" src=\"http:\/\/localhost:8080\/img3\/bandera.JPG\" \/>  <\/p>\n<p><span class=\"text1noticias\">Rep.Dom. 28 de Abrir 04:45 P.M.-La Universidad Aut\u00f3noma de Santo Domingo (UASD) coloc\u00f3 su bandera a media asta, para conmemorar el 47 aniversario de la intervenci\u00f3n norteamericana en nuestro territorio, efectuada el 28 de abril de 1965.<\/span><\/p>\n<p><span class=\"text1noticias\"> <\/span><\/p>\n<p><span class=\"text1noticias\">En el acto, encabezado por el rector de la academia, maestro Mateo Aquino Febrillet, se izaron las banderas Nacional y universitaria, y se escucharon sus respectivos himnos.<\/span><\/p>\n<p><span class=\"text1noticias\"> <\/span><\/p>\n<p><span class=\"text1noticias\">Aquino Febrillet, al dirigirse  a los presentes,  se\u00f1al\u00f3 que la historia dominicana est\u00e1 formada por hitos, su soberan\u00eda y las intervenciones  de los a\u00f1os 1844, 1916 -que fue financiera-  y 1965 ?militar-, mediante la cual desembarcaron 42 mil marinos norteamericanos.<\/span><\/p>\n<p><span class=\"text1noticias\"> <\/span><\/p>\n<p><span class=\"text1noticias\">Indic\u00f3 que la  Primada de Am\u00e9rica est\u00e1 comprometida con estos hitos, los cuales  consider\u00f3  especiales, al tiempo de agregar que en otras fechas importantes, como son el 14 de Junio, el D\u00eda de la Restauraci\u00f3n y la Fundaci\u00f3n de la UASD, en octubre, se realizan investiduras ordinarias, en reconocimiento a los hombres y mujeres que participaron en estas gestas gloriosas.<\/span><\/p>\n<p><span class=\"text1noticias\"> <\/span><\/p>\n<p><span class=\"text1noticias\">El principal ejecutivo de la instituci\u00f3n acad\u00e9mica asumi\u00f3 la propuesta de la creaci\u00f3n de una  Sala  Memorial,  en donde se exhiban  objetos, materiales y videos  de los profesores, empleados y estudiantes que participaron en la Guerra de Abril, para que sirva de memoria hist\u00f3rica a la presente y futuras generaciones y aprecien la aportaci\u00f3n que hizo la Universidad del Estado trav\u00e9s de los universitarios.<\/span><\/p>\n<p><span class=\"text1noticias\"> <\/span><\/p>\n<p><span class=\"text1noticias\">De su lado, el ex rector, doctor Porfirio Garc\u00eda Fern\u00e1ndez, hizo un recuento de los profesores de la Universidad que participaron en la gesta de abril, entre los que destac\u00f3 al ex vicerrector Docente, maestro Jes\u00fas de la Rosa, a la licenciada Edith Ram\u00edrez y al profesor  Merit\u00edsimo de la Facultad de Ciencias de la Salud, doctor C\u00e9sar Mella Mej\u00eda.<\/span><\/p>\n<p><span class=\"text1noticias\"> <\/span><\/p>\n<p><span class=\"text1noticias\">Destac\u00f3 que la UASD ha estado presente en las diferentes luchas del pa\u00eds, social, pol\u00edtica y econ\u00f3mica, adem\u00e1s  lament\u00f3 que son escasas las instituciones que recuerdan este 28 de abril y los m\u00e1rtires y hero\u00ednas que ofrendaron sus vidas.<\/span><\/p>\n<p><span class=\"text1noticias\"> <\/span><\/p>\n<p><span class=\"text1noticias\">La actividad, que se realiz\u00f3 en la parte frontal del edificio de la Rector\u00eda, cont\u00f3 con la presencia, adem\u00e1s del maestro De la Rosa, el doctor Mella Mejia, la maestra Ram\u00edrez, de los miembros del Consejo Universitario,  directores de escuelas, funcionarios, profesores, empleados, estudiantes y culmin\u00f3 con  el himno de la Revoluci\u00f3n de Abril.(HG)<\/span>.<\/p>\n<h6> 2012-04-28 20:40:57 <\/h6>\n<p><!--\n<link rel=\"stylesheet\" href=\"css\/bootstrap.min.css\">\n\n\n<ul class=\"pagination\">\n\t    \n\t\n\n<li >\n\t<a href='?page_no=17480'>Previous<\/a>\n\t<\/li>\n\n\n       \n    \n\n<li><a href='?page_no=1'>1<\/a><\/li>\n\n\n\n<li><a href='?page_no=2'>2<\/a><\/li>\n\n\n\n<li><a>...<\/a><\/li>\n\n\n\n<li><a href='?page_no=17479'>17479<\/a><\/li>\n\n\n\n<li><a href='?page_no=17480'>17480<\/a><\/li>\n\n\n\n<li class='active'><a>17481<\/a><\/li>\n\n\n\n<li><a href='?page_no=17482'>17482<\/a><\/li>\n\n\n\n<li><a href='?page_no=17483'>17483<\/a><\/li>\n\n\n\n<li><a>...<\/a><\/li>\n\n\n\n<li><a href='?page_no=22911'>22911<\/a><\/li>\n\n\n\n<li><a href='?page_no=22912'>22912<\/a><\/li>\n\n    \n\t\n\n<li >\n\t<a href='?page_no=17482'>Next<\/a>\n\t<\/li>\n\n\n    \n\n<li><a href='?page_no=22912'>Last &rsaquo;&rsaquo;<\/a><\/li>\n\n<\/ul>\n\n\n--><br \/>\n<\/body><\/p>\n","protected":false},"excerpt":{"rendered":"<p>Rep.Dom. 28 de Abrir 04:45 P.M.-La Universidad Aut\u00f3noma de Santo Domingo (UASD) coloc\u00f3 su bandera a media asta, para conmemorar el 47 aniversario de la intervenci\u00f3n norteamericana en nuestro territorio, efectuada el 28 de abril de 1965. En el acto, encabezado por el rector de la academia, maestro Mateo Aquino Febrillet, se izaron las banderas [&hellip;]<\/p>\n","protected":false},"author":3,"featured_media":0,"comment_status":"open","ping_status":"open","sticky":false,"template":"","format":"standard","meta":{"footnotes":""},"categories":[21],"tags":[],"class_list":["post-65803","post","type-post","status-publish","format-standard","hentry","category-cultura"],"_links":{"self":[{"href":"https:\/\/diariodominicano.com\/index.php?rest_route=\/wp\/v2\/posts\/65803","targetHints":{"allow":["GET"]}}],"collection":[{"href":"https:\/\/diariodominicano.com\/index.php?rest_route=\/wp\/v2\/posts"}],"about":[{"href":"https:\/\/diariodominicano.com\/index.php?rest_route=\/wp\/v2\/types\/post"}],"author":[{"embeddable":true,"href":"https:\/\/diariodominicano.com\/index.php?rest_route=\/wp\/v2\/users\/3"}],"replies":[{"embeddable":true,"href":"https:\/\/diariodominicano.com\/index.php?rest_route=%2Fwp%2Fv2%2Fcomments&post=65803"}],"version-history":[{"count":0,"href":"https:\/\/diariodominicano.com\/index.php?rest_route=\/wp\/v2\/posts\/65803\/revisions"}],"wp:attachment":[{"href":"https:\/\/diariodominicano.com\/index.php?rest_route=%2Fwp%2Fv2%2Fmedia&parent=65803"}],"wp:term":[{"taxonomy":"category","embeddable":true,"href":"https:\/\/diariodominicano.com\/index.php?rest_route=%2Fwp%2Fv2%2Fcategories&post=65803"},{"taxonomy":"post_tag","embeddable":true,"href":"https:\/\/diariodominicano.com\/index.php?rest_route=%2Fwp%2Fv2%2Ftags&post=65803"}],"curies":[{"name":"wp","href":"https:\/\/api.w.org\/{rel}","templated":true}]}}